{"id":9858,"date":"2016-06-11T21:22:41","date_gmt":"2016-06-11T19:22:41","guid":{"rendered":"http:\/\/www.doppeladler.com\/da\/?p=9858"},"modified":"2016-11-02T16:50:50","modified_gmt":"2016-11-02T15:50:50","slug":"neue-heeresstruktur-geplant","status":"publish","type":"post","link":"https:\/\/www.doppeladler.com\/da\/oebh\/neue-heeresstruktur-geplant\/","title":{"rendered":"NEUE HEERESSTRUKTUR GEPLANT"},"content":{"rendered":"<p style=\"text-align: left;\"><img fetchpriority=\"high\" decoding=\"async\" class=\"aligncenter size-full wp-image-9861\" style=\"margin-top: 0px; margin-bottom: 0px;\" title=\"Bundesheer Neu \u00a9 Bundesheer\" src=\"https:\/\/www.doppeladler.com\/da\/wp-content\/uploads\/2016\/06\/title-obhneu.jpg\" alt=\"Bundesheer Neu \u00a9 Bundesheer\" width=\"540\" height=\"200\" srcset=\"https:\/\/www.doppeladler.com\/da\/wp-content\/uploads\/2016\/06\/title-obhneu.jpg 540w, https:\/\/www.doppeladler.com\/da\/wp-content\/uploads\/2016\/06\/title-obhneu-300x111.jpg 300w\" sizes=\"(max-width: 540px) 100vw, 540px\" \/><span class=\"main-img-text\">Die neue Struktur wird schlicht &#8222;Bundesheer Neu&#8220; genannt \u00a9 Bundesheer<\/span><\/p>\n<p>Die n\u00e4chste gro\u00dfe Heeresreform ist im Anrollen. Verteidigungsminister Hans-Peter Doskozil (SP\u00d6) will dem Heer seinen Stempel aufdr\u00fccken und pr\u00e4sentierte am 10. Juni 2016 seine Vorstellung vom &#8222;Bundesheer Neu&#8220;. Am 05. Juli 2016 stimmte der Ministerrat der Reorganisation zu.<\/p>\n<p>Die Landstreitkr\u00e4fte werden in Krisenreaktionskr\u00e4fte (die bisherigen Brigaden) und in Territorialkr\u00e4fte gegliedert. Das Heer wird dadurch dezentralisiert. Die Kaderpr\u00e4senzeinheiten sollen bis 2020 von 2.200 auf 6.000 Soldatinnen und Soldaten erh\u00f6ht werden.<\/p>\n<h2>KRISENREAKTIONSKR\u00c4FTE<\/h2>\n<p>Die Krisenreaktionskr\u00e4fte werden aus den bisherigen Brigaden gebildet und stark spezialisiert.<\/p>\n<p>Die <strong>7. J\u00e4gerbrigade<\/strong> (Klagenfurt) wird zur leichten Brigade. Sie ist f\u00fcr Stabilisierungseins\u00e4tze im Ausland und zur Unterst\u00fctzung von Inlandsaufgaben (Erg\u00e4nzung Kdo Schnelle Eins\u00e4tze) \u00a0vorgesehen. Die Einheiten sind luftlandef\u00e4hig (lufttransportf\u00e4hig).<\/p>\n<p>Die <strong>4. Panzergrenadierbrigade<\/strong> (H\u00f6rsching) wird zur &#8222;schweren Brigade&#8220; &#8211; hier werden alle mechanisierten Truppen &#8211; d.h. Kampfpanzer und Sch\u00fctzenpanzer &#8211; zusammengezogen. Sie ist f\u00fcr besonders robuste Aufgaben im In- und Ausland vorgesehen und f\u00fcr den F\u00e4higkeitserhalt im Bereich der schweren Waffen zust\u00e4ndig.<\/p>\n<p>Die 3. Panzergrenadierbrigade wird zum <strong>Kommando Schnelle Eins\u00e4tze<\/strong> (Mautern). Sie stellt auf Knopfdruck Einheiten f\u00fcr Eins\u00e4tze im In- und Ausland bereit und ist auf den Einsatz im urbanen Gel\u00e4nde spezialisiert. Hauptaufgabe ist die Unterst\u00fctzung der Abwehr terroristischer Bedrohungen und die Aufrechterhaltung der Sicherheit und Ordnung in einer Terrorsituation, in der mit den Sicherheitskr\u00e4ften (BMI) nicht das Auslangen gefunden wird. Die Milit\u00e4rpolizei wird daf\u00fcr ausgebaut. Die Dritte gibt somit auch die Sch\u00fctzenpanzer ab.<\/p>\n<p>Die 6. J\u00e4gerbrigade wird zum <strong>Kommando Gebirgskampf<\/strong> (Absam) und spezialisiert sich auf Eins\u00e4tze im Mittel- und Hochgebirge. Das Kdo koordiniert die Ausbildung der gebirgsbeweglichen Truppen des Bundesheeres.<\/p>\n<p style=\"text-align: center;\"><a href=\"https:\/\/www.doppeladler.com\/da\/wp-content\/uploads\/2016\/06\/krisenreaktion.jpg\" data-rel=\"penci-gallery-image-content\" ><img decoding=\"async\" class=\"aligncenter wp-image-9864\" src=\"https:\/\/www.doppeladler.com\/da\/wp-content\/uploads\/2016\/06\/krisenreaktion.jpg\" alt=\"Bundesheer Neu - Krisenreaktionskr\u00e4fte\" width=\"540\" height=\"183\" srcset=\"https:\/\/www.doppeladler.com\/da\/wp-content\/uploads\/2016\/06\/krisenreaktion.jpg 800w, https:\/\/www.doppeladler.com\/da\/wp-content\/uploads\/2016\/06\/krisenreaktion-300x102.jpg 300w, https:\/\/www.doppeladler.com\/da\/wp-content\/uploads\/2016\/06\/krisenreaktion-768x260.jpg 768w\" sizes=\"(max-width: 540px) 100vw, 540px\" \/><\/a>Bundesheer Neu &#8211; Krisenreaktionskr\u00e4fte \u00a9 Bundesheer<\/p>\n<h2>TERRITORIALKR\u00c4FTE<\/h2>\n<p>Die Territorialkr\u00e4fte werden von den neun <strong>Milit\u00e4rkommandos<\/strong> getragen. Jedem einzelnen wird ein <strong>J\u00e4gerbataillon<\/strong> unterstellt, dass in der Folge auch f\u00fcr die Ausbildung der <strong>Grundwehrdiener<\/strong> und f\u00fcr die <strong>Miliz<\/strong> verantwortlich ist &#8211; inkl. der 12 neuen Milizkompanien. Daf\u00fcr werden &#8211; erstmals nach 38 Jahren &#8211; drei neue Infanteriebataillone aufgestellt. Zwei weitere entstehen durch Reorganisation. Das Bundesheer wird dadurch wesentlich dezentralisiert.<\/p>\n<p style=\"text-align: center;\"><a href=\"https:\/\/www.doppeladler.com\/da\/wp-content\/uploads\/2016\/06\/territorial.jpg\" data-rel=\"penci-gallery-image-content\" ><img decoding=\"async\" class=\"aligncenter wp-image-9863\" src=\"https:\/\/www.doppeladler.com\/da\/wp-content\/uploads\/2016\/06\/territorial.jpg\" alt=\"Bundesheer Neu - Territorialkr\u00e4fte\" width=\"540\" height=\"258\" srcset=\"https:\/\/www.doppeladler.com\/da\/wp-content\/uploads\/2016\/06\/territorial.jpg 800w, https:\/\/www.doppeladler.com\/da\/wp-content\/uploads\/2016\/06\/territorial-300x143.jpg 300w, https:\/\/www.doppeladler.com\/da\/wp-content\/uploads\/2016\/06\/territorial-768x367.jpg 768w\" sizes=\"(max-width: 540px) 100vw, 540px\" \/><\/a>Bundesheer Neu &#8211; Territorialkr\u00e4fte \u00a9 Bundesheer<\/p>\n<h2>ZENTRALSTELLE<\/h2>\n<p>Das Ministerium selbst &#8211; die so genannte Zentralstelle &#8211; soll verschlankt werden. Weniger Sektionen und weniger Personal. Sektion I f\u00fcr Recht und Personal. Sektion II f\u00fcr die Sportagenden. Die Sektionen III f\u00fcr Bereitstellung und IV f\u00fcr Eins\u00e4tze werden dem Generalstabschef und seiner Generalstabsdirektion unterstellt.<\/p>\n<p style=\"text-align: center;\"><a href=\"https:\/\/www.doppeladler.com\/da\/wp-content\/uploads\/2016\/06\/streitkraefte.jpg\" data-rel=\"penci-gallery-image-content\" ><img loading=\"lazy\" decoding=\"async\" class=\"aligncenter wp-image-9865\" src=\"https:\/\/www.doppeladler.com\/da\/wp-content\/uploads\/2016\/06\/streitkraefte.jpg\" alt=\"Doskozils &quot;Bundesheer Neu&quot; \" width=\"540\" height=\"284\" srcset=\"https:\/\/www.doppeladler.com\/da\/wp-content\/uploads\/2016\/06\/streitkraefte.jpg 800w, https:\/\/www.doppeladler.com\/da\/wp-content\/uploads\/2016\/06\/streitkraefte-300x158.jpg 300w, https:\/\/www.doppeladler.com\/da\/wp-content\/uploads\/2016\/06\/streitkraefte-768x403.jpg 768w\" sizes=\"(max-width: 540px) 100vw, 540px\" \/><\/a>Doskozils &#8222;Bundesheer Neu&#8220; \u00a9 Bundesheer<\/p>\n<h2>DER FAHRPLAN<\/h2>\n<p>Es handelt sich um eine umfassende Neuorganisation, die der Minister nicht im Alleingang beschlie\u00dfen kann. Nach der Befassung im Nationalen Sicherheitsrat segnete am 5. Juli 2016 der Ministerrat die Reform ab. Inkrafttreten soll die neue Struktur dann im J\u00e4nner 2017.<\/p>\n<h2>EIN GROSSER WURF?<\/h2>\n<p>Laut Verteidigungsministerium sollen durch Doskozils &#8222;Bundesheer Neu&#8220; &#8222;<em>die Einsatzkr\u00e4fte gest\u00e4rkt und Abl\u00e4ufe im Heer verbessert werden. Dar\u00fcber hinaus soll nun besser auf aktuelle und erwartbare Bedrohungen reagiert werden k\u00f6nnen.<\/em>&#8220;<br \/>\nDas haben wohl alle anderen Reformer der letzten Jahrzehnte auch erreichen wollen. Zumeist wurde nach ein paar ersten (billigen) Ma\u00dfnahmen die Reform bereits von der n\u00e4chsten Umstrukturierung abgel\u00f6st.<br \/>\nOb diesmal mehr m\u00f6glich sein wird muss sich noch zeigen &#8211; dazu ist noch zu wenig bekannt. Beispielsweise kann ein Bataillon v\u00f6llig unterschiedlich aufgebaut sein &#8211; und die Organisationpl\u00e4ne (OrgPlan) der k\u00fcnftigen Einheiten sind nicht bekannt.<\/p>\n<p>Durch die Infanteriebataillone der Milit\u00e4rkommandos entstehen jedenfalls Parallelstrukturen au\u00dferhalb der bisherigen Brigaden. Das Steitkr\u00e4ftekommando wird in Kdo Land- und Kdo Luftstreitkr\u00e4fte geteilt. Das man auf diese Weise effizientere F\u00fchrungsstrukturen als derzeit aufbaut liegt nicht auf der Hand.<br \/>\nDie Spezialisierung von Einheiten ist ein interessanter Ansatz und im \u00fcbrigen wohl auch eine Folge der knappen Budgetmittel &#8211; umfassend ausger\u00fcstete und ausgebildete Verb\u00e4nde sind einfach teuerer.<br \/>\nDen Ausbau der Berufsheer-Komponente will man durch das Versprechen von Lebensanstellungen erreichen. Das ist zweifellos f\u00fcr viele BewerberInnen attraktiv, f\u00fchrt aber ebenso sicher zu \u00dcberalterung und steigenden Personalaufwand.<\/p>\n<p>Wir verweisen an dieser Stelle f\u00fcr weitere Informationen an das Infomodul auf bundesheer.at:<\/p>\n<ul>\n<li><a href=\"http:\/\/www.bundesheer.at\/archiv\/a2016\/neustrukturierung\/index2.shtml\" target=\"_blank\">Die neuen Strukturen des Bundesheeres<\/a><\/li>\n<\/ul>\n<p>PS: Das Jagdkommando kommt in obigen Darstellungen nirgends vor. Eine Aufl\u00f6sung bedeutet das jedoch nicht. Hat man wohl einfach vergessen&#8230;<\/p>\n","protected":false},"excerpt":{"rendered":"<p>Die n\u00e4chste gro\u00dfe Heeresreform ist im Anrollen. Verteidigungsminister Hans-Peter Doskozil (SP\u00d6) will dem Heer seinen Stempel aufdr\u00fccken und pr\u00e4sentierte am 10. Juni 2016 seine Vorstellung vom &#8222;Bundesheer Neu&#8220;.<\/p>\n","protected":false},"author":1,"featured_media":9861,"comment_status":"closed","ping_status":"open","sticky":false,"template":"","format":"standard","meta":{"footnotes":""},"categories":[3,9],"tags":[902,250,19],"yoast_head":"<!-- This site is optimized with the Yoast SEO plugin v23.3 - https:\/\/yoast.com\/wordpress\/plugins\/seo\/ -->\n<title>NEUE HEERESSTRUKTUR GEPLANT | DOPPELADLER.COM<\/title>\n<meta name=\"description\" content=\"Die n\u00e4chste gro\u00dfe Heeresreform ist im Anrollen. Verteidigungsminister Hans-Peter Doskozil (SP\u00d6) will dem Heer seinen Stempel aufdr\u00fccken und pr\u00e4sentierte am 10. Juni 2016 seine Vorstellung vom &quot;Bundesheer Neu&quot;.\" \/>\n<meta name=\"robots\" content=\"index, follow, max-snippet:-1, max-image-preview:large, max-video-preview:-1\" \/>\n<link rel=\"canonical\" href=\"https:\/\/www.doppeladler.com\/da\/oebh\/neue-heeresstruktur-geplant\/\" \/>\n<meta name=\"twitter:label1\" content=\"Verfasst von\" \/>\n\t<meta name=\"twitter:data1\" content=\"Doppeladler\" \/>\n\t<meta name=\"twitter:label2\" content=\"Gesch\u00e4tzte Lesezeit\" \/>\n\t<meta name=\"twitter:data2\" content=\"4\u00a0Minuten\" \/>\n<script type=\"application\/ld+json\" class=\"yoast-schema-graph\">{\"@context\":\"https:\/\/schema.org\",\"@graph\":[{\"@type\":\"WebPage\",\"@id\":\"https:\/\/www.doppeladler.com\/da\/oebh\/neue-heeresstruktur-geplant\/\",\"url\":\"https:\/\/www.doppeladler.com\/da\/oebh\/neue-heeresstruktur-geplant\/\",\"name\":\"NEUE HEERESSTRUKTUR GEPLANT | DOPPELADLER.COM\",\"isPartOf\":{\"@id\":\"https:\/\/www.doppeladler.com\/da\/#website\"},\"primaryImageOfPage\":{\"@id\":\"https:\/\/www.doppeladler.com\/da\/oebh\/neue-heeresstruktur-geplant\/#primaryimage\"},\"image\":{\"@id\":\"https:\/\/www.doppeladler.com\/da\/oebh\/neue-heeresstruktur-geplant\/#primaryimage\"},\"thumbnailUrl\":\"https:\/\/www.doppeladler.com\/da\/wp-content\/uploads\/2016\/06\/title-obhneu.jpg\",\"datePublished\":\"2016-06-11T19:22:41+00:00\",\"dateModified\":\"2016-11-02T15:50:50+00:00\",\"author\":{\"@id\":\"https:\/\/www.doppeladler.com\/da\/#\/schema\/person\/232b998b629b89b24a916becce3e9476\"},\"description\":\"Die n\u00e4chste gro\u00dfe Heeresreform ist im Anrollen. Verteidigungsminister Hans-Peter Doskozil (SP\u00d6) will dem Heer seinen Stempel aufdr\u00fccken und pr\u00e4sentierte am 10. Juni 2016 seine Vorstellung vom \\\"Bundesheer Neu\\\".\",\"breadcrumb\":{\"@id\":\"https:\/\/www.doppeladler.com\/da\/oebh\/neue-heeresstruktur-geplant\/#breadcrumb\"},\"inLanguage\":\"de\",\"potentialAction\":[{\"@type\":\"ReadAction\",\"target\":[\"https:\/\/www.doppeladler.com\/da\/oebh\/neue-heeresstruktur-geplant\/\"]}]},{\"@type\":\"ImageObject\",\"inLanguage\":\"de\",\"@id\":\"https:\/\/www.doppeladler.com\/da\/oebh\/neue-heeresstruktur-geplant\/#primaryimage\",\"url\":\"https:\/\/www.doppeladler.com\/da\/wp-content\/uploads\/2016\/06\/title-obhneu.jpg\",\"contentUrl\":\"https:\/\/www.doppeladler.com\/da\/wp-content\/uploads\/2016\/06\/title-obhneu.jpg\",\"width\":540,\"height\":200,\"caption\":\"Bundesheer Neu\"},{\"@type\":\"BreadcrumbList\",\"@id\":\"https:\/\/www.doppeladler.com\/da\/oebh\/neue-heeresstruktur-geplant\/#breadcrumb\",\"itemListElement\":[{\"@type\":\"ListItem\",\"position\":1,\"name\":\"Startseite\",\"item\":\"https:\/\/www.doppeladler.com\/da\/\"},{\"@type\":\"ListItem\",\"position\":2,\"name\":\"NEUE HEERESSTRUKTUR GEPLANT\"}]},{\"@type\":\"WebSite\",\"@id\":\"https:\/\/www.doppeladler.com\/da\/#website\",\"url\":\"https:\/\/www.doppeladler.com\/da\/\",\"name\":\"DOPPELADLER.COM\",\"description\":\"Plattform f\u00fcr \u00d6sterreichs Milit\u00e4rgeschichte\",\"potentialAction\":[{\"@type\":\"SearchAction\",\"target\":{\"@type\":\"EntryPoint\",\"urlTemplate\":\"https:\/\/www.doppeladler.com\/da\/?s={search_term_string}\"},\"query-input\":\"required name=search_term_string\"}],\"inLanguage\":\"de\"},{\"@type\":\"Person\",\"@id\":\"https:\/\/www.doppeladler.com\/da\/#\/schema\/person\/232b998b629b89b24a916becce3e9476\",\"name\":\"Doppeladler\",\"sameAs\":[\"http:\/\/www.doppeladler.com\"]}]}<\/script>\n<!-- \/ Yoast SEO plugin. -->","yoast_head_json":{"title":"NEUE HEERESSTRUKTUR GEPLANT | DOPPELADLER.COM","description":"Die n\u00e4chste gro\u00dfe Heeresreform ist im Anrollen. Verteidigungsminister Hans-Peter Doskozil (SP\u00d6) will dem Heer seinen Stempel aufdr\u00fccken und pr\u00e4sentierte am 10. Juni 2016 seine Vorstellung vom \"Bundesheer Neu\".","robots":{"index":"index","follow":"follow","max-snippet":"max-snippet:-1","max-image-preview":"max-image-preview:large","max-video-preview":"max-video-preview:-1"},"canonical":"https:\/\/www.doppeladler.com\/da\/oebh\/neue-heeresstruktur-geplant\/","twitter_misc":{"Verfasst von":"Doppeladler","Gesch\u00e4tzte Lesezeit":"4\u00a0Minuten"},"schema":{"@context":"https:\/\/schema.org","@graph":[{"@type":"WebPage","@id":"https:\/\/www.doppeladler.com\/da\/oebh\/neue-heeresstruktur-geplant\/","url":"https:\/\/www.doppeladler.com\/da\/oebh\/neue-heeresstruktur-geplant\/","name":"NEUE HEERESSTRUKTUR GEPLANT | DOPPELADLER.COM","isPartOf":{"@id":"https:\/\/www.doppeladler.com\/da\/#website"},"primaryImageOfPage":{"@id":"https:\/\/www.doppeladler.com\/da\/oebh\/neue-heeresstruktur-geplant\/#primaryimage"},"image":{"@id":"https:\/\/www.doppeladler.com\/da\/oebh\/neue-heeresstruktur-geplant\/#primaryimage"},"thumbnailUrl":"https:\/\/www.doppeladler.com\/da\/wp-content\/uploads\/2016\/06\/title-obhneu.jpg","datePublished":"2016-06-11T19:22:41+00:00","dateModified":"2016-11-02T15:50:50+00:00","author":{"@id":"https:\/\/www.doppeladler.com\/da\/#\/schema\/person\/232b998b629b89b24a916becce3e9476"},"description":"Die n\u00e4chste gro\u00dfe Heeresreform ist im Anrollen. Verteidigungsminister Hans-Peter Doskozil (SP\u00d6) will dem Heer seinen Stempel aufdr\u00fccken und pr\u00e4sentierte am 10. Juni 2016 seine Vorstellung vom \"Bundesheer Neu\".","breadcrumb":{"@id":"https:\/\/www.doppeladler.com\/da\/oebh\/neue-heeresstruktur-geplant\/#breadcrumb"},"inLanguage":"de","potentialAction":[{"@type":"ReadAction","target":["https:\/\/www.doppeladler.com\/da\/oebh\/neue-heeresstruktur-geplant\/"]}]},{"@type":"ImageObject","inLanguage":"de","@id":"https:\/\/www.doppeladler.com\/da\/oebh\/neue-heeresstruktur-geplant\/#primaryimage","url":"https:\/\/www.doppeladler.com\/da\/wp-content\/uploads\/2016\/06\/title-obhneu.jpg","contentUrl":"https:\/\/www.doppeladler.com\/da\/wp-content\/uploads\/2016\/06\/title-obhneu.jpg","width":540,"height":200,"caption":"Bundesheer Neu"},{"@type":"BreadcrumbList","@id":"https:\/\/www.doppeladler.com\/da\/oebh\/neue-heeresstruktur-geplant\/#breadcrumb","itemListElement":[{"@type":"ListItem","position":1,"name":"Startseite","item":"https:\/\/www.doppeladler.com\/da\/"},{"@type":"ListItem","position":2,"name":"NEUE HEERESSTRUKTUR GEPLANT"}]},{"@type":"WebSite","@id":"https:\/\/www.doppeladler.com\/da\/#website","url":"https:\/\/www.doppeladler.com\/da\/","name":"DOPPELADLER.COM","description":"Plattform f\u00fcr \u00d6sterreichs Milit\u00e4rgeschichte","potentialAction":[{"@type":"SearchAction","target":{"@type":"EntryPoint","urlTemplate":"https:\/\/www.doppeladler.com\/da\/?s={search_term_string}"},"query-input":"required name=search_term_string"}],"inLanguage":"de"},{"@type":"Person","@id":"https:\/\/www.doppeladler.com\/da\/#\/schema\/person\/232b998b629b89b24a916becce3e9476","name":"Doppeladler","sameAs":["http:\/\/www.doppeladler.com"]}]}},"_links":{"self":[{"href":"https:\/\/www.doppeladler.com\/da\/wp-json\/wp\/v2\/posts\/9858"}],"collection":[{"href":"https:\/\/www.doppeladler.com\/da\/wp-json\/wp\/v2\/posts"}],"about":[{"href":"https:\/\/www.doppeladler.com\/da\/wp-json\/wp\/v2\/types\/post"}],"author":[{"embeddable":true,"href":"https:\/\/www.doppeladler.com\/da\/wp-json\/wp\/v2\/users\/1"}],"replies":[{"embeddable":true,"href":"https:\/\/www.doppeladler.com\/da\/wp-json\/wp\/v2\/comments?post=9858"}],"version-history":[{"count":0,"href":"https:\/\/www.doppeladler.com\/da\/wp-json\/wp\/v2\/posts\/9858\/revisions"}],"wp:featuredmedia":[{"embeddable":true,"href":"https:\/\/www.doppeladler.com\/da\/wp-json\/wp\/v2\/media\/9861"}],"wp:attachment":[{"href":"https:\/\/www.doppeladler.com\/da\/wp-json\/wp\/v2\/media?parent=9858"}],"wp:term":[{"taxonomy":"category","embeddable":true,"href":"https:\/\/www.doppeladler.com\/da\/wp-json\/wp\/v2\/categories?post=9858"},{"taxonomy":"post_tag","embeddable":true,"href":"https:\/\/www.doppeladler.com\/da\/wp-json\/wp\/v2\/tags?post=9858"}],"curies":[{"name":"wp","href":"https:\/\/api.w.org\/{rel}","templated":true}]}}