{"id":8387,"date":"2015-05-10T08:20:30","date_gmt":"2015-05-10T06:20:30","guid":{"rendered":"http:\/\/www.doppeladler.com\/da\/?p=8387"},"modified":"2016-07-06T16:14:39","modified_gmt":"2016-07-06T14:14:39","slug":"tracker-uav-uebergeben","status":"publish","type":"post","link":"https:\/\/www.doppeladler.com\/da\/oebh\/tracker-uav-uebergeben\/","title":{"rendered":"TRACKER UAV \u00dcBERGEBEN"},"content":{"rendered":"<p>+++ Aus dem Telegraphen +++<\/p>\n<p>Am 30. April 2015 \u00fcbergab Verteidigungsminister Klug offiziell sechs TRACKER Drohnensysteme an die Heerestruppenschule in der Martin-Kaserne in Eisenstadt.<\/p>\n<p style=\"text-align: center;\"><a href=\"https:\/\/www.doppeladler.com\/da\/wp-content\/uploads\/2015\/05\/1UTI-1.jpg\" data-rel=\"penci-gallery-image-content\" ><img fetchpriority=\"high\" decoding=\"async\" class=\"aligncenter wp-image-8393 size-medium\" style=\"margin-top: 0px; margin-bottom: 0px;\" src=\"https:\/\/www.doppeladler.com\/da\/wp-content\/uploads\/2015\/05\/1UTI-1-300x283.jpg\" alt=\"Verteidigungsminister Klug \u00fcbergibt TRACKER 1U-TI \u00a9 Bundesheer\" width=\"300\" height=\"283\" srcset=\"https:\/\/www.doppeladler.com\/da\/wp-content\/uploads\/2015\/05\/1UTI-1-300x283.jpg 300w, https:\/\/www.doppeladler.com\/da\/wp-content\/uploads\/2015\/05\/1UTI-1.jpg 635w\" sizes=\"(max-width: 300px) 100vw, 300px\" \/><\/a><span class=\"main-img-text\">Foto von der offiziellen \u00dcbergabe \u00a9 Bundesheer<\/span><\/p>\n<p>Die Anschaffungskosten belaufen sich auf drei Millionen Euro und umfassen die erforderlichen Ersatzteile, Zubeh\u00f6r sowie die Ausbildung der insgesamt 16 Experten, die das Aufkl\u00e4rungssystem bedienen (von Heerestruppenschule, der Aufkl\u00e4rungs- und Artillerie\u00adbataillone 3, 4 und 7 sowie Jagdkommando).<\/p>\n<p>Bereits am 4. Februar 2015 sind die ersten Drohnensysteme am Fliegerhorst Brumowski in Langenlebarn eingetroffen. Seither wurde Personal eingeschult, die Qualit\u00e4t der angelieferten Systeme gepr\u00fcft und andere Formalit\u00e4ten erledigt. Eine dieser Formalit\u00e4ten war die Zulassung der Drohnen als Milit\u00e4rluftfahrzeuge. Die TRACKER erhalten daher auch eine milit\u00e4rische Kennung &#8211; zu sehen waren 1U-TH und 1U-TI. Wurden alle sechs Systeme wie geplant mit je drei Drohnen ausgestattet, so lauten ihre Kennungen 1U-TA bis 1U-TR.<\/p>\n<div id=\"penci-post-gallery__95077\" class=\"penci-post-gallery-container justified column-3\" data-height=\"150\" data-margin=\"3\"><a class=\"penci-gallery-ite item-gallery-justified\" href=\"https:\/\/www.doppeladler.com\/da\/wp-content\/uploads\/2015\/05\/feb15-1.jpg\" data-cap=\"Am 04.02.2015 trafen die ersten Drohnen in Langenlebarn ein \u00a9 Bundesheer\"><img decoding=\"async\" src=\"https:\/\/www.doppeladler.com\/da\/wp-content\/uploads\/2015\/05\/feb15-1.jpg\" alt=\"Am 04.02.2015 trafen die ersten Drohnen in Langenlebarn ein \u00a9 Bundesheer\" title=\"Am 04.02.2015 trafen die ersten Drohnen in Langenlebarn ein \u00a9 Bundesheer\"><\/a><a class=\"penci-gallery-ite item-gallery-justified\" href=\"https:\/\/www.doppeladler.com\/da\/wp-content\/uploads\/2015\/05\/4002-2.jpg\" data-cap=\"Kurz darauf war die erste TRACKER zusammengebaut \u00a9 Bundesheer\"><img decoding=\"async\" src=\"https:\/\/www.doppeladler.com\/da\/wp-content\/uploads\/2015\/05\/4002-2.jpg\" alt=\"Kurz darauf war die erste TRACKER zusammengebaut \u00a9 Bundesheer\" title=\"Kurz darauf war die erste TRACKER zusammengebaut \u00a9 Bundesheer\"><\/a><a class=\"penci-gallery-ite item-gallery-justified\" href=\"https:\/\/www.doppeladler.com\/da\/wp-content\/uploads\/2015\/05\/1UTH-1.jpg\" data-cap=\"TRACKER 1U-TH bei der \u00dcbergabe am 30.04.2015 \u00a9 Bundesheer\"><img decoding=\"async\" src=\"https:\/\/www.doppeladler.com\/da\/wp-content\/uploads\/2015\/05\/1UTH-1.jpg\" alt=\"TRACKER 1U-TH bei der \u00dcbergabe am 30.04.2015 \u00a9 Bundesheer\" title=\"TRACKER 1U-TH bei der \u00dcbergabe am 30.04.2015 \u00a9 Bundesheer\"><\/a><a class=\"penci-gallery-ite item-gallery-justified\" href=\"https:\/\/www.doppeladler.com\/da\/wp-content\/uploads\/2015\/05\/durabook.jpg\" data-cap=\"Kontrollstation \u00a9 Bundesheer\"><img decoding=\"async\" src=\"https:\/\/www.doppeladler.com\/da\/wp-content\/uploads\/2015\/05\/durabook.jpg\" alt=\"Kontrollstation \u00a9 Bundesheer\" title=\"Kontrollstation \u00a9 Bundesheer\"><\/a><a class=\"penci-gallery-ite item-gallery-justified\" href=\"https:\/\/www.doppeladler.com\/da\/wp-content\/uploads\/2015\/05\/1UTI-2.jpg\" data-cap=\"TRACKER 1U-TI bei der \u00dcbergabe am 30.04.2015 \u00a9 Bundesheer\"><img decoding=\"async\" src=\"https:\/\/www.doppeladler.com\/da\/wp-content\/uploads\/2015\/05\/1UTI-2.jpg\" alt=\"TRACKER 1U-TI bei der \u00dcbergabe am 30.04.2015 \u00a9 Bundesheer\" title=\"TRACKER 1U-TI bei der \u00dcbergabe am 30.04.2015 \u00a9 Bundesheer\"><\/a><\/div>\n<p>Die TRACKER 120 UAV \/ UAS wurde von SurveyCopter, einem franz\u00f6sischen Tochterunternehmen von Airbus Defence and Space, entwickelt. Die Drohnen haben wir in unserem Beitrag <a title=\"TRACKER UAV F\u00dcR DAS HEER\" href=\"https:\/\/www.doppeladler.com\/da\/oebh\/tracker-uav-fuer-heer\/\">TRACKER UAV F\u00dcR DAS HEER<\/a> vom 31. Oktober 2013 ausf\u00fchrlich vorgestellt. Am Datum sieht man auch, dass die Einf\u00fchrung bisher nicht wirklich rund gelaufen ist. F\u00fcr entstandene Verz\u00f6gerungen auf Herstellerseite wurden Strafzahlungen (P\u00f6nalen) f\u00e4llig.<\/p>\n<p><strong>Weiterf\u00fchrende Links:<\/strong><\/p>\n<ul>\n<li><a title=\"TRACKER UAV F\u00dcR DAS HEER\" href=\"https:\/\/www.doppeladler.com\/da\/oebh\/tracker-uav-fuer-heer\/\">Tracker UAV f\u00fcr das Heer, DOPPELADLER.COM<\/a><\/li>\n<li><a href=\"http:\/\/www.bundesheer.at\/cms\/artikel.php?ID=7706\">Verteidigungsminister Klug \u00fcbergibt neue Drohnensysteme an Heerestruppenschule, bundesheer.at<\/a><\/li>\n<\/ul>\n","protected":false},"excerpt":{"rendered":"<p>Am 30. April 2015 \u00fcbergab Verteidigungsminister Klug offiziell sechs TRACKER Nahbereichs-Drohnensysteme von Airbus Defense and Space \/ SurveyCopter an die Heerestruppenschule in der Martin-Kaserne in Eisenstadt.<\/p>\n","protected":false},"author":1,"featured_media":8394,"comment_status":"closed","ping_status":"open","sticky":false,"template":"","format":"standard","meta":{"footnotes":""},"categories":[3,9],"tags":[825,430,425,615,878,877],"yoast_head":"<!-- This site is optimized with the Yoast SEO plugin v23.3 - https:\/\/yoast.com\/wordpress\/plugins\/seo\/ -->\n<title>TRACKER UAV \u00dcBERGEBEN | DOPPELADLER.COM<\/title>\n<meta name=\"description\" content=\"Am 30. April 2015 \u00fcbergab Verteidigungsminister Klug offiziell sechs TRACKER Drohnensysteme an die Heerestruppenschule in der Martin-Kaserne in Eisenstadt.\" \/>\n<meta name=\"robots\" content=\"index, follow, max-snippet:-1, max-image-preview:large, max-video-preview:-1\" \/>\n<link rel=\"canonical\" href=\"https:\/\/www.doppeladler.com\/da\/oebh\/tracker-uav-uebergeben\/\" \/>\n<meta name=\"twitter:label1\" content=\"Verfasst von\" \/>\n\t<meta name=\"twitter:data1\" content=\"Doppeladler\" \/>\n\t<meta name=\"twitter:label2\" content=\"Gesch\u00e4tzte Lesezeit\" \/>\n\t<meta name=\"twitter:data2\" content=\"1\u00a0Minute\" \/>\n<script type=\"application\/ld+json\" class=\"yoast-schema-graph\">{\"@context\":\"https:\/\/schema.org\",\"@graph\":[{\"@type\":\"WebPage\",\"@id\":\"https:\/\/www.doppeladler.com\/da\/oebh\/tracker-uav-uebergeben\/\",\"url\":\"https:\/\/www.doppeladler.com\/da\/oebh\/tracker-uav-uebergeben\/\",\"name\":\"TRACKER UAV \u00dcBERGEBEN | DOPPELADLER.COM\",\"isPartOf\":{\"@id\":\"https:\/\/www.doppeladler.com\/da\/#website\"},\"primaryImageOfPage\":{\"@id\":\"https:\/\/www.doppeladler.com\/da\/oebh\/tracker-uav-uebergeben\/#primaryimage\"},\"image\":{\"@id\":\"https:\/\/www.doppeladler.com\/da\/oebh\/tracker-uav-uebergeben\/#primaryimage\"},\"thumbnailUrl\":\"https:\/\/www.doppeladler.com\/da\/wp-content\/uploads\/2015\/05\/title_tracker.jpg\",\"datePublished\":\"2015-05-10T06:20:30+00:00\",\"dateModified\":\"2016-07-06T14:14:39+00:00\",\"author\":{\"@id\":\"https:\/\/www.doppeladler.com\/da\/#\/schema\/person\/232b998b629b89b24a916becce3e9476\"},\"description\":\"Am 30. April 2015 \u00fcbergab Verteidigungsminister Klug offiziell sechs TRACKER Drohnensysteme an die Heerestruppenschule in der Martin-Kaserne in Eisenstadt.\",\"breadcrumb\":{\"@id\":\"https:\/\/www.doppeladler.com\/da\/oebh\/tracker-uav-uebergeben\/#breadcrumb\"},\"inLanguage\":\"de\",\"potentialAction\":[{\"@type\":\"ReadAction\",\"target\":[\"https:\/\/www.doppeladler.com\/da\/oebh\/tracker-uav-uebergeben\/\"]}]},{\"@type\":\"ImageObject\",\"inLanguage\":\"de\",\"@id\":\"https:\/\/www.doppeladler.com\/da\/oebh\/tracker-uav-uebergeben\/#primaryimage\",\"url\":\"https:\/\/www.doppeladler.com\/da\/wp-content\/uploads\/2015\/05\/title_tracker.jpg\",\"contentUrl\":\"https:\/\/www.doppeladler.com\/da\/wp-content\/uploads\/2015\/05\/title_tracker.jpg\",\"width\":540,\"height\":200,\"caption\":\"TRACKER UAV von Airbus \/ SurveyCopter \u00a9 Bundesheer\"},{\"@type\":\"BreadcrumbList\",\"@id\":\"https:\/\/www.doppeladler.com\/da\/oebh\/tracker-uav-uebergeben\/#breadcrumb\",\"itemListElement\":[{\"@type\":\"ListItem\",\"position\":1,\"name\":\"Startseite\",\"item\":\"https:\/\/www.doppeladler.com\/da\/\"},{\"@type\":\"ListItem\",\"position\":2,\"name\":\"TRACKER UAV \u00dcBERGEBEN\"}]},{\"@type\":\"WebSite\",\"@id\":\"https:\/\/www.doppeladler.com\/da\/#website\",\"url\":\"https:\/\/www.doppeladler.com\/da\/\",\"name\":\"DOPPELADLER.COM\",\"description\":\"Plattform f\u00fcr \u00d6sterreichs Milit\u00e4rgeschichte\",\"potentialAction\":[{\"@type\":\"SearchAction\",\"target\":{\"@type\":\"EntryPoint\",\"urlTemplate\":\"https:\/\/www.doppeladler.com\/da\/?s={search_term_string}\"},\"query-input\":\"required name=search_term_string\"}],\"inLanguage\":\"de\"},{\"@type\":\"Person\",\"@id\":\"https:\/\/www.doppeladler.com\/da\/#\/schema\/person\/232b998b629b89b24a916becce3e9476\",\"name\":\"Doppeladler\",\"sameAs\":[\"http:\/\/www.doppeladler.com\"]}]}<\/script>\n<!-- \/ Yoast SEO plugin. -->","yoast_head_json":{"title":"TRACKER UAV \u00dcBERGEBEN | DOPPELADLER.COM","description":"Am 30. April 2015 \u00fcbergab Verteidigungsminister Klug offiziell sechs TRACKER Drohnensysteme an die Heerestruppenschule in der Martin-Kaserne in Eisenstadt.","robots":{"index":"index","follow":"follow","max-snippet":"max-snippet:-1","max-image-preview":"max-image-preview:large","max-video-preview":"max-video-preview:-1"},"canonical":"https:\/\/www.doppeladler.com\/da\/oebh\/tracker-uav-uebergeben\/","twitter_misc":{"Verfasst von":"Doppeladler","Gesch\u00e4tzte Lesezeit":"1\u00a0Minute"},"schema":{"@context":"https:\/\/schema.org","@graph":[{"@type":"WebPage","@id":"https:\/\/www.doppeladler.com\/da\/oebh\/tracker-uav-uebergeben\/","url":"https:\/\/www.doppeladler.com\/da\/oebh\/tracker-uav-uebergeben\/","name":"TRACKER UAV \u00dcBERGEBEN | DOPPELADLER.COM","isPartOf":{"@id":"https:\/\/www.doppeladler.com\/da\/#website"},"primaryImageOfPage":{"@id":"https:\/\/www.doppeladler.com\/da\/oebh\/tracker-uav-uebergeben\/#primaryimage"},"image":{"@id":"https:\/\/www.doppeladler.com\/da\/oebh\/tracker-uav-uebergeben\/#primaryimage"},"thumbnailUrl":"https:\/\/www.doppeladler.com\/da\/wp-content\/uploads\/2015\/05\/title_tracker.jpg","datePublished":"2015-05-10T06:20:30+00:00","dateModified":"2016-07-06T14:14:39+00:00","author":{"@id":"https:\/\/www.doppeladler.com\/da\/#\/schema\/person\/232b998b629b89b24a916becce3e9476"},"description":"Am 30. April 2015 \u00fcbergab Verteidigungsminister Klug offiziell sechs TRACKER Drohnensysteme an die Heerestruppenschule in der Martin-Kaserne in Eisenstadt.","breadcrumb":{"@id":"https:\/\/www.doppeladler.com\/da\/oebh\/tracker-uav-uebergeben\/#breadcrumb"},"inLanguage":"de","potentialAction":[{"@type":"ReadAction","target":["https:\/\/www.doppeladler.com\/da\/oebh\/tracker-uav-uebergeben\/"]}]},{"@type":"ImageObject","inLanguage":"de","@id":"https:\/\/www.doppeladler.com\/da\/oebh\/tracker-uav-uebergeben\/#primaryimage","url":"https:\/\/www.doppeladler.com\/da\/wp-content\/uploads\/2015\/05\/title_tracker.jpg","contentUrl":"https:\/\/www.doppeladler.com\/da\/wp-content\/uploads\/2015\/05\/title_tracker.jpg","width":540,"height":200,"caption":"TRACKER UAV von Airbus \/ SurveyCopter \u00a9 Bundesheer"},{"@type":"BreadcrumbList","@id":"https:\/\/www.doppeladler.com\/da\/oebh\/tracker-uav-uebergeben\/#breadcrumb","itemListElement":[{"@type":"ListItem","position":1,"name":"Startseite","item":"https:\/\/www.doppeladler.com\/da\/"},{"@type":"ListItem","position":2,"name":"TRACKER UAV \u00dcBERGEBEN"}]},{"@type":"WebSite","@id":"https:\/\/www.doppeladler.com\/da\/#website","url":"https:\/\/www.doppeladler.com\/da\/","name":"DOPPELADLER.COM","description":"Plattform f\u00fcr \u00d6sterreichs Milit\u00e4rgeschichte","potentialAction":[{"@type":"SearchAction","target":{"@type":"EntryPoint","urlTemplate":"https:\/\/www.doppeladler.com\/da\/?s={search_term_string}"},"query-input":"required name=search_term_string"}],"inLanguage":"de"},{"@type":"Person","@id":"https:\/\/www.doppeladler.com\/da\/#\/schema\/person\/232b998b629b89b24a916becce3e9476","name":"Doppeladler","sameAs":["http:\/\/www.doppeladler.com"]}]}},"_links":{"self":[{"href":"https:\/\/www.doppeladler.com\/da\/wp-json\/wp\/v2\/posts\/8387"}],"collection":[{"href":"https:\/\/www.doppeladler.com\/da\/wp-json\/wp\/v2\/posts"}],"about":[{"href":"https:\/\/www.doppeladler.com\/da\/wp-json\/wp\/v2\/types\/post"}],"author":[{"embeddable":true,"href":"https:\/\/www.doppeladler.com\/da\/wp-json\/wp\/v2\/users\/1"}],"replies":[{"embeddable":true,"href":"https:\/\/www.doppeladler.com\/da\/wp-json\/wp\/v2\/comments?post=8387"}],"version-history":[{"count":0,"href":"https:\/\/www.doppeladler.com\/da\/wp-json\/wp\/v2\/posts\/8387\/revisions"}],"wp:featuredmedia":[{"embeddable":true,"href":"https:\/\/www.doppeladler.com\/da\/wp-json\/wp\/v2\/media\/8394"}],"wp:attachment":[{"href":"https:\/\/www.doppeladler.com\/da\/wp-json\/wp\/v2\/media?parent=8387"}],"wp:term":[{"taxonomy":"category","embeddable":true,"href":"https:\/\/www.doppeladler.com\/da\/wp-json\/wp\/v2\/categories?post=8387"},{"taxonomy":"post_tag","embeddable":true,"href":"https:\/\/www.doppeladler.com\/da\/wp-json\/wp\/v2\/tags?post=8387"}],"curies":[{"name":"wp","href":"https:\/\/api.w.org\/{rel}","templated":true}]}}