{"id":8072,"date":"2015-03-30T20:55:47","date_gmt":"2015-03-30T18:55:47","guid":{"rendered":"http:\/\/www.doppeladler.com\/da\/?p=8072"},"modified":"2016-07-06T16:42:44","modified_gmt":"2016-07-06T14:42:44","slug":"heeres-hubschrauber-fuer-cobra","status":"publish","type":"post","link":"https:\/\/www.doppeladler.com\/da\/oebh\/heeres-hubschrauber-fuer-cobra\/","title":{"rendered":"HEERES-HUBSCHRAUBER F\u00dcR COBRA"},"content":{"rendered":"<p><img fetchpriority=\"high\" decoding=\"async\" class=\"aligncenter wp-image-8078 size-full\" style=\"margin-top: 0px; margin-bottom: 0px;\" title=\"Agusta Bell AB-212 \u00a9 Doppeladler.com\" src=\"https:\/\/www.doppeladler.com\/da\/wp-content\/uploads\/2015\/03\/title-polizeiheli.jpg\" alt=\"Agusta Bell AB-212 \u00a9 Doppeladler.com\" width=\"540\" height=\"200\" srcset=\"https:\/\/www.doppeladler.com\/da\/wp-content\/uploads\/2015\/03\/title-polizeiheli.jpg 540w, https:\/\/www.doppeladler.com\/da\/wp-content\/uploads\/2015\/03\/title-polizeiheli-300x111.jpg 300w\" sizes=\"(max-width: 540px) 100vw, 540px\" \/><span class=\"main-img-text\">Agusta Bell AB-212 \u00a9 Doppeladler.com<\/span><\/p>\n<p>Nach den Terroranschl\u00e4gen in Paris hatte sich die Bundesregierung Anfang 2015 auf ein etwa 260 Mio. Euro schweres Sicherheitspaket geeinigt, um die Polizei besser auf terroristische Bedrohungen vorzubereiten. Besondere Aufmerksamkeit erregte die Idee von Innenministerin Mikl-Leitner zur Beschaffung von &#8222;gepanzerten&#8220; Transporthubschraubern f\u00fcr das Einsatzkommando Cobra. Eine Diskussion um die Sinnhaftigkeit einer derart teuren Beschaffung entbrannte.<\/p>\n<p>Am 24.03.2015 wurde ein Verwaltungs\u00fcbereinkommen zwischen dem Innen- und dem Verteidigungsministerium unterzeichnet, dass die Bereitstellung von Heeres-Hubschraubern und Panzerfahrzeugen f\u00fcr die Polizei regelt.<\/p>\n<h2>L\u00d6SUNG F\u00dcR PLANBARE EREIGNISSE<\/h2>\n<p>Bei <strong>planbaren<\/strong> <strong>Ereignissen<\/strong> &#8211; wie etwa ein kritischer Staatsbesuch oder eine Gro\u00dfveranstaltung &#8211; kann das Einsatzkommando Cobra k\u00fcnftig zwei mittlere Transporthubschrauber des Bundesheeres anfordern.<\/p>\n<p style=\"text-align: center;\"><a href=\"https:\/\/www.doppeladler.com\/da\/wp-content\/uploads\/2015\/03\/ab-212-1.jpg\" data-rel=\"penci-gallery-image-content\" ><img decoding=\"async\" class=\"aligncenter size-medium wp-image-8075\" style=\"margin-top: 0px; margin-bottom: 0px;\" src=\"https:\/\/www.doppeladler.com\/da\/wp-content\/uploads\/2015\/03\/ab-212-1-300x225.jpg\" alt=\"Agusta Bell AB-212 bei einer Luftlandung \u00a9 Doppeladler.com\" width=\"300\" height=\"225\" srcset=\"https:\/\/www.doppeladler.com\/da\/wp-content\/uploads\/2015\/03\/ab-212-1-300x225.jpg 300w, https:\/\/www.doppeladler.com\/da\/wp-content\/uploads\/2015\/03\/ab-212-1.jpg 800w\" sizes=\"(max-width: 300px) 100vw, 300px\" \/><\/a>Agusta Bell AB-212 bei einer Luftlandung \u00a9 Doppeladler.com<\/p>\n<p>Bei normaler Sicherheitslage stehen die beiden Hubschrauber innerhalb von zwei bis sechs Stunden auf den Cobra-St\u00fctzpunkten Wiener Neustadt oder Innsbruck bereit. Bei erh\u00f6hter Bedrohung wird die Bereitschaft auf eine Stunde herabgesetzt. Bei sehr hoher Bedrohung werden Heeres-Hubschrauber samt Besatzung exklusiv f\u00fcr die Polizei bereitgehalten, um innerhalb von 15 Minuten abheben zu k\u00f6nnen. Diese h\u00f6chste Stufe kann derzeit pro Jahr f\u00fcr maximal zwei Wochen gew\u00e4hrleistet werden.<\/p>\n<p>Da ein Hubschrauber ein achtk\u00f6pfiges Einsatzteam der Cobra samt Ausr\u00fcstung transportieren und einen gewissen ballistischen Schutz aufweisen soll, kommen daf\u00fcr nur die Typen Sikorsky S-70A-42 Black Hawk und Agusta Bell AB-212 in Frage. Letztere werden derzeit (unabh\u00e4ngig vom \u00dcbereinkommen) einem Aufr\u00fcstungsprogramm unterzogen und f\u00fcr Nachtfl\u00fcge vorbereitet.<\/p>\n<p>Mit den Hubschraubern sichert sich das Innenministerium (BMI) nat\u00fcrlich auch den Zugriff auf die Besatzungen, die beim Heer in der Zusammenarbeit mit Spezialeinsatzkr\u00e4ften bestens geschult werden.<\/p>\n<h2>BMI BESTEHT AUF EIGENE HUBSCHRAUBER<\/h2>\n<p>Ausdr\u00fccklich festgehalten wird, dass das BMI in der Zusammenarbeit mit dem Verteidigungsressort keine L\u00f6sung f\u00fcr &#8222;ad-hoc Lagen&#8220; sieht. Ministerin Mikl-Leitner besteht aus diesem Grund weiterhin auf eigene Hubschrauber.<\/p>\n<p>Konkret sollen zwei kleinere Hubschrauber, die laut Angaben des BMI ohnehin ausgemustert werden w\u00fcrden, weil sie schon \u00fcber 25 Jahre alt sind, durch zwei mittlere Transporthubschrauber ersetzt werden. Diese sollen \u201eso rasch als m\u00f6glich\u201c angeschafft werden, hie\u00df es aus dem Innenressort.<\/p>\n<p>Derzeit betreibt das BMI insgesamt 16 Hubschrauber:<\/p>\n<ul>\n<li>7x Eurocopter EC135 P2+ (Airbus Helicopters H135), davon 4x mit FLIR ausger\u00fcstet. 1-2 Piloten + 6 Passagiere (ohne FLIR)<\/li>\n<li>1x Bell 206 B Jet Ranger; Pilot + 4 Personen<\/li>\n<li>4x Ecureuil AS 350 B1; Pilot + 5 Personen<\/li>\n<li>2x Ecureuil AS 355 N; Pilot + 5 Personen<\/li>\n<li>2x Ecureuil AS 355 F2; Pilot + 5 Personen<\/li>\n<\/ul>\n<p>Die beiden AS 355 F2 mit den Kennungen OE-BXU und OE-BXW d\u00fcrften wohl f\u00fcr die Abl\u00f6se vorgesehen sein.<\/p>\n<p>Die Ausstattung der Polizei mit mittleren Transporthubschraubern ist ein <strong>Presitgeprojekt der Innenministerin<\/strong>. Mit sachlichen Argumenten ist diese Beschaffung schwer zu begr\u00fcnden. F\u00fcr einen 24\/7 Betrieb sind zwei Hubschrauber aufgrund von Wartungsereignissen und des Trainingsbedarfes nicht ausreichend. Wom\u00f6glich sind die beiden maschinen auch noch an unterschiedlichen Standorten stationiert, um das gesamte Bundesgebiet abdecken zu k\u00f6nnen. Die Anschaffungs- und insbesondere Betriebskosten sind enorm, wenn man sich nicht an bestehenden Typen des Bundesheeres orientieren kann und sich nicht zumindest teilweise die erforderliche Logistik teilt. Dazu kommt noch die aufw\u00e4ndige Ausbildung der Hubschrauber-Besatzungen f\u00fcr Tag- und Nachteins\u00e4tze sowie f\u00fcr die speziellen Einsatzverfahren zur Zusammenarbeit mit Spezialeinheiten wie der Cobra. Wesentlich effizienter w\u00e4re es, <strong>dem Heer<\/strong> diese zus\u00e4tzlichen <strong>Kapazit\u00e4ten zur Verf\u00fcgung zu stellen<\/strong> und daf\u00fcr die Bereitschaftszeiten herabzusetzen.<\/p>\n<p style=\"text-align: center;\"><a href=\"https:\/\/www.doppeladler.com\/da\/wp-content\/uploads\/2015\/03\/jakdo-21.jpg\" data-rel=\"penci-gallery-image-content\" ><img decoding=\"async\" class=\"aligncenter size-medium wp-image-8076\" style=\"margin-top: 0px; margin-bottom: 0px;\" src=\"https:\/\/www.doppeladler.com\/da\/wp-content\/uploads\/2015\/03\/jakdo-21-300x225.jpg\" alt=\"Black Hawk setzt Spezialeinsatzkr\u00e4fte ab \u00a9 Doppeladler.com\" width=\"300\" height=\"225\" srcset=\"https:\/\/www.doppeladler.com\/da\/wp-content\/uploads\/2015\/03\/jakdo-21-300x225.jpg 300w, https:\/\/www.doppeladler.com\/da\/wp-content\/uploads\/2015\/03\/jakdo-21.jpg 800w\" sizes=\"(max-width: 300px) 100vw, 300px\" \/><\/a>Ein eingespieltes Team: S-70A Black Hawk setzt Spezialeinsatzkr\u00e4fte des Jagdkommandos ab \u00a9 Doppeladler.com<\/p>\n<h2>PANZERFAHRZEUGE<\/h2>\n<p>In dem Verwaltungs\u00fcbereinkommen wird auch die Bereitstellung gepanzerter Fahrzeuge des Bundesheeres geregelt. Panzerschutz braucht die Polizei zum Beispiel zur Ann\u00e4herung zum Einsatzort, R\u00e4umen von Sperren oder Evakuieren von Personen. Die bei Annaberg zur Ann\u00e4herung an den Bauernhof eingesetzten Sch\u00fctzenpanzer SPz A1 &#8222;Saurer&#8220; sind mittlerweile au\u00dfer Dienst gestellt worden. Infrage kommen daher vor allem der Mannschaftstransporter Pandur oder das Allschutztransportfahrzeug Dingo.<\/p>\n<p>Auch hier denkt das BMI zus\u00e4tzlich an eigenes Ger\u00e4t: drei &#8222;gepanzerte SUV&#8220; und zwei &#8222;gepanzerte Spezialtransporter&#8220; sollen beschafft werden.<\/p>\n<h2>GEMEINSAME \u00dcBUNGEN<\/h2>\n<p>Damit die Zusammenarbeit im Ernstfall funktioniert sind regelm\u00e4\u00dfige \u00dcbungen zwischen Polizei und Bundesheer vorgesehen.<br \/>\nDie Abrechnung der Dienstleistungen zwischen den Ministerien erfolgt nach tats\u00e4chlichem Mehraufwand f\u00fcr \u00dcbungen, Bereitschaftszeiten und Eins\u00e4tze.<\/p>\n<p><strong>Weiterf\u00fchrende Links:<\/strong><\/p>\n<ul>\n<li><a href=\"http:\/\/www.wienerzeitung.at\/nachrichten\/oesterreich\/politik\/742445_Bundesheer-borgt-der-Polizei-Hubschrauber.html\" target=\"_blank\">Bundesheer borgt der Polizei Hubschrauber; Wiener Zeitung<\/a><\/li>\n<li><a href=\"http:\/\/www.bmi.gv.at\/cms\/BMI_Flugpolizei\/typen\/start.aspx\" target=\"_blank\">Die Hubschraubertypen der Flugpolizei im \u00dcberblick; bmi.gv.at<\/a><\/li>\n<\/ul>\n","protected":false},"excerpt":{"rendered":"<p>Ein neues Verwaltungs\u00fcbereinkommen erm\u00f6glicht es dem Einsatzkommando Cobra bei Bedarf Transporthubschrauber und Panzerfahrzeuge des Bundesheeres  anzufordern. Das Innenministerium besteht dennoch auf eigene Transporthubschrauber.<\/p>\n","protected":false},"author":1,"featured_media":8078,"comment_status":"closed","ping_status":"open","sticky":false,"template":"","format":"standard","meta":{"footnotes":""},"categories":[3,9,7],"tags":[172,814,816,538,815,316,610,313,304],"yoast_head":"<!-- This site is optimized with the Yoast SEO plugin v23.3 - https:\/\/yoast.com\/wordpress\/plugins\/seo\/ -->\n<title>HEERES-HUBSCHRAUBER F\u00dcR COBRA | DOPPELADLER.COM<\/title>\n<meta name=\"description\" content=\"Ein neues Verwaltungs\u00fcbereinkommen erm\u00f6glicht es dem Einsatzkommando Cobra Transporthubschrauber und Panzerfahrzeuge des Bundesheeres anzufordern.\" \/>\n<meta name=\"robots\" content=\"index, follow, max-snippet:-1, max-image-preview:large, max-video-preview:-1\" \/>\n<link rel=\"canonical\" href=\"https:\/\/www.doppeladler.com\/da\/oebh\/heeres-hubschrauber-fuer-cobra\/\" \/>\n<meta name=\"twitter:label1\" content=\"Verfasst von\" \/>\n\t<meta name=\"twitter:data1\" content=\"Doppeladler\" \/>\n\t<meta name=\"twitter:label2\" content=\"Gesch\u00e4tzte Lesezeit\" \/>\n\t<meta name=\"twitter:data2\" content=\"4\u00a0Minuten\" \/>\n<script type=\"application\/ld+json\" class=\"yoast-schema-graph\">{\"@context\":\"https:\/\/schema.org\",\"@graph\":[{\"@type\":\"WebPage\",\"@id\":\"https:\/\/www.doppeladler.com\/da\/oebh\/heeres-hubschrauber-fuer-cobra\/\",\"url\":\"https:\/\/www.doppeladler.com\/da\/oebh\/heeres-hubschrauber-fuer-cobra\/\",\"name\":\"HEERES-HUBSCHRAUBER F\u00dcR COBRA | DOPPELADLER.COM\",\"isPartOf\":{\"@id\":\"https:\/\/www.doppeladler.com\/da\/#website\"},\"primaryImageOfPage\":{\"@id\":\"https:\/\/www.doppeladler.com\/da\/oebh\/heeres-hubschrauber-fuer-cobra\/#primaryimage\"},\"image\":{\"@id\":\"https:\/\/www.doppeladler.com\/da\/oebh\/heeres-hubschrauber-fuer-cobra\/#primaryimage\"},\"thumbnailUrl\":\"https:\/\/www.doppeladler.com\/da\/wp-content\/uploads\/2015\/03\/title-polizeiheli.jpg\",\"datePublished\":\"2015-03-30T18:55:47+00:00\",\"dateModified\":\"2016-07-06T14:42:44+00:00\",\"author\":{\"@id\":\"https:\/\/www.doppeladler.com\/da\/#\/schema\/person\/232b998b629b89b24a916becce3e9476\"},\"description\":\"Ein neues Verwaltungs\u00fcbereinkommen erm\u00f6glicht es dem Einsatzkommando Cobra Transporthubschrauber und Panzerfahrzeuge des Bundesheeres anzufordern.\",\"breadcrumb\":{\"@id\":\"https:\/\/www.doppeladler.com\/da\/oebh\/heeres-hubschrauber-fuer-cobra\/#breadcrumb\"},\"inLanguage\":\"de\",\"potentialAction\":[{\"@type\":\"ReadAction\",\"target\":[\"https:\/\/www.doppeladler.com\/da\/oebh\/heeres-hubschrauber-fuer-cobra\/\"]}]},{\"@type\":\"ImageObject\",\"inLanguage\":\"de\",\"@id\":\"https:\/\/www.doppeladler.com\/da\/oebh\/heeres-hubschrauber-fuer-cobra\/#primaryimage\",\"url\":\"https:\/\/www.doppeladler.com\/da\/wp-content\/uploads\/2015\/03\/title-polizeiheli.jpg\",\"contentUrl\":\"https:\/\/www.doppeladler.com\/da\/wp-content\/uploads\/2015\/03\/title-polizeiheli.jpg\",\"width\":540,\"height\":200,\"caption\":\"Agusta Bell AB-212 \u00a9 Doppeladler.com\"},{\"@type\":\"BreadcrumbList\",\"@id\":\"https:\/\/www.doppeladler.com\/da\/oebh\/heeres-hubschrauber-fuer-cobra\/#breadcrumb\",\"itemListElement\":[{\"@type\":\"ListItem\",\"position\":1,\"name\":\"Startseite\",\"item\":\"https:\/\/www.doppeladler.com\/da\/\"},{\"@type\":\"ListItem\",\"position\":2,\"name\":\"HEERES-HUBSCHRAUBER F\u00dcR COBRA\"}]},{\"@type\":\"WebSite\",\"@id\":\"https:\/\/www.doppeladler.com\/da\/#website\",\"url\":\"https:\/\/www.doppeladler.com\/da\/\",\"name\":\"DOPPELADLER.COM\",\"description\":\"Plattform f\u00fcr \u00d6sterreichs Milit\u00e4rgeschichte\",\"potentialAction\":[{\"@type\":\"SearchAction\",\"target\":{\"@type\":\"EntryPoint\",\"urlTemplate\":\"https:\/\/www.doppeladler.com\/da\/?s={search_term_string}\"},\"query-input\":\"required name=search_term_string\"}],\"inLanguage\":\"de\"},{\"@type\":\"Person\",\"@id\":\"https:\/\/www.doppeladler.com\/da\/#\/schema\/person\/232b998b629b89b24a916becce3e9476\",\"name\":\"Doppeladler\",\"sameAs\":[\"http:\/\/www.doppeladler.com\"]}]}<\/script>\n<!-- \/ Yoast SEO plugin. -->","yoast_head_json":{"title":"HEERES-HUBSCHRAUBER F\u00dcR COBRA | DOPPELADLER.COM","description":"Ein neues Verwaltungs\u00fcbereinkommen erm\u00f6glicht es dem Einsatzkommando Cobra Transporthubschrauber und Panzerfahrzeuge des Bundesheeres anzufordern.","robots":{"index":"index","follow":"follow","max-snippet":"max-snippet:-1","max-image-preview":"max-image-preview:large","max-video-preview":"max-video-preview:-1"},"canonical":"https:\/\/www.doppeladler.com\/da\/oebh\/heeres-hubschrauber-fuer-cobra\/","twitter_misc":{"Verfasst von":"Doppeladler","Gesch\u00e4tzte Lesezeit":"4\u00a0Minuten"},"schema":{"@context":"https:\/\/schema.org","@graph":[{"@type":"WebPage","@id":"https:\/\/www.doppeladler.com\/da\/oebh\/heeres-hubschrauber-fuer-cobra\/","url":"https:\/\/www.doppeladler.com\/da\/oebh\/heeres-hubschrauber-fuer-cobra\/","name":"HEERES-HUBSCHRAUBER F\u00dcR COBRA | DOPPELADLER.COM","isPartOf":{"@id":"https:\/\/www.doppeladler.com\/da\/#website"},"primaryImageOfPage":{"@id":"https:\/\/www.doppeladler.com\/da\/oebh\/heeres-hubschrauber-fuer-cobra\/#primaryimage"},"image":{"@id":"https:\/\/www.doppeladler.com\/da\/oebh\/heeres-hubschrauber-fuer-cobra\/#primaryimage"},"thumbnailUrl":"https:\/\/www.doppeladler.com\/da\/wp-content\/uploads\/2015\/03\/title-polizeiheli.jpg","datePublished":"2015-03-30T18:55:47+00:00","dateModified":"2016-07-06T14:42:44+00:00","author":{"@id":"https:\/\/www.doppeladler.com\/da\/#\/schema\/person\/232b998b629b89b24a916becce3e9476"},"description":"Ein neues Verwaltungs\u00fcbereinkommen erm\u00f6glicht es dem Einsatzkommando Cobra Transporthubschrauber und Panzerfahrzeuge des Bundesheeres anzufordern.","breadcrumb":{"@id":"https:\/\/www.doppeladler.com\/da\/oebh\/heeres-hubschrauber-fuer-cobra\/#breadcrumb"},"inLanguage":"de","potentialAction":[{"@type":"ReadAction","target":["https:\/\/www.doppeladler.com\/da\/oebh\/heeres-hubschrauber-fuer-cobra\/"]}]},{"@type":"ImageObject","inLanguage":"de","@id":"https:\/\/www.doppeladler.com\/da\/oebh\/heeres-hubschrauber-fuer-cobra\/#primaryimage","url":"https:\/\/www.doppeladler.com\/da\/wp-content\/uploads\/2015\/03\/title-polizeiheli.jpg","contentUrl":"https:\/\/www.doppeladler.com\/da\/wp-content\/uploads\/2015\/03\/title-polizeiheli.jpg","width":540,"height":200,"caption":"Agusta Bell AB-212 \u00a9 Doppeladler.com"},{"@type":"BreadcrumbList","@id":"https:\/\/www.doppeladler.com\/da\/oebh\/heeres-hubschrauber-fuer-cobra\/#breadcrumb","itemListElement":[{"@type":"ListItem","position":1,"name":"Startseite","item":"https:\/\/www.doppeladler.com\/da\/"},{"@type":"ListItem","position":2,"name":"HEERES-HUBSCHRAUBER F\u00dcR COBRA"}]},{"@type":"WebSite","@id":"https:\/\/www.doppeladler.com\/da\/#website","url":"https:\/\/www.doppeladler.com\/da\/","name":"DOPPELADLER.COM","description":"Plattform f\u00fcr \u00d6sterreichs Milit\u00e4rgeschichte","potentialAction":[{"@type":"SearchAction","target":{"@type":"EntryPoint","urlTemplate":"https:\/\/www.doppeladler.com\/da\/?s={search_term_string}"},"query-input":"required name=search_term_string"}],"inLanguage":"de"},{"@type":"Person","@id":"https:\/\/www.doppeladler.com\/da\/#\/schema\/person\/232b998b629b89b24a916becce3e9476","name":"Doppeladler","sameAs":["http:\/\/www.doppeladler.com"]}]}},"_links":{"self":[{"href":"https:\/\/www.doppeladler.com\/da\/wp-json\/wp\/v2\/posts\/8072"}],"collection":[{"href":"https:\/\/www.doppeladler.com\/da\/wp-json\/wp\/v2\/posts"}],"about":[{"href":"https:\/\/www.doppeladler.com\/da\/wp-json\/wp\/v2\/types\/post"}],"author":[{"embeddable":true,"href":"https:\/\/www.doppeladler.com\/da\/wp-json\/wp\/v2\/users\/1"}],"replies":[{"embeddable":true,"href":"https:\/\/www.doppeladler.com\/da\/wp-json\/wp\/v2\/comments?post=8072"}],"version-history":[{"count":0,"href":"https:\/\/www.doppeladler.com\/da\/wp-json\/wp\/v2\/posts\/8072\/revisions"}],"wp:featuredmedia":[{"embeddable":true,"href":"https:\/\/www.doppeladler.com\/da\/wp-json\/wp\/v2\/media\/8078"}],"wp:attachment":[{"href":"https:\/\/www.doppeladler.com\/da\/wp-json\/wp\/v2\/media?parent=8072"}],"wp:term":[{"taxonomy":"category","embeddable":true,"href":"https:\/\/www.doppeladler.com\/da\/wp-json\/wp\/v2\/categories?post=8072"},{"taxonomy":"post_tag","embeddable":true,"href":"https:\/\/www.doppeladler.com\/da\/wp-json\/wp\/v2\/tags?post=8072"}],"curies":[{"name":"wp","href":"https:\/\/api.w.org\/{rel}","templated":true}]}}