{"id":6702,"date":"2014-08-04T17:50:52","date_gmt":"2014-08-04T15:50:52","guid":{"rendered":"http:\/\/www.doppeladler.com\/da\/?p=6702"},"modified":"2014-10-23T14:51:36","modified_gmt":"2014-10-23T12:51:36","slug":"figuren-2014","status":"publish","type":"post","link":"https:\/\/www.doppeladler.com\/da\/misc\/figuren-2014\/","title":{"rendered":"FIGUREN 2014 &#8211; WIENER FIGUREN-SCHAU"},"content":{"rendered":"<h2><strong><img fetchpriority=\"high\" decoding=\"async\" class=\"size-full wp-image-7509 aligncenter\" style=\"margin-top: 0px; margin-bottom: 0px;\" title=\"FIGUREN 2014 - Wiener Figuren-Schau\" src=\"https:\/\/www.doppeladler.com\/da\/wp-content\/uploads\/2013\/10\/title-figuren.jpg\" alt=\"FIGUREN 2014 - Wiener Figuren-Schau\" width=\"540\" height=\"200\" srcset=\"https:\/\/www.doppeladler.com\/da\/wp-content\/uploads\/2013\/10\/title-figuren.jpg 540w, https:\/\/www.doppeladler.com\/da\/wp-content\/uploads\/2013\/10\/title-figuren-300x111.jpg 300w\" sizes=\"(max-width: 540px) 100vw, 540px\" \/><\/strong><\/h2>\n<p><strong>FIGUREN 2014 &#8211; Wiener Figuren-Schau | Vienna\u00b4s figures show<\/strong><br \/>\n<strong>13. &amp; 14. September 2014. Heeresgeschichtliches Museum Wien.<\/strong><\/p>\n<h2>Das erste Mal in Wien!<\/h2>\n<p>Es gibt sehr viele Liebhaber, Sammler und Hersteller von FIGUREN aller Art in \u00d6sterreich. Deshalb veranstalten wir die FIGUREN-SCHAU im Wiener HEERESGESCHICHTLICHEN MUSEUM. Damit haben wir einen wunderbaren Rahmen f\u00fcr unsere einzigartige Schau gefunden, in der wir das Leben in den verschiedensten Ma\u00dfst\u00e4ben zeigen. Damit ist die Schau auch f\u00fcr Besucher geeignet, die Handwerkskunst und Geschichte sch\u00e4tzen.<br \/>\nAuch Kinder k\u00f6nnen interessante Figuren und Dioramen sehen, mit denen Sie Geschichten erleben k\u00f6nnen. Denn die ersten Figuren waren als Spielzeug gedacht\u2026<\/p>\n<h2>Figuren erz\u00e4hlen Geschichte(n).<\/h2>\n<p>Es gibt so gut wie keinen Bereich, der nicht mit Zinnfiguren \u2013 und neuerdings auch mit Figuren aus anderen Materialien \u2013 dargestellt wird.<\/p>\n<p>Wir zeigen Figuren in ihrer gesamten Vielfalt an Themen, Materalien und Verwendung:<\/p>\n<ul>\n<li><strong>Zinnfiguren &amp; Resinfiguren \u2013 vom Spielzeug zur historischen Darstellung<\/strong> &#8211; Flachfiguren, vollplastische Figuren, Klassiker f\u00fcr Sammler, Figurenbauer und Figurenmaler &#8211; Vortr\u00e4ge \u00fcber Figurenbau und Bemalung<\/li>\n<li><strong>Dioramen: Modelle und Figuren erz\u00e4hlen Geschichte<\/strong>\u00a0 &#8211; Perfekte Wiedergaben von Situationen aus dem Leben und aus der Phantasie. Dioramen = Darstellungen mit Figuren sowie Landschaften, Geb\u00e4uden usw. \u2013 somit eine K\u00f6nigsklasse des Figurenbaus<\/li>\n<li><strong>Figuren in Museumsqualit\u00e4t<\/strong> &#8211; historische Darstellungen durch Figuren &#8211; Pr\u00e4sentation von Sammlungen<\/li>\n<li><strong>Krippen- und Holzschnitzfiguren<\/strong> \u2013 Pr\u00e4sentation von Figuren und Marionetten. Letztenendes sind Krippen eigentlich auch Dioramen<\/li>\n<li><strong>Figuren und Table-Top-Spiele<\/strong> &#8211; \u00a0Spielvorf\u00fchrungen und Figurenverkauf<\/li>\n<li><strong>Figuren 1:1 &#8211; lebensecht!<\/strong> &#8211; Darstellung von Uniformen, Epochen und M\u00e4rchen mit Fotom\u00f6glichkeiten &#8211; Pr\u00e4sentationen von Reenactors-Einheiten von der R\u00f6merzeit bis ins 19. Jahrhundert<\/li>\n<li><strong>Figuren-Shops &amp; Figuren-Flohmarkt<\/strong> &#8211; Erzeuger, H\u00e4ndler und Sammler bieten Figuren und Zubeh\u00f6re in allen Ausf\u00fchrungen<\/li>\n<li><strong>Herstellungstechniken<\/strong> &#8211; vom klassischen Zinnfigurengie\u00dfen, zum Schnitzen bis zum 3-D-Druck. Vorf\u00fchrungen, Beratungen und Anregungen<\/li>\n<li><strong>Jede Menge Figuren des Museums<\/strong> die schon alleine einen Besuch des HGMwert sind, bieten das Panorama f\u00fcr unserePr\u00e4sentationen. Sie sind oft Vorlagen f\u00fcr die Fertigung von Figuren<\/li>\n<li><strong>Figurenaktionen f\u00fcr Kinder<\/strong> \u2013 nat\u00fcrlich haben wir auch f\u00fcr Kinder einen Bereich geschaffen, wo sie mit Spa\u00df Figuren basteln und malen k\u00f6nnen<\/li>\n<li><strong>Figuren-Wettbewerb &amp; Best of Show<\/strong> &#8211; Ein Wettbewerb mit internationalem Niveau bietet uns echte H\u00f6hepunkte des Figurenbaus<\/li>\n<\/ul>\n<h2>H\u00f6hepunkt: Der Figuren-Wettbewerb<\/h2>\n<p>Der Figuren-Wettbewerb wird sicher der H\u00f6hepunkt unserer Darstellungen. Die Hersteller und Bemaler von Figuren nehmen mit ihren besten Figuren am Wettbewerb teil.<\/p>\n<p>Daf\u00fcr gibt es 4 Wettbewerbs-Bereiche:<\/p>\n<ul>\n<li>Die Einzelfigur in allen Gr\u00f6\u00dfen und Materialien = Rubrik \u201eDie Figur\u201c<\/li>\n<li>Dioramen und Vignetten = Rubrik \u201ePlattform\u201c<\/li>\n<li>B\u00fcsten = Rubrik \u201eB\u00fcsten\u201c<\/li>\n<li>Werke von Kindern und Jugendlichen unter 18 Jahren = \u201eRubrik Starter\u201c<\/li>\n<\/ul>\n<p>Wir sind schon sehr gespannt auf die Teilnehmer und ihre Schaust\u00fccke. Die Besten der Besten werden mit Ehrenzeichen belohnt, die dem Gro\u00dfkreuz des Maria-Theresienordens nachgebildet sind.<\/p>\n<p>Die St\u00fccke der Teilnehmer werden am ersten Ausstellungstag, Samstag, den 13. September in der Zeit von 10.00 bis 14.00 Uhr entgegengenommen. Alle St\u00fccke sind bis Sonntag, den 14. September um 17.00 Uhr ausgestellt.<\/p>\n<p>Die Siegerehrung findet am Sonntag um 15.00 Uhr auf der B\u00fchne in der Ruhmeshalle des HGM statt.<\/p>\n<h2>\u00a0\u201eOhne Mampf kein Kampf!\u201c<\/h2>\n<p>Unter diesem Motte stehen den Besuchern und Ausstellern nat\u00fcrlich auch Speis\u00b4und Trank\u00b4 zur Verf\u00fcgung:<\/p>\n<ul>\n<li>Das \u201eCafe Salut\u201c im HGM beim Museums-Shop<\/li>\n<li>Der \u00a0\u201eMenage-Platz\u201c im Panzergarten mit frisch gemachten Speisen und Fassbier<\/li>\n<\/ul>\n<p>&nbsp;<\/p>\n<p><strong>Das DOPPELADLER|TEAM FIGUREN freut sich auf Ihren Besuch<\/strong><\/p>\n<ul>\n<li>Veranstaltungshomepage auf der Website des Heeresgeschichtlichen Museums [<a href=\"http:\/\/www.hgm.at\/nc\/museum\/veranstaltungskalender.html?actDate=13.09.2014&amp;filter=1%2C2%2C3%2C4%2C5%2C6%2C7%2C8%2C9%2C10%2C11%2C12%2C13%2C14%2C&amp;selectedDate=13.09.2014&amp;tx_ascalendar_calendaroverview[event]=14&amp;tx_ascalendar_calendaroverview[action]=show&amp;tx_ascalendar_calendaroverview[controller]=Event&amp;cHash=e7050dd4b8c8b15bb3068b41a735bbc7\" target=\"_blank\">hier<\/a>]<\/li>\n<li>Aktuelle Informationen auch im DOPPELADLER FORUM [<a href=\"http:\/\/www.doppeladler.com\/forum\/viewtopic.php?f=1&amp;t=3884\">hier<\/a>]<\/li>\n<\/ul>\n<h2>KONTAKT UND ANMELDUNGEN<\/h2>\n<p><strong>Robert A. T\u00f6gel (d.\u00c4.),\u00a0Modellbauer, Historiker, Journalist<\/strong><br \/>\neMail: <a href=\"mailto:themodeller@doppeladler.com\">themodeller@doppeladler.com<\/a><br \/>\nKontakt Post: Robert T\u00f6gel, In der Dietschen 28, 3412 Klosterneuburg-Kierling<\/p>\n<p><img decoding=\"async\" class=\"size-full wp-image-6705 aligncenter\" style=\"margin-top: 0px; margin-bottom: 0px;\" title=\"FIGUREN \u2013 VIENNAS FIGURES SHOW 2014\" src=\"https:\/\/www.doppeladler.com\/da\/wp-content\/uploads\/2013\/10\/title-figuren14.jpg\" alt=\"FIGUREN \u2013 VIENNAS FIGURES SHOW 2014\" width=\"540\" height=\"200\" srcset=\"https:\/\/www.doppeladler.com\/da\/wp-content\/uploads\/2013\/10\/title-figuren14.jpg 540w, https:\/\/www.doppeladler.com\/da\/wp-content\/uploads\/2013\/10\/title-figuren14-300x111.jpg 300w\" sizes=\"(max-width: 540px) 100vw, 540px\" \/> \u00c4nderungen vorbehalten. Der Veranstalter beh\u00e4lt sich die Ablehnung von Teilnehmern \u2013 ohne Angabe von Gr\u00fcnden \u2013 vor.<\/p>\n","protected":false},"excerpt":{"rendered":"<p>Vorschau auf unsere Figurenausstellung und Figurenb\u00f6rse am 13. und 14. September 2014. Heeresgeschichtliches Museum Wien.<\/p>\n","protected":false},"author":1,"featured_media":7509,"comment_status":"closed","ping_status":"open","sticky":false,"template":"","format":"standard","meta":{"footnotes":""},"categories":[37,7],"tags":[608,606,81,11,10,607,82,754,605],"yoast_head":"<!-- This site is optimized with the Yoast SEO plugin v23.3 - https:\/\/yoast.com\/wordpress\/plugins\/seo\/ -->\n<title>FIGUREN 2014 - WIENER FIGUREN-SCHAU | DOPPELADLER.COM<\/title>\n<meta name=\"description\" content=\"Figurenausstellung und Figurenb\u00f6rse am 13. und 14. September 2014. Heeresgeschichtliches Museum Wien.\" \/>\n<meta name=\"robots\" content=\"index, follow, max-snippet:-1, max-image-preview:large, max-video-preview:-1\" \/>\n<link rel=\"canonical\" href=\"https:\/\/www.doppeladler.com\/da\/misc\/figuren-2014\/\" \/>\n<meta name=\"twitter:label1\" content=\"Verfasst von\" \/>\n\t<meta name=\"twitter:data1\" content=\"Doppeladler\" \/>\n\t<meta name=\"twitter:label2\" content=\"Gesch\u00e4tzte Lesezeit\" \/>\n\t<meta name=\"twitter:data2\" content=\"3\u00a0Minuten\" \/>\n<script type=\"application\/ld+json\" class=\"yoast-schema-graph\">{\"@context\":\"https:\/\/schema.org\",\"@graph\":[{\"@type\":\"WebPage\",\"@id\":\"https:\/\/www.doppeladler.com\/da\/misc\/figuren-2014\/\",\"url\":\"https:\/\/www.doppeladler.com\/da\/misc\/figuren-2014\/\",\"name\":\"FIGUREN 2014 - WIENER FIGUREN-SCHAU | DOPPELADLER.COM\",\"isPartOf\":{\"@id\":\"https:\/\/www.doppeladler.com\/da\/#website\"},\"primaryImageOfPage\":{\"@id\":\"https:\/\/www.doppeladler.com\/da\/misc\/figuren-2014\/#primaryimage\"},\"image\":{\"@id\":\"https:\/\/www.doppeladler.com\/da\/misc\/figuren-2014\/#primaryimage\"},\"thumbnailUrl\":\"https:\/\/www.doppeladler.com\/da\/wp-content\/uploads\/2013\/10\/title-figuren.jpg\",\"datePublished\":\"2014-08-04T15:50:52+00:00\",\"dateModified\":\"2014-10-23T12:51:36+00:00\",\"author\":{\"@id\":\"https:\/\/www.doppeladler.com\/da\/#\/schema\/person\/232b998b629b89b24a916becce3e9476\"},\"description\":\"Figurenausstellung und Figurenb\u00f6rse am 13. und 14. September 2014. Heeresgeschichtliches Museum Wien.\",\"breadcrumb\":{\"@id\":\"https:\/\/www.doppeladler.com\/da\/misc\/figuren-2014\/#breadcrumb\"},\"inLanguage\":\"de\",\"potentialAction\":[{\"@type\":\"ReadAction\",\"target\":[\"https:\/\/www.doppeladler.com\/da\/misc\/figuren-2014\/\"]}]},{\"@type\":\"ImageObject\",\"inLanguage\":\"de\",\"@id\":\"https:\/\/www.doppeladler.com\/da\/misc\/figuren-2014\/#primaryimage\",\"url\":\"https:\/\/www.doppeladler.com\/da\/wp-content\/uploads\/2013\/10\/title-figuren.jpg\",\"contentUrl\":\"https:\/\/www.doppeladler.com\/da\/wp-content\/uploads\/2013\/10\/title-figuren.jpg\",\"width\":540,\"height\":200,\"caption\":\"FIGUREN 2014 - Wiener Figuren-Schau\"},{\"@type\":\"BreadcrumbList\",\"@id\":\"https:\/\/www.doppeladler.com\/da\/misc\/figuren-2014\/#breadcrumb\",\"itemListElement\":[{\"@type\":\"ListItem\",\"position\":1,\"name\":\"Startseite\",\"item\":\"https:\/\/www.doppeladler.com\/da\/\"},{\"@type\":\"ListItem\",\"position\":2,\"name\":\"FIGUREN 2014 &#8211; WIENER FIGUREN-SCHAU\"}]},{\"@type\":\"WebSite\",\"@id\":\"https:\/\/www.doppeladler.com\/da\/#website\",\"url\":\"https:\/\/www.doppeladler.com\/da\/\",\"name\":\"DOPPELADLER.COM\",\"description\":\"Plattform f\u00fcr \u00d6sterreichs Milit\u00e4rgeschichte\",\"potentialAction\":[{\"@type\":\"SearchAction\",\"target\":{\"@type\":\"EntryPoint\",\"urlTemplate\":\"https:\/\/www.doppeladler.com\/da\/?s={search_term_string}\"},\"query-input\":\"required name=search_term_string\"}],\"inLanguage\":\"de\"},{\"@type\":\"Person\",\"@id\":\"https:\/\/www.doppeladler.com\/da\/#\/schema\/person\/232b998b629b89b24a916becce3e9476\",\"name\":\"Doppeladler\",\"sameAs\":[\"http:\/\/www.doppeladler.com\"]}]}<\/script>\n<!-- \/ Yoast SEO plugin. -->","yoast_head_json":{"title":"FIGUREN 2014 - WIENER FIGUREN-SCHAU | DOPPELADLER.COM","description":"Figurenausstellung und Figurenb\u00f6rse am 13. und 14. September 2014. Heeresgeschichtliches Museum Wien.","robots":{"index":"index","follow":"follow","max-snippet":"max-snippet:-1","max-image-preview":"max-image-preview:large","max-video-preview":"max-video-preview:-1"},"canonical":"https:\/\/www.doppeladler.com\/da\/misc\/figuren-2014\/","twitter_misc":{"Verfasst von":"Doppeladler","Gesch\u00e4tzte Lesezeit":"3\u00a0Minuten"},"schema":{"@context":"https:\/\/schema.org","@graph":[{"@type":"WebPage","@id":"https:\/\/www.doppeladler.com\/da\/misc\/figuren-2014\/","url":"https:\/\/www.doppeladler.com\/da\/misc\/figuren-2014\/","name":"FIGUREN 2014 - WIENER FIGUREN-SCHAU | DOPPELADLER.COM","isPartOf":{"@id":"https:\/\/www.doppeladler.com\/da\/#website"},"primaryImageOfPage":{"@id":"https:\/\/www.doppeladler.com\/da\/misc\/figuren-2014\/#primaryimage"},"image":{"@id":"https:\/\/www.doppeladler.com\/da\/misc\/figuren-2014\/#primaryimage"},"thumbnailUrl":"https:\/\/www.doppeladler.com\/da\/wp-content\/uploads\/2013\/10\/title-figuren.jpg","datePublished":"2014-08-04T15:50:52+00:00","dateModified":"2014-10-23T12:51:36+00:00","author":{"@id":"https:\/\/www.doppeladler.com\/da\/#\/schema\/person\/232b998b629b89b24a916becce3e9476"},"description":"Figurenausstellung und Figurenb\u00f6rse am 13. und 14. September 2014. Heeresgeschichtliches Museum Wien.","breadcrumb":{"@id":"https:\/\/www.doppeladler.com\/da\/misc\/figuren-2014\/#breadcrumb"},"inLanguage":"de","potentialAction":[{"@type":"ReadAction","target":["https:\/\/www.doppeladler.com\/da\/misc\/figuren-2014\/"]}]},{"@type":"ImageObject","inLanguage":"de","@id":"https:\/\/www.doppeladler.com\/da\/misc\/figuren-2014\/#primaryimage","url":"https:\/\/www.doppeladler.com\/da\/wp-content\/uploads\/2013\/10\/title-figuren.jpg","contentUrl":"https:\/\/www.doppeladler.com\/da\/wp-content\/uploads\/2013\/10\/title-figuren.jpg","width":540,"height":200,"caption":"FIGUREN 2014 - Wiener Figuren-Schau"},{"@type":"BreadcrumbList","@id":"https:\/\/www.doppeladler.com\/da\/misc\/figuren-2014\/#breadcrumb","itemListElement":[{"@type":"ListItem","position":1,"name":"Startseite","item":"https:\/\/www.doppeladler.com\/da\/"},{"@type":"ListItem","position":2,"name":"FIGUREN 2014 &#8211; WIENER FIGUREN-SCHAU"}]},{"@type":"WebSite","@id":"https:\/\/www.doppeladler.com\/da\/#website","url":"https:\/\/www.doppeladler.com\/da\/","name":"DOPPELADLER.COM","description":"Plattform f\u00fcr \u00d6sterreichs Milit\u00e4rgeschichte","potentialAction":[{"@type":"SearchAction","target":{"@type":"EntryPoint","urlTemplate":"https:\/\/www.doppeladler.com\/da\/?s={search_term_string}"},"query-input":"required name=search_term_string"}],"inLanguage":"de"},{"@type":"Person","@id":"https:\/\/www.doppeladler.com\/da\/#\/schema\/person\/232b998b629b89b24a916becce3e9476","name":"Doppeladler","sameAs":["http:\/\/www.doppeladler.com"]}]}},"_links":{"self":[{"href":"https:\/\/www.doppeladler.com\/da\/wp-json\/wp\/v2\/posts\/6702"}],"collection":[{"href":"https:\/\/www.doppeladler.com\/da\/wp-json\/wp\/v2\/posts"}],"about":[{"href":"https:\/\/www.doppeladler.com\/da\/wp-json\/wp\/v2\/types\/post"}],"author":[{"embeddable":true,"href":"https:\/\/www.doppeladler.com\/da\/wp-json\/wp\/v2\/users\/1"}],"replies":[{"embeddable":true,"href":"https:\/\/www.doppeladler.com\/da\/wp-json\/wp\/v2\/comments?post=6702"}],"version-history":[{"count":0,"href":"https:\/\/www.doppeladler.com\/da\/wp-json\/wp\/v2\/posts\/6702\/revisions"}],"wp:featuredmedia":[{"embeddable":true,"href":"https:\/\/www.doppeladler.com\/da\/wp-json\/wp\/v2\/media\/7509"}],"wp:attachment":[{"href":"https:\/\/www.doppeladler.com\/da\/wp-json\/wp\/v2\/media?parent=6702"}],"wp:term":[{"taxonomy":"category","embeddable":true,"href":"https:\/\/www.doppeladler.com\/da\/wp-json\/wp\/v2\/categories?post=6702"},{"taxonomy":"post_tag","embeddable":true,"href":"https:\/\/www.doppeladler.com\/da\/wp-json\/wp\/v2\/tags?post=6702"}],"curies":[{"name":"wp","href":"https:\/\/api.w.org\/{rel}","templated":true}]}}