{"id":5512,"date":"2013-06-13T23:22:39","date_gmt":"2013-06-13T21:22:39","guid":{"rendered":"http:\/\/www.doppeladler.com\/da\/?p=5512"},"modified":"2013-07-05T23:21:35","modified_gmt":"2013-07-05T21:21:35","slug":"european-advance-2013","status":"publish","type":"post","link":"https:\/\/www.doppeladler.com\/da\/oebh\/european-advance-2013\/","title":{"rendered":"EUROPEAN ADVANCE 2013"},"content":{"rendered":"<p style=\"text-align: left;\"><img fetchpriority=\"high\" decoding=\"async\" class=\"aligncenter\" style=\"margin-top: 0px; margin-bottom: 0px;\" alt=\"Die &quot;European Advance 2013&quot; (EURAD13) war das gr\u00f6\u00dfte Heeresman\u00f6ver im Jahr 2013 \u00a9 Doppeladler.com\" src=\"https:\/\/www.doppeladler.com\/da\/wp-content\/uploads\/2013\/06\/title-eurad.jpg\" width=\"540\" height=\"200\" \/><span class=\"main-img-text\">Die &#8222;European Advance 2013&#8220; (EURAD13) war das gr\u00f6\u00dfte Heeresman\u00f6ver im Jahr 2013<br \/>\n\u00a9 Doppeladler.com<\/span><\/p>\n<p>Vor etwa drei Monaten wurde das friedliche Greenland von den Truppen Redlands \u00fcberfallen. Der eifers\u00fcchtige Nachbar hatte es auf die reichen \u00d6lfelder Greenlands abgesehen und h\u00e4lt die betroffenen Gebiete seither besetzt. Der Sicherheitsrat der Vereinten Nationen entschlie\u00dft sich zur Intervention und ersucht die Europ\u00e4ische Union um Unterst\u00fctzung.<br \/>\nEine EU Battlegroup (EUBG) soll angesichts der instabilen Lage und der humanit\u00e4ren Katastrophe rasch eingreifen und die Redland-Truppen durch Androhung und &#8211; falls n\u00f6tig &#8211; Anwendung von Gewalt zum R\u00fcckzug zwingen. Im Anschluss soll dann eine UN Blauhelmmission \u00fcbernehmen.<\/p>\n<p>So l\u00e4sst sich in wenigen Worten das Szenario der \u00dcbung <strong>&#8222;<\/strong><b>European Advance 2013&#8243; (EURAD13)<\/b> zusammenfassen. Die \u00dcbung fand vom 21. Mai bis 7. Juni 2013 im Gro\u00dfraum Truppen\u00fcbungsplatz Allentsteig-Horn-Weitra-Langenlebarn statt, wobei sich die besonders hei\u00df umk\u00e4mpften erd\u00f6lreichen Gebiete auf dem T\u00fcPl Allentsteig befanden.<\/p>\n<p style=\"text-align: left;\">Die EURAD13 war <b>das gr\u00f6\u00dfte Heeresman\u00f6ver des Bundesheeres im Jahr 2013<\/b>. Etwa 4.000 Personen, davon \u00fcber 3.000 Soldatinnen und Soldaten des Bundesheeres, nahmen an der \u00dcbung teil. Die von \u00d6sterreich, Deutschland, Frankreich und Italien gestellte Truppe setzte etwa 50 gepanzerte und 250 ungepanzerte Fahrzeuge sowie 23 Luftfahrzeuge zu ihrer Aufgabenerf\u00fcllung ein.<br \/>\nDas f\u00fcr die \u00dcbung mobilisierte Miliz-J\u00e4gerbataillon Ober\u00f6sterreich wurde aufgrund der Hochwasserkatastrophe 2013 abgezogen und ging in den Assistenzeinsatz. Auch einige Luftfahrzeuge wurden zur Katastrophenhilfe abkommandiert.<\/p>\n<p style=\"text-align: center;\"><a href=\"https:\/\/www.doppeladler.com\/da\/wp-content\/uploads\/2013\/06\/leitung-3.jpg\" data-rel=\"penci-gallery-image-content\" ><img decoding=\"async\" class=\"wp-image-5559 aligncenter\" style=\"margin-top: 0px; margin-bottom: 0px;\" title=\"Generalmajor Heinrich Winkelmayer, der taktische Leiter der \u00dcbung in seinem Lagezentrum \u00a9 Doppeladler.com\" alt=\"Generalmajor Heinrich Winkelmayer, der taktische Leiter der \u00dcbung in seinem Lagezentrum \u00a9 Doppeladler.com\" src=\"https:\/\/www.doppeladler.com\/da\/wp-content\/uploads\/2013\/06\/leitung-3.jpg\" width=\"350\" height=\"263\" srcset=\"https:\/\/www.doppeladler.com\/da\/wp-content\/uploads\/2013\/06\/leitung-3.jpg 800w, https:\/\/www.doppeladler.com\/da\/wp-content\/uploads\/2013\/06\/leitung-3-300x225.jpg 300w\" sizes=\"(max-width: 350px) 100vw, 350px\" \/><\/a><span class=\"medium\">Generalmajor Heinrich Winkelmayer, der taktische Leiter der \u00dcbung, in seinem Lagezentrum<br \/>\n\u00a9 Doppeladler.com<\/span><\/p>\n<p>Der Chef des Stabes beim Streitkr\u00e4ftef\u00fchrungskommando, <b>Generalmajor Heinrich Winkelmayer<\/b>, war der taktische Leiter der \u00dcbung. Wir trafen den Generalmajor in seinem Lagezentrum. Winkelmayer betont, dass milit\u00e4rische Konflikte nur in Kooperation mit anderen Staaten bew\u00e4ltigt werden k\u00f6nnen. Multinationale \u00dcbungen stellen eine wesentliche Voraussetzung dar, um in Folge auch gemeinsam in einen Einsatz gehen zu k\u00f6nnen. Eine Besonderheit der EURAD13 ist mittlerweile, dass es sich um eine gro\u00dfe <b>&#8222;boots-on-the-ground&#8220; \u00dcbung<\/b> handelt. Es werden nicht nur Symbole auf Landkarten und Bildschirmen bewegt, alle Truppenteile befinden sich real im Feld. Das erkl\u00e4rt auch das hohe Interesse anderer Nationen an der Teilnahme.<br \/>\nBesondere Herausforderungen ortet Winkelmayer bei der Harmonisierung der unterschiedlichen Verfahren der einzelnen Streitkr\u00e4fte \u2013 insbesondere im Bereich der modernen Aufkl\u00e4rungsmittel, die die Partner f\u00fcr die \u00dcbung bereitstellen weil siee im Bundesheer nicht vorhanden sind bzw. sich derzeit noch in Einf\u00fchrung befinden.<\/p>\n<p style=\"text-align: center;\"><a href=\"https:\/\/www.doppeladler.com\/da\/wp-content\/uploads\/2013\/06\/pandur-25.jpg\" data-rel=\"penci-gallery-image-content\" ><img decoding=\"async\" class=\"aligncenter  wp-image-5644\" style=\"margin-top: 0px; margin-bottom: 0px;\" title=\"&quot;Boots-on-the-ground&quot; - Bei der EURAD13 wird nur der scharfe Schuss simuliert - die Truppe ist real \u00a9 Doppeladler.com \" alt=\"&quot;Boots-on-the-ground&quot; - Bei der EURAD13 wird nur der scharfe Schuss simuliert - die Truppe ist real \u00a9 Doppeladler.com \" src=\"https:\/\/www.doppeladler.com\/da\/wp-content\/uploads\/2013\/06\/pandur-25.jpg\" width=\"350\" srcset=\"https:\/\/www.doppeladler.com\/da\/wp-content\/uploads\/2013\/06\/pandur-25.jpg 800w, https:\/\/www.doppeladler.com\/da\/wp-content\/uploads\/2013\/06\/pandur-25-300x225.jpg 300w\" sizes=\"(max-width: 800px) 100vw, 800px\" \/><\/a><span class=\"medium\">&#8222;Boots-on-the-ground&#8220; &#8211; bei der EURAD13 wird nur der scharfe Schuss simuliert<br \/>\n\u00a9 Doppeladler.com<\/span><\/p>\n<p>Man darf sich die EURAD jedoch <b>nicht als reines Milit\u00e4rman\u00f6ver<\/b> vorstellen. Alles, was es in einer Krisenregion gibt, gab es auch in Allentsteig: Fl\u00fcchtlinge und Kriegsgefangene erforderten Fingerspitzengef\u00fchl und Mitgef\u00fchl, Warlords nutzten geschickt das Machtvakuum, Terroristen sorgten daf\u00fcr, dass man sich nirgendwo sicher f\u00fchlen konnte, Medien beider Seiten und PSYOPS Spezialisten der EUBG k\u00e4mpften um die \u00f6ffentliche Meinung.<\/p>\n<h2><b>AUFKL\u00c4RUNG &amp; ANGRIFF<\/b><\/h2>\n<p style=\"text-align: left;\">Aus der Sicht des traditionellen Soldatenhandwerks stand bei der EURAD in der ersten Phase die <b>Aufkl\u00e4rung in einem multinationalen Aufkl\u00e4rungsverbund<\/b> im Vordergrund. Die \u00f6sterreichischen Artillerie-Aufkl\u00e4rungsbataillone (AAB) wurden durch deutsche und franz\u00f6sische Aufkl\u00e4rer verst\u00e4rkt, wobei die Bundeswehr neben Aufkl\u00e4rungsfahrzeugen auch zwei Drohnentypen im Einsatz hatte: Die LUNA (max. 100km Reichweite mit Relaisstationen) und die ALADIN zur Aufkl\u00e4rung im N\u00e4chstbereich. Letztere befindet sich in der Leistungsklasse jener Flugger\u00e4te, die man auch beim Bundesheer einf\u00fchren m\u00f6chte.<\/p>\n<p style=\"text-align: center;\"><a href=\"https:\/\/www.doppeladler.com\/da\/wp-content\/uploads\/2013\/06\/luna-11.jpg\" data-rel=\"penci-gallery-image-content\" ><img decoding=\"async\" class=\"wp-image-5581 alignnone\" style=\"margin: 0px;\" title=\"Startbereite Drohne LUNA der Deutschen Bundeswehr \u00a9 Doppeladler.com\" alt=\"Startbereite Drohne LUNA der Deutschen Bundeswehr \u00a9 Doppeladler.com\" src=\"https:\/\/www.doppeladler.com\/da\/wp-content\/uploads\/2013\/06\/luna-11.jpg\" width=\"350\" height=\"263\" srcset=\"https:\/\/www.doppeladler.com\/da\/wp-content\/uploads\/2013\/06\/luna-11.jpg 800w, https:\/\/www.doppeladler.com\/da\/wp-content\/uploads\/2013\/06\/luna-11-300x225.jpg 300w\" sizes=\"(max-width: 350px) 100vw, 350px\" \/><\/a><span class=\"medium\"><br \/>\nStartbereite LUNA Drohne der Deutschen Bundeswehr \u00a9 Doppeladler.com<\/span><\/p>\n<p>In der zweiten Phase spielte die <b>Einsatzart &#8222;Angriff&#8220; <\/b>eine wesentliche Rolle. Denn im \u00dcbungsdrehbuch war nat\u00fcrlich l\u00e4ngst festgeschrieben, dass Redland nicht kampflos abziehen w\u00fcrde. Die Battlegroup musste daher ihr robustes Mandat voll aussch\u00f6pfen und die Widerstandsnester einnehmen.<\/p>\n<h2><b>ZIVIL-MILIT\u00c4RISCHE ZUSAMMENARBEIT<\/b><\/h2>\n<p>Da Konflikte nie allein milit\u00e4risch gel\u00f6st werden k\u00f6nnen, spielt die zivil-milit\u00e4rische Zusammenarbeit (<b>CIMIC &#8211; Civil-Military Co-Operation<\/b>) auch bei Heeres\u00fcbungen eine immer gr\u00f6\u00dfere Rolle. Darum nahmen auch CIMIC Spezialisten des Bundesheeres an der \u00dcbung teil.<\/p>\n<p style=\"text-align: left;\">AbsolventInnen des Universit\u00e4tslehrgangs f\u00fcr Frieden, Entwicklung, Sicherheit und Internationale Konflikttransformation der <b>Universit\u00e4t Innsbruck<\/b> brachten die zivile Komponente ein. Die multinationalen Absolventen dieses einzigartigen Lehrgangs sind weltweit im Einsatz und stellen dem Bundesheer ihr Wissen und ihre Erfahrungen zur Verf\u00fcgung. Laut Generalmajor Herbert Bauer, als Milit\u00e4rkommandant von Tirol ist ihm die Kooperation mit der Universit\u00e4t ein besonderes Anliegen, ist diese Zusammenarbeit jedoch keine Einbahnstra\u00dfe. Als Studenten haben die Absolventen vom Bundesheer gelernt, wie man sich in einem Krisengebiet bewegt und wie man sich richtig bei Minengefahr oder bei einer Geiselnahme verh\u00e4lt. Wie uns Wolfgang Dietrich, der Leiter des seit 2001 bestehenden Masterprogramms erkl\u00e4rt, wurde der Lehrgang bereits von StudentInnen aus 70 bis 75 L\u00e4ndern absolviert und gilt seit 2008 als UNESCO Lehrstuhl.<\/p>\n<p style=\"text-align: center;\"><a href=\"https:\/\/www.doppeladler.com\/da\/wp-content\/uploads\/2013\/06\/un-3.jpg\" data-rel=\"penci-gallery-image-content\" ><img loading=\"lazy\" decoding=\"async\" style=\"margin-top: 0px; margin-bottom: 0px;\" title=\"Die UN Fact-Finding-Mission er\u00f6ffnet das UN Regional Center in Greenland \u00a9 Doppeladler.com\" alt=\"Die UN Fact-Finding-Mission er\u00f6ffnet das UN Regional Center in Greenland \u00a9 Doppeladler.com\" src=\"https:\/\/www.doppeladler.com\/da\/wp-content\/uploads\/2013\/06\/un-3.jpg\" width=\"350\" height=\"263\" \/><\/a><br \/>\n<span class=\"medium\">Die UN Fact-Finding-Mission er\u00f6ffnet das UN Regional Center in Greenland \u00a9 Doppeladler.com<\/span><\/p>\n<p>Bei der EURAD13 stellten die AbsolventInnen eine <b>UN Fact-Finding-Mission<\/b> dar. Sie sollten die nachfolgende UN Mission vorbereiten und den Bedarf an humanit\u00e4rer Hilfe abkl\u00e4ren. Dabei kam es nicht nur zu Konfliktsituationen mit den Streitparteien, sondern gelegentlich auch zu Interessenskonflikten mit der Battlegroup, mit der ansonsten eng zusammengearbeitet wurde.<\/p>\n<h2><b>ZEUGNIS NACH NATO STANDARDS<\/b><\/h2>\n<p>Die EURAD13 wurde auch f\u00fcr ein Zertifizierungsprogramm nach NATO Standards genutzt. Die Richtlinien des B\u00fcndnisses sind nicht nur als Mitglied der &#8222;Partnerschaft f\u00fcr den Frieden&#8220; f\u00fcr \u00d6sterreich relevant. Auch EU und UN Eins\u00e4tze nutzen die anerkannten Normen.<\/p>\n<p>Eine Aufkl\u00e4rungskompanie, eine ABC-Abwehrkompanie, eine Pionier-Baukompanie, ein Zug der Kampfmittelabwehr, ein Zug der Milit\u00e4rpolizei, ein Team Psychological Operations (PSYOPS), ein Teams der zivil-milit\u00e4rischen Zusammenarbeit (CIMIC) sowie ein Team zur Informationsgewinnung (HUMINT) wurden nach dem NATO Evaluation Level 2 (NEL2) evaluiert. W\u00e4hrend NEL1 die F\u00e4higkeit zur friktionslosen Zusammenarbeit mit anderen Nationen (Interoperabilit\u00e4t) best\u00e4tigt, zielt NEL2 auf die milit\u00e4rischen F\u00e4higkeiten der Einheit ab. Alle Truppen bestanden den Test &#8211; in nahezu allen Bereichen mit &#8222;excelent&#8220;.<\/p>\n<h2>IMPRESSIONEN<\/h2>\n<div id=\"penci-post-gallery__25998\" class=\"penci-post-gallery-container justified column-3\" data-height=\"150\" data-margin=\"3\"><a class=\"penci-gallery-ite item-gallery-justified\" href=\"https:\/\/www.doppeladler.com\/da\/wp-content\/uploads\/2013\/06\/eurad13.jpg\" data-cap=\"Logo der Heeres\u00fcbung European Advance 2013 - EURAD13\"><img decoding=\"async\" src=\"https:\/\/www.doppeladler.com\/da\/wp-content\/uploads\/2013\/06\/eurad13.jpg\" alt=\"Logo der Heeres\u00fcbung European Advance 2013 - EURAD13\" title=\"Logo der Heeres\u00fcbung European Advance 2013 &#8211; EURAD13\"><\/a><a class=\"penci-gallery-ite item-gallery-justified\" href=\"https:\/\/www.doppeladler.com\/da\/wp-content\/uploads\/2013\/06\/lmv-2.jpg\" data-cap=\"Zu Beginn der \u00dcbung stand die Aufkl\u00e4rung im Fokus. Hier ein Iveco LMV (das MG der Waffenstation ist ausgebaut) \u00a9 Doppeladler.com\"><img decoding=\"async\" src=\"https:\/\/www.doppeladler.com\/da\/wp-content\/uploads\/2013\/06\/lmv-2.jpg\" alt=\"Zu Beginn der \u00dcbung stand die Aufkl\u00e4rung im Fokus. Hier ein Iveco LMV (das MG der Waffenstation ist ausgebaut) \u00a9 Doppeladler.com\" title=\"Zu Beginn der \u00dcbung stand die Aufkl\u00e4rung im Fokus. Hier ein Iveco LMV (das MG der Waffenstation ist ausgebaut) \u00a9 Doppeladler.com\"><\/a><a class=\"penci-gallery-ite item-gallery-justified\" href=\"https:\/\/www.doppeladler.com\/da\/wp-content\/uploads\/2013\/06\/iveco-bm-pusch-1.jpg\" data-cap=\"Verteidigungsminister Gerald Klug und der Chef des Generalstabes, Othmar Commenda, auf Truppenbesuch. Das Bild zeigt eine Sitzprobe im Iveco LMV \u00a9 Bundesheer \/ Pusch\"><img decoding=\"async\" src=\"https:\/\/www.doppeladler.com\/da\/wp-content\/uploads\/2013\/06\/iveco-bm-pusch-1.jpg\" alt=\"Verteidigungsminister Gerald Klug und der Chef des Generalstabes, Othmar Commenda, auf Truppenbesuch. Das Bild zeigt eine Sitzprobe im Iveco LMV \u00a9 Bundesheer \/ Pusch\" title=\"Verteidigungsminister Gerald Klug und der Chef des Generalstabes, Othmar Commenda, auf Truppenbesuch. Das Bild zeigt eine Sitzprobe im Iveco LMV \u00a9 Bundesheer \/ Pusch\"><\/a><a class=\"penci-gallery-ite item-gallery-justified\" href=\"https:\/\/www.doppeladler.com\/da\/wp-content\/uploads\/2013\/06\/lmv-1.jpg\" data-cap=\"Iveco LMV in voller Fahrt. Die Aufkl\u00e4rer waren die ersten Elemente der Battlegroup, die in das Einsatzgebiet vordrangen \u00a9 Doppeladler.com\"><img decoding=\"async\" src=\"https:\/\/www.doppeladler.com\/da\/wp-content\/uploads\/2013\/06\/lmv-1.jpg\" alt=\"Iveco LMV in voller Fahrt. Die Aufkl\u00e4rer waren die ersten Elemente der Battlegroup, die in das Einsatzgebiet vordrangen \u00a9 Doppeladler.com\" title=\"Iveco LMV in voller Fahrt. Die Aufkl\u00e4rer waren die ersten Elemente der Battlegroup, die in das Einsatzgebiet vordrangen \u00a9 Doppeladler.com\"><\/a><a class=\"penci-gallery-ite item-gallery-justified\" href=\"https:\/\/www.doppeladler.com\/da\/wp-content\/uploads\/2013\/06\/fennek-3.jpg\" data-cap=\"Sp\u00e4hwagen Fennek der Deutschen Bundeswehr \u00a9 Doppeladler.com\"><img decoding=\"async\" src=\"https:\/\/www.doppeladler.com\/da\/wp-content\/uploads\/2013\/06\/fennek-3.jpg\" alt=\"Sp\u00e4hwagen Fennek der Deutschen Bundeswehr \u00a9 Doppeladler.com\" title=\"Sp\u00e4hwagen Fennek der Deutschen Bundeswehr \u00a9 Doppeladler.com\"><\/a><a class=\"penci-gallery-ite item-gallery-justified\" href=\"https:\/\/www.doppeladler.com\/da\/wp-content\/uploads\/2013\/06\/fennek-bm-stimpfl-2.jpg\" data-cap=\"Im Inneren des Fennek \u00a9 Bundesheer \/ Stimpfl\"><img decoding=\"async\" src=\"https:\/\/www.doppeladler.com\/da\/wp-content\/uploads\/2013\/06\/fennek-bm-stimpfl-2.jpg\" alt=\"Im Inneren des Fennek \u00a9 Bundesheer \/ Stimpfl\" title=\"Im Inneren des Fennek  \u00a9 Bundesheer \/ Stimpfl\"><\/a><a class=\"penci-gallery-ite item-gallery-justified\" href=\"https:\/\/www.doppeladler.com\/da\/wp-content\/uploads\/2013\/06\/panhard-bm-bleyer-1.jpg\" data-cap=\"Panhard VBL 4x4 des franz\u00f6sischen Kontingents \u00a9 Bundesheer \/ Bleyer\"><img decoding=\"async\" src=\"https:\/\/www.doppeladler.com\/da\/wp-content\/uploads\/2013\/06\/panhard-bm-bleyer-1.jpg\" alt=\"Panhard VBL 4x4 des franz\u00f6sischen Kontingents \u00a9 Bundesheer \/ Bleyer\" title=\"Panhard VBL 4&#215;4 des franz\u00f6sischen Kontingents bei der Verlegung in den Einsatzraum \u00a9 Bundesheer \/ Bleyer\"><\/a><a class=\"penci-gallery-ite item-gallery-justified\" href=\"https:\/\/www.doppeladler.com\/da\/wp-content\/uploads\/2013\/06\/inf-2.jpg\" data-cap=\"Alle Fahrzeuge und Soldaten sind mit dem BT46 Duell-Simulationssystem ausgestattet \u00a9 Doppeladler.com\"><img decoding=\"async\" src=\"https:\/\/www.doppeladler.com\/da\/wp-content\/uploads\/2013\/06\/inf-2.jpg\" alt=\"Alle Fahrzeuge und Soldaten sind mit dem BT46 Duell-Simulationssystem ausgestattet \u00a9 Doppeladler.com\" title=\"Alle Fahrzeuge und Soldaten sind mit dem BT46 Duell-Simulationssystem ausgestattet \u00a9 Doppeladler.com\"><\/a><a class=\"penci-gallery-ite item-gallery-justified\" href=\"https:\/\/www.doppeladler.com\/da\/wp-content\/uploads\/2013\/06\/pandur-33.jpg\" data-cap=\"Radpanzer Pandur A1 6x6 der vorsto\u00dfenden Truppe \u00a9 Doppeladler.com\"><img decoding=\"async\" src=\"https:\/\/www.doppeladler.com\/da\/wp-content\/uploads\/2013\/06\/pandur-33.jpg\" alt=\"Radpanzer Pandur A1 6x6 der vorsto\u00dfenden Truppe \u00a9 Doppeladler.com\" title=\"Radpanzer Pandur A1 6&#215;6 der den Aufkl\u00e4rern nachsto\u00dfenden Truppe \u00a9 Doppeladler.com\"><\/a><a class=\"penci-gallery-ite item-gallery-justified\" href=\"https:\/\/www.doppeladler.com\/da\/wp-content\/uploads\/2013\/06\/marder-6.jpg\" data-cap=\"Sch\u00fctzenpanzer Marder der Bundeswehr \u00a9 Doppeladler.com\"><img decoding=\"async\" src=\"https:\/\/www.doppeladler.com\/da\/wp-content\/uploads\/2013\/06\/marder-6.jpg\" alt=\"Sch\u00fctzenpanzer Marder der Bundeswehr \u00a9 Doppeladler.com\" title=\"Sch\u00fctzenpanzer Marder der Bundeswehr \u00a9 Doppeladler.com\"><\/a><a class=\"penci-gallery-ite item-gallery-justified\" href=\"https:\/\/www.doppeladler.com\/da\/wp-content\/uploads\/2013\/06\/marder-3.jpg\" data-cap=\"Die deutschen Panzergrenadiere bildeten gemeinsame Verb\u00e4nde mit \u00f6sterreichischen Kampfpanzern \u00a9 Doppeladler.com\"><img decoding=\"async\" src=\"https:\/\/www.doppeladler.com\/da\/wp-content\/uploads\/2013\/06\/marder-3.jpg\" alt=\"Die deutschen Panzergrenadiere bildeten gemeinsame Verb\u00e4nde mit \u00f6sterreichischen Kampfpanzern \u00a9 Doppeladler.com\" title=\"Die deutschen Panzergrenadiere bildeten gemeinsame Verb\u00e4nde mit \u00f6sterreichischen Kampfpanzern \u00a9 Doppeladler.com\"><\/a><a class=\"penci-gallery-ite item-gallery-justified\" href=\"https:\/\/www.doppeladler.com\/da\/wp-content\/uploads\/2013\/06\/leopard-eu-3.jpg\" data-cap=\"Kampfpanzer Leopard 2A4 \u00a9 Bundesheer\"><img decoding=\"async\" src=\"https:\/\/www.doppeladler.com\/da\/wp-content\/uploads\/2013\/06\/leopard-eu-3.jpg\" alt=\"Kampfpanzer Leopard 2A4 \u00a9 Bundesheer\" title=\"Kampfpanzer Leopard 2A4 \u00a9 Bundesheer\"><\/a><a class=\"penci-gallery-ite item-gallery-justified\" href=\"https:\/\/www.doppeladler.com\/da\/wp-content\/uploads\/2013\/06\/inf-1.jpg\" data-cap=\"Die MFOR h\u00e4lt bereits wichtige Wegpunkte besetzt \u00a9 Doppeladler.com\"><img decoding=\"async\" src=\"https:\/\/www.doppeladler.com\/da\/wp-content\/uploads\/2013\/06\/inf-1.jpg\" alt=\"Die MFOR h\u00e4lt bereits wichtige Wegpunkte besetzt \u00a9 Doppeladler.com\" title=\"Die MFOR h\u00e4lt bereits wichtige Wegpunkte besetzt \u00a9 Doppeladler.com\"><\/a><a class=\"penci-gallery-ite item-gallery-justified\" href=\"https:\/\/www.doppeladler.com\/da\/wp-content\/uploads\/2013\/06\/a3-bm-1.jpg\" data-cap=\"Alouette III der SAN REAL - Die &quot;echte&quot; Sanit\u00e4tsversorgung ist sichergestellt \u00a9 Bundesheer\"><img decoding=\"async\" src=\"https:\/\/www.doppeladler.com\/da\/wp-content\/uploads\/2013\/06\/a3-bm-1.jpg\" alt=\"Alouette III der SAN REAL - Die &quot;echte&quot; Sanit\u00e4tsversorgung ist sichergestellt \u00a9 Bundesheer\" title=\"Alouette III der SAN REAL &#8211; Die &#8222;echte&#8220; Sanit\u00e4tsversorgung ist sichergestellt \u00a9 Bundesheer\"><\/a><a class=\"penci-gallery-ite item-gallery-justified\" href=\"https:\/\/www.doppeladler.com\/da\/wp-content\/uploads\/2013\/06\/aladin-bm-stimpfl-1.jpg\" data-cap=\"Die deutsche Drohne vom Typ EMT ALADIN kann 30 Minuten in der Luft bleiben \u00a9 Bundesheer \/ Stimpfl\"><img decoding=\"async\" src=\"https:\/\/www.doppeladler.com\/da\/wp-content\/uploads\/2013\/06\/aladin-bm-stimpfl-1.jpg\" alt=\"Die deutsche Drohne vom Typ EMT ALADIN kann 30 Minuten in der Luft bleiben \u00a9 Bundesheer \/ Stimpfl\" title=\"Die deutsche Drohne vom Typ EMT ALADIN kann 30 Minuten in der Luft bleiben \u00a9 Bundesheer \/ Stimpfl\"><\/a><a class=\"penci-gallery-ite item-gallery-justified\" href=\"https:\/\/www.doppeladler.com\/da\/wp-content\/uploads\/2013\/06\/BrgChristiner-bm-stimpfl-1.jpg\" data-cap=\"Brigadier Christiner kommandiert die EU Battlegroup \u00a9 Bundesheer \/ Stimpfl\"><img decoding=\"async\" src=\"https:\/\/www.doppeladler.com\/da\/wp-content\/uploads\/2013\/06\/BrgChristiner-bm-stimpfl-1.jpg\" alt=\"Brigadier Christiner kommandiert die EU Battlegroup \u00a9 Bundesheer \/ Stimpfl\" title=\"Brigadier Christiner kommandiert die EU Battlegroup \u00a9 Bundesheer \/ Stimpfl\"><\/a><a class=\"penci-gallery-ite item-gallery-justified\" href=\"https:\/\/www.doppeladler.com\/da\/wp-content\/uploads\/2013\/06\/abc-bm-miller-1.jpg\" data-cap=\"Chemische Kampfstoffe werden von ABC Spezialisten dekontaminiert \u00a9 Bundesheer \/ Miller\"><img decoding=\"async\" src=\"https:\/\/www.doppeladler.com\/da\/wp-content\/uploads\/2013\/06\/abc-bm-miller-1.jpg\" alt=\"Chemische Kampfstoffe werden von ABC Spezialisten dekontaminiert \u00a9 Bundesheer \/ Miller\" title=\"Chemische Kampfstoffe werden von ABC Spezialisten dekontaminiert \u00a9 Bundesheer \/ Miller\"><\/a><a class=\"penci-gallery-ite item-gallery-justified\" href=\"https:\/\/www.doppeladler.com\/da\/wp-content\/uploads\/2013\/06\/deutsche-bm-kugelweis-1.jpg\" data-cap=\"Deutsche Panzergrenadiere im Feld \u00a9 Bundesheer \/ Kugelweis\"><img decoding=\"async\" src=\"https:\/\/www.doppeladler.com\/da\/wp-content\/uploads\/2013\/06\/deutsche-bm-kugelweis-1.jpg\" alt=\"Deutsche Panzergrenadiere im Feld \u00a9 Bundesheer \/ Kugelweis\" title=\"Deutsche Panzergrenadiere im Feld \u00a9 Bundesheer \/ Kugelweis\"><\/a><a class=\"penci-gallery-ite item-gallery-justified\" href=\"https:\/\/www.doppeladler.com\/da\/wp-content\/uploads\/2013\/06\/inf-bm-kugelweis-1.jpg\" data-cap=\"Soldaten der MFOR \u00a9 Bundesheer \/ Kugelweis\"><img decoding=\"async\" src=\"https:\/\/www.doppeladler.com\/da\/wp-content\/uploads\/2013\/06\/inf-bm-kugelweis-1.jpg\" alt=\"Soldaten der MFOR \u00a9 Bundesheer \/ Kugelweis\" title=\"Soldaten der MFOR \u00a9 Bundesheer \/ Kugelweis\"><\/a><a class=\"penci-gallery-ite item-gallery-justified\" href=\"https:\/\/www.doppeladler.com\/da\/wp-content\/uploads\/2013\/06\/fennek-bm-stimpfl-1.jpg\" data-cap=\"Sp\u00e4hwagen Fennek mit ausgefahrenem Sensormast \u00a9 Bundesheer \/ Stimpfl\"><img decoding=\"async\" src=\"https:\/\/www.doppeladler.com\/da\/wp-content\/uploads\/2013\/06\/fennek-bm-stimpfl-1.jpg\" alt=\"Sp\u00e4hwagen Fennek mit ausgefahrenem Sensormast \u00a9 Bundesheer \/ Stimpfl\" title=\"Sp\u00e4hwagen Fennek mit ausgefahrenem Sensormast \u00a9 Bundesheer \/ Stimpfl\"><\/a><a class=\"penci-gallery-ite item-gallery-justified\" href=\"https:\/\/www.doppeladler.com\/da\/wp-content\/uploads\/2013\/06\/vab4x4-bm-stimpfl-1.jpg\" data-cap=\"VAB Recce 4x4 der franz\u00f6sischen Truppe \u00a9 Bundesheer \/ Stimpfl\"><img decoding=\"async\" src=\"https:\/\/www.doppeladler.com\/da\/wp-content\/uploads\/2013\/06\/vab4x4-bm-stimpfl-1.jpg\" alt=\"VAB Recce 4x4 der franz\u00f6sischen Truppe \u00a9 Bundesheer \/ Stimpfl\" title=\"VAB Recce 4&#215;4 der franz\u00f6sischen Truppe \u00a9 Bundesheer \/ Stimpfl\"><\/a><a class=\"penci-gallery-ite item-gallery-justified\" href=\"https:\/\/www.doppeladler.com\/da\/wp-content\/uploads\/2013\/06\/fuchs-eu-2.jpg\" data-cap=\"Transportpanzer Fuchs der Bundeswehr \u00a9 Bundesheer\"><img decoding=\"async\" src=\"https:\/\/www.doppeladler.com\/da\/wp-content\/uploads\/2013\/06\/fuchs-eu-2.jpg\" alt=\"Transportpanzer Fuchs der Bundeswehr \u00a9 Bundesheer\" title=\"Transportpanzer Fuchs der Bundeswehr \u00a9 Bundesheer\"><\/a><a class=\"penci-gallery-ite item-gallery-justified\" href=\"https:\/\/www.doppeladler.com\/da\/wp-content\/uploads\/2013\/06\/handentsch\u00e4rfer-bm-miller-1.jpg\" data-cap=\"Handentsch\u00e4rfer im Einsatz \u00a9 Bundesheer \/ Miller\"><img decoding=\"async\" src=\"https:\/\/www.doppeladler.com\/da\/wp-content\/uploads\/2013\/06\/handentsch\u00e4rfer-bm-miller-1.jpg\" alt=\"Handentsch\u00e4rfer im Einsatz \u00a9 Bundesheer \/ Miller\" title=\"Handentsch\u00e4rfer im Einsatz \u00a9 Bundesheer \/ Miller\"><\/a><a class=\"penci-gallery-ite item-gallery-justified\" href=\"https:\/\/www.doppeladler.com\/da\/wp-content\/uploads\/2013\/06\/luna-8.jpg\" data-cap=\"Aufbau einer LUNA Drohne der Luftlandeaufkl\u00e4rungskompanie 260 (LLAufklKp 260). Im Wolf befinden sich zwei Drohnen. Im Anh\u00e4nger das Katapult \u00a9 Doppeladler.com\"><img decoding=\"async\" src=\"https:\/\/www.doppeladler.com\/da\/wp-content\/uploads\/2013\/06\/luna-8.jpg\" alt=\"Aufbau einer LUNA Drohne der Luftlandeaufkl\u00e4rungskompanie 260 (LLAufklKp 260). Im Wolf befinden sich zwei Drohnen. Im Anh\u00e4nger das Katapult \u00a9 Doppeladler.com\" title=\"Aufbau einer LUNA Drohne der Luftlandeaufkl\u00e4rungskompanie 260 (LLAufklKp 260). Im Wolf befinden sich zwei Drohnen. Im Anh\u00e4nger das Katapult \u00a9 Doppeladler.com\"><\/a><a class=\"penci-gallery-ite item-gallery-justified\" href=\"https:\/\/www.doppeladler.com\/da\/wp-content\/uploads\/2013\/06\/luna-6.jpg\" data-cap=\"Das Startkatapult wird aufgeklappt \u00a9 Doppeladler.com\"><img decoding=\"async\" src=\"https:\/\/www.doppeladler.com\/da\/wp-content\/uploads\/2013\/06\/luna-6.jpg\" alt=\"Das Startkatapult wird aufgeklappt \u00a9 Doppeladler.com\" title=\"Das Startkatapult wird aufgeklappt \u00a9 Doppeladler.com\"><\/a><a class=\"penci-gallery-ite item-gallery-justified\" href=\"https:\/\/www.doppeladler.com\/da\/wp-content\/uploads\/2013\/06\/luna-4.jpg\" data-cap=\"Die deutsche Drohneneinheit steht unter dem Kommando eines Bundesheer-F\u00e4hnrichs (am Katapult) \u00a9 Doppeladler.com\"><img decoding=\"async\" src=\"https:\/\/www.doppeladler.com\/da\/wp-content\/uploads\/2013\/06\/luna-4.jpg\" alt=\"Die deutsche Drohneneinheit steht unter dem Kommando eines Bundesheer-F\u00e4hnrichs (am Katapult) \u00a9 Doppeladler.com\" title=\"Die deutsche Drohneneinheit steht unter dem Kommando eines Bundesheer-F\u00e4hnrichs (am Katapult) \u00a9 Doppeladler.com\"><\/a><a class=\"penci-gallery-ite item-gallery-justified\" href=\"https:\/\/www.doppeladler.com\/da\/wp-content\/uploads\/2013\/06\/luna-2.jpg\" data-cap=\"Das Spannen des Katapults \u00a9 Doppeladler.com\"><img decoding=\"async\" src=\"https:\/\/www.doppeladler.com\/da\/wp-content\/uploads\/2013\/06\/luna-2.jpg\" alt=\"Das Spannen des Katapults \u00a9 Doppeladler.com\" title=\"Das Spannen des Katapults \u00a9 Doppeladler.com\"><\/a><a class=\"penci-gallery-ite item-gallery-justified\" href=\"https:\/\/www.doppeladler.com\/da\/wp-content\/uploads\/2013\/06\/luna-15.jpg\" data-cap=\"Eine LUNA wird startklar gemacht \u00a9 Doppeladler.com\"><img decoding=\"async\" src=\"https:\/\/www.doppeladler.com\/da\/wp-content\/uploads\/2013\/06\/luna-15.jpg\" alt=\"Eine LUNA wird startklar gemacht \u00a9 Doppeladler.com\" title=\"Eine LUNA wird startklar gemacht \u00a9 Doppeladler.com\"><\/a><a class=\"penci-gallery-ite item-gallery-justified\" href=\"https:\/\/www.doppeladler.com\/da\/wp-content\/uploads\/2013\/06\/luna-12.jpg\" data-cap=\"Montage der Tragfl\u00e4chen \u00a9 Doppeladler.com\"><img decoding=\"async\" src=\"https:\/\/www.doppeladler.com\/da\/wp-content\/uploads\/2013\/06\/luna-12.jpg\" alt=\"Montage der Tragfl\u00e4chen \u00a9 Doppeladler.com\" title=\"Montage der Tragfl\u00e4chen \u00a9 Doppeladler.com\"><\/a><a class=\"penci-gallery-ite item-gallery-justified\" href=\"https:\/\/www.doppeladler.com\/da\/wp-content\/uploads\/2013\/06\/luna-10.jpg\" data-cap=\"Letzter Check unter Aufsicht \u00a9 Doppeladler.com\"><img decoding=\"async\" src=\"https:\/\/www.doppeladler.com\/da\/wp-content\/uploads\/2013\/06\/luna-10.jpg\" alt=\"Letzter Check unter Aufsicht \u00a9 Doppeladler.com\" title=\"Letzter Check unter Aufsicht \u00a9 Doppeladler.com\"><\/a><a class=\"penci-gallery-ite item-gallery-justified\" href=\"https:\/\/www.doppeladler.com\/da\/wp-content\/uploads\/2013\/06\/luna-18.jpg\" data-cap=\"Startbefehl \u00a9 Doppeladler.com\"><img decoding=\"async\" src=\"https:\/\/www.doppeladler.com\/da\/wp-content\/uploads\/2013\/06\/luna-18.jpg\" alt=\"Startbefehl \u00a9 Doppeladler.com\" title=\"Startbefehl \u00a9 Doppeladler.com\"><\/a><a class=\"penci-gallery-ite item-gallery-justified\" href=\"https:\/\/www.doppeladler.com\/da\/wp-content\/uploads\/2013\/06\/luna-16.jpg\" data-cap=\"Die LUNA hebt ab \u00a9 Doppeladler.com\"><img decoding=\"async\" src=\"https:\/\/www.doppeladler.com\/da\/wp-content\/uploads\/2013\/06\/luna-16.jpg\" alt=\"Die LUNA hebt ab \u00a9 Doppeladler.com\" title=\"Die LUNA hebt ab \u00a9 Doppeladler.com\"><\/a><a class=\"penci-gallery-ite item-gallery-justified\" href=\"https:\/\/www.doppeladler.com\/da\/wp-content\/uploads\/2013\/06\/luna-21.jpg\" data-cap=\"Ab nun \u00fcbernimmt die Bodenkontrolle \u00a9 Doppeladler.com\"><img decoding=\"async\" src=\"https:\/\/www.doppeladler.com\/da\/wp-content\/uploads\/2013\/06\/luna-21.jpg\" alt=\"Ab nun \u00fcbernimmt die Bodenkontrolle \u00a9 Doppeladler.com\" title=\"Ab nun \u00fcbernimmt die Bodenkontrolle \u00a9 Doppeladler.com\"><\/a><a class=\"penci-gallery-ite item-gallery-justified\" href=\"https:\/\/www.doppeladler.com\/da\/wp-content\/uploads\/2013\/06\/kdo-bm-1.jpg\" data-cap=\"Die Bilder der Drohne werden in Echtzeit in das Kommando der Battlegroup \u00fcbertragen \u00a9 Doppeladler.com\"><img decoding=\"async\" src=\"https:\/\/www.doppeladler.com\/da\/wp-content\/uploads\/2013\/06\/kdo-bm-1.jpg\" alt=\"Die Bilder der Drohne werden in Echtzeit in das Kommando der Battlegroup \u00fcbertragen \u00a9 Doppeladler.com\" title=\"Die Bilder der Drohne werden in Echtzeit in das Kommando der Battlegroup \u00fcbertragen \u00a9 Doppeladler.com\"><\/a><a class=\"penci-gallery-ite item-gallery-justified\" href=\"https:\/\/www.doppeladler.com\/da\/wp-content\/uploads\/2013\/06\/marder-1.jpg\" data-cap=\"Die Panzerspitzen der MFOR warten schon auf die Bilder \u00a9 Doppeladler.com\"><img decoding=\"async\" src=\"https:\/\/www.doppeladler.com\/da\/wp-content\/uploads\/2013\/06\/marder-1.jpg\" alt=\"Die Panzerspitzen der MFOR warten schon auf die Bilder \u00a9 Doppeladler.com\" title=\"Die Panzerspitzen der MFOR warten schon auf die Bilder \u00a9 Doppeladler.com\"><\/a><a class=\"penci-gallery-ite item-gallery-justified\" href=\"https:\/\/www.doppeladler.com\/da\/wp-content\/uploads\/2013\/06\/marder-bm-honeder-8.jpg\" data-cap=\"Mit frischen Aufkl\u00e4rungsdaten versorgt r\u00fccken die Panzergrenadiere vor \u00a9 Bundesheer \/ Honeder\"><img decoding=\"async\" src=\"https:\/\/www.doppeladler.com\/da\/wp-content\/uploads\/2013\/06\/marder-bm-honeder-8.jpg\" alt=\"Mit frischen Aufkl\u00e4rungsdaten versorgt r\u00fccken die Panzergrenadiere vor \u00a9 Bundesheer \/ Honeder\" title=\"Mit frischen Aufkl\u00e4rungsdaten versorgt r\u00fccken die Panzergrenadiere vor \u00a9 Bundesheer \/ Honeder\"><\/a><a class=\"penci-gallery-ite item-gallery-justified\" href=\"https:\/\/www.doppeladler.com\/da\/wp-content\/uploads\/2013\/06\/leopard-bm-kugelweis-1.jpg\" data-cap=\"Die Kampfpanzer sichern den Vormarsch \u00a9 Bundesheer \/ Kugelweis\"><img decoding=\"async\" src=\"https:\/\/www.doppeladler.com\/da\/wp-content\/uploads\/2013\/06\/leopard-bm-kugelweis-1.jpg\" alt=\"Die Kampfpanzer sichern den Vormarsch \u00a9 Bundesheer \/ Kugelweis\" title=\"Die Kampfpanzer sichern den Vormarsch \u00a9 Bundesheer \/ Kugelweis\"><\/a><a class=\"penci-gallery-ite item-gallery-justified\" href=\"https:\/\/www.doppeladler.com\/da\/wp-content\/uploads\/2013\/06\/marder-4.jpg\" data-cap=\"Sch\u00fctzenpanzer Marder \u00a9 Doppeladler.com\"><img decoding=\"async\" src=\"https:\/\/www.doppeladler.com\/da\/wp-content\/uploads\/2013\/06\/marder-4.jpg\" alt=\"Sch\u00fctzenpanzer Marder \u00a9 Doppeladler.com\" title=\"Sch\u00fctzenpanzer Marder \u00a9 Doppeladler.com\"><\/a><a class=\"penci-gallery-ite item-gallery-justified\" href=\"https:\/\/www.doppeladler.com\/da\/wp-content\/uploads\/2013\/06\/marder-2.jpg\" data-cap=\"Sch\u00fctzenpanzer Marder \u00a9 Doppeladler.com\"><img decoding=\"async\" src=\"https:\/\/www.doppeladler.com\/da\/wp-content\/uploads\/2013\/06\/marder-2.jpg\" alt=\"Sch\u00fctzenpanzer Marder \u00a9 Doppeladler.com\" title=\"Sch\u00fctzenpanzer Marder \u00a9 Doppeladler.com\"><\/a><a class=\"penci-gallery-ite item-gallery-justified\" href=\"https:\/\/www.doppeladler.com\/da\/wp-content\/uploads\/2013\/06\/marder-7.jpg\" data-cap=\"Sch\u00fctzenpanzer Marder \u00a9 Doppeladler.com\"><img decoding=\"async\" src=\"https:\/\/www.doppeladler.com\/da\/wp-content\/uploads\/2013\/06\/marder-7.jpg\" alt=\"Sch\u00fctzenpanzer Marder \u00a9 Doppeladler.com\" title=\"Sch\u00fctzenpanzer Marder \u00a9 Doppeladler.com\"><\/a><a class=\"penci-gallery-ite item-gallery-justified\" href=\"https:\/\/www.doppeladler.com\/da\/wp-content\/uploads\/2013\/06\/marder-eu-1.jpg\" data-cap=\"Schneller Vorsto\u00df der Grenadiere \u00a9 Bundesheer\"><img decoding=\"async\" src=\"https:\/\/www.doppeladler.com\/da\/wp-content\/uploads\/2013\/06\/marder-eu-1.jpg\" alt=\"Schneller Vorsto\u00df der Grenadiere \u00a9 Bundesheer\" title=\"Schneller Vorsto\u00df der Grenadiere \u00a9 Bundesheer\"><\/a><a class=\"penci-gallery-ite item-gallery-justified\" href=\"https:\/\/www.doppeladler.com\/da\/wp-content\/uploads\/2013\/06\/redland-bm-plutsch-2.jpg\" data-cap=\"&quot;Redland-Truppen&quot; mit der Panzerabwehrlenkwaffe PAL 2000 \u00a9 Bundesheer \/ Plutsch\"><img decoding=\"async\" src=\"https:\/\/www.doppeladler.com\/da\/wp-content\/uploads\/2013\/06\/redland-bm-plutsch-2.jpg\" alt=\"&quot;Redland-Truppen&quot; mit der Panzerabwehrlenkwaffe PAL 2000 \u00a9 Bundesheer \/ Plutsch\" title=\"&#8222;Redland-Truppen&#8220; mit der Panzerabwehrlenkwaffe PAL 2000 \u00a9 Bundesheer \/ Plutsch\"><\/a><a class=\"penci-gallery-ite item-gallery-justified\" href=\"https:\/\/www.doppeladler.com\/da\/wp-content\/uploads\/2013\/06\/marder-bm-plutsch-2.jpg\" data-cap=\"Widerstand, der von der MFOR entschlossen gebrochen werden muss \u00a9 Bundesheer \/ Plutsch\"><img decoding=\"async\" src=\"https:\/\/www.doppeladler.com\/da\/wp-content\/uploads\/2013\/06\/marder-bm-plutsch-2.jpg\" alt=\"Widerstand, der von der MFOR entschlossen gebrochen werden muss \u00a9 Bundesheer \/ Plutsch\" title=\"Widerstand, der von der MFOR entschlossen gebrochen werden muss \u00a9 Bundesheer \/ Plutsch\"><\/a><a class=\"penci-gallery-ite item-gallery-justified\" href=\"https:\/\/www.doppeladler.com\/da\/wp-content\/uploads\/2013\/06\/mistral-bm-honeder-1.jpg\" data-cap=\"Das Operationsgebiet der Battlegroup wird von Fliegerabwehrkr\u00e4ften gesch\u00fctzt. Im Bild eine leichte Fliegerabwehrlenkwaffe Mistral \u00a9 Bundesheer \/ Honeder\"><img decoding=\"async\" src=\"https:\/\/www.doppeladler.com\/da\/wp-content\/uploads\/2013\/06\/mistral-bm-honeder-1.jpg\" alt=\"Das Operationsgebiet der Battlegroup wird von Fliegerabwehrkr\u00e4ften gesch\u00fctzt. Im Bild eine leichte Fliegerabwehrlenkwaffe Mistral \u00a9 Bundesheer \/ Honeder\" title=\"Das Operationsgebiet der Battlegroup wird von Fliegerabwehrkr\u00e4ften gesch\u00fctzt. Im Bild eine leichte Fliegerabwehrlenkwaffe Mistral \u00a9 Bundesheer \/ Honeder\"><\/a><a class=\"penci-gallery-ite item-gallery-justified\" href=\"https:\/\/www.doppeladler.com\/da\/wp-content\/uploads\/2013\/06\/mistral-eu-4.jpg\" data-cap=\"Leichte Fliegerabwehrlenkwaffe Mistral \u00a9 Bundesheer \/ Honeder\"><img decoding=\"async\" src=\"https:\/\/www.doppeladler.com\/da\/wp-content\/uploads\/2013\/06\/mistral-eu-4.jpg\" alt=\"Leichte Fliegerabwehrlenkwaffe Mistral \u00a9 Bundesheer \/ Honeder\" title=\"Leichte Fliegerabwehrlenkwaffe Mistral \u00a9 Bundesheer \/ Honeder\"><\/a><a class=\"penci-gallery-ite item-gallery-justified\" href=\"https:\/\/www.doppeladler.com\/da\/wp-content\/uploads\/2013\/06\/malina-bm-may-1.jpg\" data-cap=\"High Tech im Einsatz: Der UV LED Mallina Missile Warning Stimulator simuliert die Bedrohung durch eine tragbare Fliegerabwehrlenkwaffe mit Infrarot-Suchkopf \u00a9 Bundesheer \/ May\"><img decoding=\"async\" src=\"https:\/\/www.doppeladler.com\/da\/wp-content\/uploads\/2013\/06\/malina-bm-may-1.jpg\" alt=\"High Tech im Einsatz: Der UV LED Mallina Missile Warning Stimulator simuliert die Bedrohung durch eine tragbare Fliegerabwehrlenkwaffe mit Infrarot-Suchkopf \u00a9 Bundesheer \/ May\" title=\"High Tech im Einsatz: Der UV LED Mallina Missile Warning Stimulator simuliert die Bedrohung durch eine tragbare Fliegerabwehrlenkwaffe mit Infrarot-Suchkopf \u00a9 Bundesheer \/ May\"><\/a><a class=\"penci-gallery-ite item-gallery-justified\" href=\"https:\/\/www.doppeladler.com\/da\/wp-content\/uploads\/2013\/06\/mp-bm-miller-7.jpg\" data-cap=\"Die Milit\u00e4rpolizei soll einen Warlord festnehmen. Mit dabei ein Combat Camera Team \u00a9 Bundesheer \/ Miller\"><img decoding=\"async\" src=\"https:\/\/www.doppeladler.com\/da\/wp-content\/uploads\/2013\/06\/mp-bm-miller-7.jpg\" alt=\"Die Milit\u00e4rpolizei soll einen Warlord festnehmen. Mit dabei ein Combat Camera Team \u00a9 Bundesheer \/ Miller\" title=\"Die Milit\u00e4rpolizei soll einen Warlord festnehmen. Mit dabei ein Combat Camera Team \u00a9 Bundesheer \/ Miller\"><\/a><a class=\"penci-gallery-ite item-gallery-justified\" href=\"https:\/\/www.doppeladler.com\/da\/wp-content\/uploads\/2013\/06\/mp-bm-miller-4.jpg\" data-cap=\"Die Milit\u00e4rpolizei beim Zugriff \u00a9 Bundesheer \/ Miller\"><img decoding=\"async\" src=\"https:\/\/www.doppeladler.com\/da\/wp-content\/uploads\/2013\/06\/mp-bm-miller-4.jpg\" alt=\"Die Milit\u00e4rpolizei beim Zugriff \u00a9 Bundesheer \/ Miller\" title=\"Die Milit\u00e4rpolizei beim Zugriff \u00a9 Bundesheer \/ Miller\"><\/a><a class=\"penci-gallery-ite item-gallery-justified\" href=\"https:\/\/www.doppeladler.com\/da\/wp-content\/uploads\/2013\/06\/mp-bm-miller-6.jpg\" data-cap=\"Die Milit\u00e4rpolizei beim Zugriff \u00a9 Bundesheer \/ Miller\"><img decoding=\"async\" src=\"https:\/\/www.doppeladler.com\/da\/wp-content\/uploads\/2013\/06\/mp-bm-miller-6.jpg\" alt=\"Die Milit\u00e4rpolizei beim Zugriff \u00a9 Bundesheer \/ Miller\" title=\"Die Milit\u00e4rpolizei beim Zugriff \u00a9 Bundesheer \/ Miller\"><\/a><a class=\"penci-gallery-ite item-gallery-justified\" href=\"https:\/\/www.doppeladler.com\/da\/wp-content\/uploads\/2013\/06\/mp-bm-miller-3.jpg\" data-cap=\"Die Leibwache wurde ausgeschaltet. Der Warlord ist gefasst \u00a9 Bundesheer \/ Miller\"><img decoding=\"async\" src=\"https:\/\/www.doppeladler.com\/da\/wp-content\/uploads\/2013\/06\/mp-bm-miller-3.jpg\" alt=\"Die Leibwache wurde ausgeschaltet. Der Warlord ist gefasst \u00a9 Bundesheer \/ Miller\" title=\"Die Leibwache wurde ausgeschaltet. Der Warlord ist gefasst \u00a9 Bundesheer \/ Miller\"><\/a><a class=\"penci-gallery-ite item-gallery-justified\" href=\"https:\/\/www.doppeladler.com\/da\/wp-content\/uploads\/2013\/06\/mp-bm-miller-2.jpg\" data-cap=\"Der Warlord wird von der Milit\u00e4rpolizei abgef\u00fchrt \u00a9 Bundesheer \/ Miller\"><img decoding=\"async\" src=\"https:\/\/www.doppeladler.com\/da\/wp-content\/uploads\/2013\/06\/mp-bm-miller-2.jpg\" alt=\"Der Warlord wird von der Milit\u00e4rpolizei abgef\u00fchrt \u00a9 Bundesheer \/ Miller\" title=\"Der Warlord wird von der Milit\u00e4rpolizei abgef\u00fchrt \u00a9 Bundesheer \/ Miller\"><\/a><a class=\"penci-gallery-ite item-gallery-justified\" href=\"https:\/\/www.doppeladler.com\/da\/wp-content\/uploads\/2013\/06\/mp-bm-miller-1.jpg\" data-cap=\"Mit dem Agusta Bell AB-212 wird der Gefangene abtransportiert \u00a9 Bundesheer \/ Miller\"><img decoding=\"async\" src=\"https:\/\/www.doppeladler.com\/da\/wp-content\/uploads\/2013\/06\/mp-bm-miller-1.jpg\" alt=\"Mit dem Agusta Bell AB-212 wird der Gefangene abtransportiert \u00a9 Bundesheer \/ Miller\" title=\"Mit dem Agusta Bell AB-212 wird der Gefangene abtransportiert \u00a9 Bundesheer \/ Miller\"><\/a><a class=\"penci-gallery-ite item-gallery-justified\" href=\"https:\/\/www.doppeladler.com\/da\/wp-content\/uploads\/2013\/06\/lmv-eu-7.jpg\" data-cap=\"Gesch\u00fctztes Mehrzweckfahrzeug Iveco LMV \u00a9 Bundesheer \/ Stimpfl\"><img decoding=\"async\" src=\"https:\/\/www.doppeladler.com\/da\/wp-content\/uploads\/2013\/06\/lmv-eu-7.jpg\" alt=\"Gesch\u00fctztes Mehrzweckfahrzeug Iveco LMV \u00a9 Bundesheer \/ Stimpfl\" title=\"Gesch\u00fctztes Mehrzweckfahrzeug Iveco LMV \u00a9 Bundesheer \/ Stimpfl\"><\/a><a class=\"penci-gallery-ite item-gallery-justified\" href=\"https:\/\/www.doppeladler.com\/da\/wp-content\/uploads\/2013\/06\/pandur-1.jpg\" data-cap=\"Das J\u00e4gerbataillon 17 aus Stra\u00df bekommt neue Befehle: Befreiung der Ortschaft S\u00f6llitz aus den H\u00e4nden der Redl\u00e4nder \u00a9 Doppeladler.com\"><img decoding=\"async\" src=\"https:\/\/www.doppeladler.com\/da\/wp-content\/uploads\/2013\/06\/pandur-1.jpg\" alt=\"Das J\u00e4gerbataillon 17 aus Stra\u00df bekommt neue Befehle: Befreiung der Ortschaft S\u00f6llitz aus den H\u00e4nden der Redl\u00e4nder \u00a9 Doppeladler.com\" title=\"Das J\u00e4gerbataillon 17 aus Stra\u00df bekommt neue Befehle: Befreiung der Ortschaft S\u00f6llitz aus den H\u00e4nden der Redl\u00e4nder \u00a9 Doppeladler.com\"><\/a><a class=\"penci-gallery-ite item-gallery-justified\" href=\"https:\/\/www.doppeladler.com\/da\/wp-content\/uploads\/2013\/06\/pandur-6.jpg\" data-cap=\"Die Fahrzeuge setzen sich in Bewegung \u00a9 Doppeladler.com\"><img decoding=\"async\" src=\"https:\/\/www.doppeladler.com\/da\/wp-content\/uploads\/2013\/06\/pandur-6.jpg\" alt=\"Die Fahrzeuge setzen sich in Bewegung \u00a9 Doppeladler.com\" title=\"Die Fahrzeuge setzen sich in Bewegung \u00a9 Doppeladler.com\"><\/a><a class=\"penci-gallery-ite item-gallery-justified\" href=\"https:\/\/www.doppeladler.com\/da\/wp-content\/uploads\/2013\/06\/pandur-12.jpg\" data-cap=\"Das J\u00e4gerbataillon 17 ist mit dem Pandur A1 6x6 ausgestattet \u00a9 Doppeladler.com\"><img decoding=\"async\" src=\"https:\/\/www.doppeladler.com\/da\/wp-content\/uploads\/2013\/06\/pandur-12.jpg\" alt=\"Das J\u00e4gerbataillon 17 ist mit dem Pandur A1 6x6 ausgestattet \u00a9 Doppeladler.com\" title=\"Das J\u00e4gerbataillon 17 ist mit dem Pandur A1 6&#215;6 ausgestattet \u00a9 Doppeladler.com\"><\/a><a class=\"penci-gallery-ite item-gallery-justified\" href=\"https:\/\/www.doppeladler.com\/da\/wp-content\/uploads\/2013\/06\/pandur-10.jpg\" data-cap=\"Schneller Vorsto\u00df der Pandur A1 6x6 \u00a9 Doppeladler.com\"><img decoding=\"async\" src=\"https:\/\/www.doppeladler.com\/da\/wp-content\/uploads\/2013\/06\/pandur-10.jpg\" alt=\"Schneller Vorsto\u00df der Pandur A1 6x6 \u00a9 Doppeladler.com\" title=\"Schneller Vorsto\u00df der Pandur A1 6&#215;6 \u00a9 Doppeladler.com\"><\/a><a class=\"penci-gallery-ite item-gallery-justified\" href=\"https:\/\/www.doppeladler.com\/da\/wp-content\/uploads\/2013\/06\/inf-6.jpg\" data-cap=\"Hinter den gepanzerten Fahrzeugen st\u00fcrmen die J\u00e4ger heran \u00a9 Doppeladler.com\"><img decoding=\"async\" src=\"https:\/\/www.doppeladler.com\/da\/wp-content\/uploads\/2013\/06\/inf-6.jpg\" alt=\"Hinter den gepanzerten Fahrzeugen st\u00fcrmen die J\u00e4ger heran \u00a9 Doppeladler.com\" title=\"Hinter den gepanzerten Fahrzeugen st\u00fcrmen die J\u00e4ger heran \u00a9 Doppeladler.com\"><\/a><a class=\"penci-gallery-ite item-gallery-justified\" href=\"https:\/\/www.doppeladler.com\/da\/wp-content\/uploads\/2013\/06\/pandur-9.jpg\" data-cap=\"Schneller Vorsto\u00df der Pandur A1 6x6 \u00a9 Doppeladler.com\"><img decoding=\"async\" src=\"https:\/\/www.doppeladler.com\/da\/wp-content\/uploads\/2013\/06\/pandur-9.jpg\" alt=\"Schneller Vorsto\u00df der Pandur A1 6x6 \u00a9 Doppeladler.com\" title=\"Schneller Vorsto\u00df der Pandur A1 6&#215;6 \u00a9 Doppeladler.com\"><\/a><a class=\"penci-gallery-ite item-gallery-justified\" href=\"https:\/\/www.doppeladler.com\/da\/wp-content\/uploads\/2013\/06\/inf-5.jpg\" data-cap=\"Angriff der abgesessenen J\u00e4ger \u00a9 Doppeladler.com\"><img decoding=\"async\" src=\"https:\/\/www.doppeladler.com\/da\/wp-content\/uploads\/2013\/06\/inf-5.jpg\" alt=\"Angriff der abgesessenen J\u00e4ger \u00a9 Doppeladler.com\" title=\"Angriff der abgesessenen J\u00e4ger \u00a9 Doppeladler.com\"><\/a><a class=\"penci-gallery-ite item-gallery-justified\" href=\"https:\/\/www.doppeladler.com\/da\/wp-content\/uploads\/2013\/06\/saurer-8.jpg\" data-cap=\"Aus anderer Sto\u00dfrichtung greifen Panzerpioniere S\u00f6llitz an \u00a9 Doppeladler.com\"><img decoding=\"async\" src=\"https:\/\/www.doppeladler.com\/da\/wp-content\/uploads\/2013\/06\/saurer-8.jpg\" alt=\"Aus anderer Sto\u00dfrichtung greifen Panzerpioniere S\u00f6llitz an \u00a9 Doppeladler.com\" title=\"Aus anderer Sto\u00dfrichtung greifen Panzerpioniere S\u00f6llitz an \u00a9 Doppeladler.com\"><\/a><a class=\"penci-gallery-ite item-gallery-justified\" href=\"https:\/\/www.doppeladler.com\/da\/wp-content\/uploads\/2013\/06\/inf-4b.jpg\" data-cap=\"Soldaten des J\u00e4gerbataillons 17 beim Angriff \u00a9 Doppeladler.com\"><img decoding=\"async\" src=\"https:\/\/www.doppeladler.com\/da\/wp-content\/uploads\/2013\/06\/inf-4b.jpg\" alt=\"Soldaten des J\u00e4gerbataillons 17 beim Angriff \u00a9 Doppeladler.com\" title=\"Soldaten des J\u00e4gerbataillons 17 beim Angriff \u00a9 Doppeladler.com\"><\/a><a class=\"penci-gallery-ite item-gallery-justified\" href=\"https:\/\/www.doppeladler.com\/da\/wp-content\/uploads\/2013\/06\/saurer-15.jpg\" data-cap=\"Die Panzerpioniere sind mit Sch\u00fctzenpanzern SPz A1 ausger\u00fcstet \u00a9 Doppeladler.com\"><img decoding=\"async\" src=\"https:\/\/www.doppeladler.com\/da\/wp-content\/uploads\/2013\/06\/saurer-15.jpg\" alt=\"Die Panzerpioniere sind mit Sch\u00fctzenpanzern SPz A1 ausger\u00fcstet \u00a9 Doppeladler.com\" title=\"Die Panzerpioniere sind mit Sch\u00fctzenpanzern SPz A1 ausger\u00fcstet \u00a9 Doppeladler.com\"><\/a><a class=\"penci-gallery-ite item-gallery-justified\" href=\"https:\/\/www.doppeladler.com\/da\/wp-content\/uploads\/2013\/06\/saurer-2.jpg\" data-cap=\"Sch\u00fctzenpanzer SPzA1 \u00a9 Doppeladler.com\"><img decoding=\"async\" src=\"https:\/\/www.doppeladler.com\/da\/wp-content\/uploads\/2013\/06\/saurer-2.jpg\" alt=\"Sch\u00fctzenpanzer SPzA1 \u00a9 Doppeladler.com\" title=\"Sch\u00fctzenpanzer SPzA1 \u00a9 Doppeladler.com\"><\/a><a class=\"penci-gallery-ite item-gallery-justified\" href=\"https:\/\/www.doppeladler.com\/da\/wp-content\/uploads\/2013\/06\/saurer-7.jpg\" data-cap=\"Absitzen! \u00a9 Doppeladler.com\"><img decoding=\"async\" src=\"https:\/\/www.doppeladler.com\/da\/wp-content\/uploads\/2013\/06\/saurer-7.jpg\" alt=\"Absitzen! \u00a9 Doppeladler.com\" title=\"Absitzen! \u00a9 Doppeladler.com\"><\/a><a class=\"penci-gallery-ite item-gallery-justified\" href=\"https:\/\/www.doppeladler.com\/da\/wp-content\/uploads\/2013\/06\/pandur-15.jpg\" data-cap=\"Weitere Fahrzeuge r\u00fccken vor \u00a9 Doppeladler.com\"><img decoding=\"async\" src=\"https:\/\/www.doppeladler.com\/da\/wp-content\/uploads\/2013\/06\/pandur-15.jpg\" alt=\"Weitere Fahrzeuge r\u00fccken vor \u00a9 Doppeladler.com\" title=\"Weitere Fahrzeuge r\u00fccken vor \u00a9 Doppeladler.com\"><\/a><a class=\"penci-gallery-ite item-gallery-justified\" href=\"https:\/\/www.doppeladler.com\/da\/wp-content\/uploads\/2013\/06\/pandur-4.jpg\" data-cap=\"Die Kreuzung wird gesichert \u00a9 Doppeladler.com\"><img decoding=\"async\" src=\"https:\/\/www.doppeladler.com\/da\/wp-content\/uploads\/2013\/06\/pandur-4.jpg\" alt=\"Die Kreuzung wird gesichert \u00a9 Doppeladler.com\" title=\"Die Kreuzung wird gesichert \u00a9 Doppeladler.com\"><\/a><a class=\"penci-gallery-ite item-gallery-justified\" href=\"https:\/\/www.doppeladler.com\/da\/wp-content\/uploads\/2013\/06\/inf-3.jpg\" data-cap=\"Sicherungsring \u00a9 Doppeladler.com\"><img decoding=\"async\" src=\"https:\/\/www.doppeladler.com\/da\/wp-content\/uploads\/2013\/06\/inf-3.jpg\" alt=\"Sicherungsring \u00a9 Doppeladler.com\" title=\"Sicherungsring \u00a9 Doppeladler.com\"><\/a><a class=\"penci-gallery-ite item-gallery-justified\" href=\"https:\/\/www.doppeladler.com\/da\/wp-content\/uploads\/2013\/06\/pandur-21.jpg\" data-cap=\"Radpanzer Pandur A1 6x6 \u00a9 Doppeladler.com\"><img decoding=\"async\" src=\"https:\/\/www.doppeladler.com\/da\/wp-content\/uploads\/2013\/06\/pandur-21.jpg\" alt=\"Radpanzer Pandur A1 6x6 \u00a9 Doppeladler.com\" title=\"Radpanzer Pandur A1 6&#215;6 \u00a9 Doppeladler.com\"><\/a><a class=\"penci-gallery-ite item-gallery-justified\" href=\"https:\/\/www.doppeladler.com\/da\/wp-content\/uploads\/2013\/06\/pandur-7.jpg\" data-cap=\"Der Kompaniekommandant der Kaderpr\u00e4sentzeinheit des JgB17 studiert seine Karten \u00a9 Doppeladler.com\"><img decoding=\"async\" src=\"https:\/\/www.doppeladler.com\/da\/wp-content\/uploads\/2013\/06\/pandur-7.jpg\" alt=\"Der Kompaniekommandant der Kaderpr\u00e4sentzeinheit des JgB17 studiert seine Karten \u00a9 Doppeladler.com\" title=\"Der Kompaniekommandant der Kaderpr\u00e4sentzeinheit des JgB17 studiert seine Karten \u00a9 Doppeladler.com\"><\/a><a class=\"penci-gallery-ite item-gallery-justified\" href=\"https:\/\/www.doppeladler.com\/da\/wp-content\/uploads\/2013\/06\/saurer-14.jpg\" data-cap=\"Sch\u00fctzenpanzer SPz A1 \u00a9 Doppeladler.com\"><img decoding=\"async\" src=\"https:\/\/www.doppeladler.com\/da\/wp-content\/uploads\/2013\/06\/saurer-14.jpg\" alt=\"Sch\u00fctzenpanzer SPz A1 \u00a9 Doppeladler.com\" title=\"Sch\u00fctzenpanzer SPz A1 \u00a9 Doppeladler.com\"><\/a><a class=\"penci-gallery-ite item-gallery-justified\" href=\"https:\/\/www.doppeladler.com\/da\/wp-content\/uploads\/2013\/06\/saurer-5.jpg\" data-cap=\"Sch\u00fctzenpanzer SPz A1 \u00a9 Doppeladler.com\"><img decoding=\"async\" src=\"https:\/\/www.doppeladler.com\/da\/wp-content\/uploads\/2013\/06\/saurer-5.jpg\" alt=\"Sch\u00fctzenpanzer SPz A1 \u00a9 Doppeladler.com\" title=\"Sch\u00fctzenpanzer SPz A1 \u00a9 Doppeladler.com\"><\/a><a class=\"penci-gallery-ite item-gallery-justified\" href=\"https:\/\/www.doppeladler.com\/da\/wp-content\/uploads\/2013\/06\/pandur-8.jpg\" data-cap=\"Das Angriffsziel ist erreicht \u00a9 Doppeladler.com\"><img decoding=\"async\" src=\"https:\/\/www.doppeladler.com\/da\/wp-content\/uploads\/2013\/06\/pandur-8.jpg\" alt=\"Das Angriffsziel ist erreicht \u00a9 Doppeladler.com\" title=\"Das Angriffsziel ist erreicht \u00a9 Doppeladler.com\"><\/a><a class=\"penci-gallery-ite item-gallery-justified\" href=\"https:\/\/www.doppeladler.com\/da\/wp-content\/uploads\/2013\/06\/pandur-17.jpg\" data-cap=\"Radpanzer Pandur A1 6x6 \u00a9 Doppeladler.com\"><img decoding=\"async\" src=\"https:\/\/www.doppeladler.com\/da\/wp-content\/uploads\/2013\/06\/pandur-17.jpg\" alt=\"Radpanzer Pandur A1 6x6 \u00a9 Doppeladler.com\" title=\"Radpanzer Pandur A1 6&#215;6 \u00a9 Doppeladler.com\"><\/a><a class=\"penci-gallery-ite item-gallery-justified\" href=\"https:\/\/www.doppeladler.com\/da\/wp-content\/uploads\/2013\/06\/pandur-23.jpg\" data-cap=\"Radpanzer Pandur A1 6x6 \u00a9 Doppeladler.com\"><img decoding=\"async\" src=\"https:\/\/www.doppeladler.com\/da\/wp-content\/uploads\/2013\/06\/pandur-23.jpg\" alt=\"Radpanzer Pandur A1 6x6 \u00a9 Doppeladler.com\" title=\"Radpanzer Pandur A1 6&#215;6 \u00a9 Doppeladler.com\"><\/a><a class=\"penci-gallery-ite item-gallery-justified\" href=\"https:\/\/www.doppeladler.com\/da\/wp-content\/uploads\/2013\/06\/pandur-19.jpg\" data-cap=\"Der Rest der Truppe r\u00fcckt nach \u00a9 Doppeladler.com\"><img decoding=\"async\" src=\"https:\/\/www.doppeladler.com\/da\/wp-content\/uploads\/2013\/06\/pandur-19.jpg\" alt=\"Der Rest der Truppe r\u00fcckt nach \u00a9 Doppeladler.com\" title=\"Der Rest der Truppe r\u00fcckt nach \u00a9 Doppeladler.com\"><\/a><a class=\"penci-gallery-ite item-gallery-justified\" href=\"https:\/\/www.doppeladler.com\/da\/wp-content\/uploads\/2013\/06\/kfz-1.jpg\" data-cap=\"Der Rest der Truppe r\u00fcckt nach \u00a9 Doppeladler.com\"><img decoding=\"async\" src=\"https:\/\/www.doppeladler.com\/da\/wp-content\/uploads\/2013\/06\/kfz-1.jpg\" alt=\"Der Rest der Truppe r\u00fcckt nach \u00a9 Doppeladler.com\" title=\"Der Rest der Truppe r\u00fcckt nach \u00a9 Doppeladler.com\"><\/a><a class=\"penci-gallery-ite item-gallery-justified\" href=\"https:\/\/www.doppeladler.com\/da\/wp-content\/uploads\/2013\/06\/pandur-20.jpg\" data-cap=\"Radpanzer Pandur A1 6x6 \u00a9 Doppeladler.com\"><img decoding=\"async\" src=\"https:\/\/www.doppeladler.com\/da\/wp-content\/uploads\/2013\/06\/pandur-20.jpg\" alt=\"Radpanzer Pandur A1 6x6 \u00a9 Doppeladler.com\" title=\"Radpanzer Pandur A1 6&#215;6 \u00a9 Doppeladler.com\"><\/a><a class=\"penci-gallery-ite item-gallery-justified\" href=\"https:\/\/www.doppeladler.com\/da\/wp-content\/uploads\/2013\/06\/pandur-28.jpg\" data-cap=\"Radpanzer Pandur A1 6x6 \u00a9 Doppeladler.com\"><img decoding=\"async\" src=\"https:\/\/www.doppeladler.com\/da\/wp-content\/uploads\/2013\/06\/pandur-28.jpg\" alt=\"Radpanzer Pandur A1 6x6 \u00a9 Doppeladler.com\" title=\"Radpanzer Pandur A1 6&#215;6 \u00a9 Doppeladler.com\"><\/a><a class=\"penci-gallery-ite item-gallery-justified\" href=\"https:\/\/www.doppeladler.com\/da\/wp-content\/uploads\/2013\/06\/inf-7.jpg\" data-cap=\"Die Einnahme von S\u00f6llnitz wird gemeldet \u00a9 Doppeladler.com\"><img decoding=\"async\" src=\"https:\/\/www.doppeladler.com\/da\/wp-content\/uploads\/2013\/06\/inf-7.jpg\" alt=\"Die Einnahme von S\u00f6llnitz wird gemeldet \u00a9 Doppeladler.com\" title=\"Die Einnahme von S\u00f6llnitz wird gemeldet \u00a9 Doppeladler.com\"><\/a><a class=\"penci-gallery-ite item-gallery-justified\" href=\"https:\/\/www.doppeladler.com\/da\/wp-content\/uploads\/2013\/06\/pandur-26.jpg\" data-cap=\"Radpanzer Pandur A1 6x6 \u00a9 Doppeladler.com\"><img decoding=\"async\" src=\"https:\/\/www.doppeladler.com\/da\/wp-content\/uploads\/2013\/06\/pandur-26.jpg\" alt=\"Radpanzer Pandur A1 6x6 \u00a9 Doppeladler.com\" title=\"Radpanzer Pandur A1 6&#215;6 \u00a9 Doppeladler.com\"><\/a><a class=\"penci-gallery-ite item-gallery-justified\" href=\"https:\/\/www.doppeladler.com\/da\/wp-content\/uploads\/2013\/06\/saurer-4.jpg\" data-cap=\"Sch\u00fctzenpanzer SPz A1 \u00a9 Doppeladler.com\"><img decoding=\"async\" src=\"https:\/\/www.doppeladler.com\/da\/wp-content\/uploads\/2013\/06\/saurer-4.jpg\" alt=\"Sch\u00fctzenpanzer SPz A1 \u00a9 Doppeladler.com\" title=\"Sch\u00fctzenpanzer SPz A1 \u00a9 Doppeladler.com\"><\/a><a class=\"penci-gallery-ite item-gallery-justified\" href=\"https:\/\/www.doppeladler.com\/da\/wp-content\/uploads\/2013\/06\/saurer-6.jpg\" data-cap=\"Einweisung eines Melders \u00a9 Doppeladler.com\"><img decoding=\"async\" src=\"https:\/\/www.doppeladler.com\/da\/wp-content\/uploads\/2013\/06\/saurer-6.jpg\" alt=\"Einweisung eines Melders \u00a9 Doppeladler.com\" title=\"Einweisung eines Melders \u00a9 Doppeladler.com\"><\/a><a class=\"penci-gallery-ite item-gallery-justified\" href=\"https:\/\/www.doppeladler.com\/da\/wp-content\/uploads\/2013\/06\/pandur-30.jpg\" data-cap=\"Neue Befehle treffen ein - der Vorsto\u00df der MFOR geht weiter \u00a9 Doppeladler.com\"><img decoding=\"async\" src=\"https:\/\/www.doppeladler.com\/da\/wp-content\/uploads\/2013\/06\/pandur-30.jpg\" alt=\"Neue Befehle treffen ein - der Vorsto\u00df der MFOR geht weiter \u00a9 Doppeladler.com\" title=\"Neue Befehle treffen ein &#8211; der Vorsto\u00df der MFOR geht weiter \u00a9 Doppeladler.com\"><\/a><a class=\"penci-gallery-ite item-gallery-justified\" href=\"https:\/\/www.doppeladler.com\/da\/wp-content\/uploads\/2013\/06\/pandur-29.jpg\" data-cap=\"Der Konvoi setzt sich erneut in Bewegung \u00a9 Doppeladler.com\"><img decoding=\"async\" src=\"https:\/\/www.doppeladler.com\/da\/wp-content\/uploads\/2013\/06\/pandur-29.jpg\" alt=\"Der Konvoi setzt sich erneut in Bewegung \u00a9 Doppeladler.com\" title=\"Der Konvoi setzt sich erneut in Bewegung \u00a9 Doppeladler.com\"><\/a><a class=\"penci-gallery-ite item-gallery-justified\" href=\"https:\/\/www.doppeladler.com\/da\/wp-content\/uploads\/2013\/06\/saurer-1.jpg\" data-cap=\"Die Sch\u00fctzenpanzer r\u00fccken weiter vor \u00a9 Doppeladler.com\"><img decoding=\"async\" src=\"https:\/\/www.doppeladler.com\/da\/wp-content\/uploads\/2013\/06\/saurer-1.jpg\" alt=\"Die Sch\u00fctzenpanzer r\u00fccken weiter vor \u00a9 Doppeladler.com\" title=\"Die Sch\u00fctzenpanzer r\u00fccken weiter vor \u00a9 Doppeladler.com\"><\/a><a class=\"penci-gallery-ite item-gallery-justified\" href=\"https:\/\/www.doppeladler.com\/da\/wp-content\/uploads\/2013\/06\/saurer-11.jpg\" data-cap=\"Sch\u00fctzenpanzer SPz A1 \u00a9 Doppeladler.com\"><img decoding=\"async\" src=\"https:\/\/www.doppeladler.com\/da\/wp-content\/uploads\/2013\/06\/saurer-11.jpg\" alt=\"Sch\u00fctzenpanzer SPz A1 \u00a9 Doppeladler.com\" title=\"Sch\u00fctzenpanzer SPz A1 \u00a9 Doppeladler.com\"><\/a><a class=\"penci-gallery-ite item-gallery-justified\" href=\"https:\/\/www.doppeladler.com\/da\/wp-content\/uploads\/2013\/06\/pandur-24.jpg\" data-cap=\"Radpanzer Pandur A1 6x6 \u00a9 Doppeladler.com\"><img decoding=\"async\" src=\"https:\/\/www.doppeladler.com\/da\/wp-content\/uploads\/2013\/06\/pandur-24.jpg\" alt=\"Radpanzer Pandur A1 6x6 \u00a9 Doppeladler.com\" title=\"Radpanzer Pandur A1 6&#215;6 \u00a9 Doppeladler.com\"><\/a><a class=\"penci-gallery-ite item-gallery-justified\" href=\"https:\/\/www.doppeladler.com\/da\/wp-content\/uploads\/2013\/06\/pc-7-1.jpg\" data-cap=\"Pilatus PC-6 Turbo Porter &quot;3G-ED&quot; \u00a9 Doppeladler.com\"><img decoding=\"async\" src=\"https:\/\/www.doppeladler.com\/da\/wp-content\/uploads\/2013\/06\/pc-7-1.jpg\" alt=\"Pilatus PC-6 Turbo Porter &quot;3G-ED&quot; \u00a9 Doppeladler.com\" title=\"Pilatus PC-6 Turbo Porter &#8222;3G-ED&#8220; \u00a9 Doppeladler.com\"><\/a><a class=\"penci-gallery-ite item-gallery-justified\" href=\"https:\/\/www.doppeladler.com\/da\/wp-content\/uploads\/2013\/06\/pinzgauer-bm-stimpfl-1.jpg\" data-cap=\"Pinzgauer 6x6 mit W\u00e4rmebildger\u00e4t Sophie 2 \u00a9 Bundesheer \/ Stimpfl\"><img decoding=\"async\" src=\"https:\/\/www.doppeladler.com\/da\/wp-content\/uploads\/2013\/06\/pinzgauer-bm-stimpfl-1.jpg\" alt=\"Pinzgauer 6x6 mit W\u00e4rmebildger\u00e4t Sophie 2 \u00a9 Bundesheer \/ Stimpfl\" title=\"Pinzgauer 6&#215;6 mit W\u00e4rmebildger\u00e4t Sophie 2 \u00a9 Bundesheer \/ Stimpfl\"><\/a><a class=\"penci-gallery-ite item-gallery-justified\" href=\"https:\/\/www.doppeladler.com\/da\/wp-content\/uploads\/2013\/06\/un-1.jpg\" data-cap=\"Zur gleichen Zeit er\u00f6ffnet die UN Fact-Finding-Mission ihr Regional Center in Greenland \u00a9 Doppeladler.com\"><img decoding=\"async\" src=\"https:\/\/www.doppeladler.com\/da\/wp-content\/uploads\/2013\/06\/un-1.jpg\" alt=\"Zur gleichen Zeit er\u00f6ffnet die UN Fact-Finding-Mission ihr Regional Center in Greenland \u00a9 Doppeladler.com\" title=\"Zur gleichen Zeit er\u00f6ffnet die UN Fact-Finding-Mission ihr Regional Center in Greenland \u00a9 Doppeladler.com\"><\/a><a class=\"penci-gallery-ite item-gallery-justified\" href=\"https:\/\/www.doppeladler.com\/da\/wp-content\/uploads\/2013\/06\/pressekonferenz-3.jpg\" data-cap=\"Die G\u00e4ste m\u00fcssen durch eine Sicherheitskontrolle \u00a9 Doppeladler.com\"><img decoding=\"async\" src=\"https:\/\/www.doppeladler.com\/da\/wp-content\/uploads\/2013\/06\/pressekonferenz-3.jpg\" alt=\"Die G\u00e4ste m\u00fcssen durch eine Sicherheitskontrolle \u00a9 Doppeladler.com\" title=\"Die G\u00e4ste m\u00fcssen durch eine Sicherheitskontrolle \u00a9 Doppeladler.com\"><\/a><a class=\"penci-gallery-ite item-gallery-justified\" href=\"https:\/\/www.doppeladler.com\/da\/wp-content\/uploads\/2013\/06\/pressekonferenz-1.jpg\" data-cap=\"Dann beginnt die Pressekonferenz, wo sich die UN kritischen Fragen stellen musste \u00a9 Doppeladler.com\"><img decoding=\"async\" src=\"https:\/\/www.doppeladler.com\/da\/wp-content\/uploads\/2013\/06\/pressekonferenz-1.jpg\" alt=\"Dann beginnt die Pressekonferenz, wo sich die UN kritischen Fragen stellen musste \u00a9 Doppeladler.com\" title=\"Dann beginnt die Pressekonferenz, wo sich die UN kritischen Fragen stellen musste \u00a9 Doppeladler.com\"><\/a><a class=\"penci-gallery-ite item-gallery-justified\" href=\"https:\/\/www.doppeladler.com\/da\/wp-content\/uploads\/2013\/06\/pressekonferenz-2.jpg\" data-cap=\"Die Leiter der Mission erkl\u00e4ren den Medienvertretern Redlands und Greenlands die Absicht, einen Blauhelm-Einsatz vorzubereiten und ersuchen um Kooperation \u00a9 Doppeladler.com\"><img decoding=\"async\" src=\"https:\/\/www.doppeladler.com\/da\/wp-content\/uploads\/2013\/06\/pressekonferenz-2.jpg\" alt=\"Die Leiter der Mission erkl\u00e4ren den Medienvertretern Redlands und Greenlands die Absicht, einen Blauhelm-Einsatz vorzubereiten und ersuchen um Kooperation \u00a9 Doppeladler.com\" title=\"Die Leiter der Mission erkl\u00e4ren den Medienvertretern Redlands und Greenlands die Absicht, einen Blauhelm-Einsatz vorzubereiten und ersuchen um Kooperation \u00a9 Doppeladler.com\"><\/a><a class=\"penci-gallery-ite item-gallery-justified\" href=\"https:\/\/www.doppeladler.com\/da\/wp-content\/uploads\/2013\/06\/fennek-4.jpg\" data-cap=\"Zwei Fennek Sp\u00e4hwagen sichern das Gel\u00e4nde um die Pressekonferenz \u00a9 Doppeladler.com\"><img decoding=\"async\" src=\"https:\/\/www.doppeladler.com\/da\/wp-content\/uploads\/2013\/06\/fennek-4.jpg\" alt=\"Zwei Fennek Sp\u00e4hwagen sichern das Gel\u00e4nde um die Pressekonferenz \u00a9 Doppeladler.com\" title=\"Zwei Fennek Sp\u00e4hwagen sichern das Gel\u00e4nde um die Pressekonferenz \u00a9 Doppeladler.com\"><\/a><a class=\"penci-gallery-ite item-gallery-justified\" href=\"https:\/\/www.doppeladler.com\/da\/wp-content\/uploads\/2013\/06\/fennek-2.jpg\" data-cap=\"Die Battlegroup ist auch f\u00fcr die Sicherheit der UN Mitarbeiter verantwortlich \u00a9 Doppeladler.com\"><img decoding=\"async\" src=\"https:\/\/www.doppeladler.com\/da\/wp-content\/uploads\/2013\/06\/fennek-2.jpg\" alt=\"Die Battlegroup ist auch f\u00fcr die Sicherheit der UN Mitarbeiter verantwortlich \u00a9 Doppeladler.com\" title=\"Die Battlegroup ist auch f\u00fcr die Sicherheit der UN Mitarbeiter verantwortlich \u00a9 Doppeladler.com\"><\/a><a class=\"penci-gallery-ite item-gallery-justified\" href=\"https:\/\/www.doppeladler.com\/da\/wp-content\/uploads\/2013\/06\/sprengguertel-bm-miller-1.jpg\" data-cap=\"Ein entf\u00fchrter UN Mitarbeiter meldet sich zur\u00fcck. Er wurde mit einer Sprengfalle versehen und muss zun\u00e4chst beruhigt werden \u00a9 Doppeladler.com\"><img decoding=\"async\" src=\"https:\/\/www.doppeladler.com\/da\/wp-content\/uploads\/2013\/06\/sprengguertel-bm-miller-1.jpg\" alt=\"Ein entf\u00fchrter UN Mitarbeiter meldet sich zur\u00fcck. Er wurde mit einer Sprengfalle versehen und muss zun\u00e4chst beruhigt werden \u00a9 Doppeladler.com\" title=\"Ein entf\u00fchrter UN Mitarbeiter meldet sich zur\u00fcck. Er wurde mit einer Sprengfalle versehen und muss zun\u00e4chst beruhigt werden \u00a9 Doppeladler.com\"><\/a><a class=\"penci-gallery-ite item-gallery-justified\" href=\"https:\/\/www.doppeladler.com\/da\/wp-content\/uploads\/2013\/06\/dingo-3.jpg\" data-cap=\"Lageeinweisung f\u00fcr die anr\u00fcckenden Bombenentsch\u00e4rfer durch UN Personal \u00a9 Doppeladler.com\"><img decoding=\"async\" src=\"https:\/\/www.doppeladler.com\/da\/wp-content\/uploads\/2013\/06\/dingo-3.jpg\" alt=\"Lageeinweisung f\u00fcr die anr\u00fcckenden Bombenentsch\u00e4rfer durch UN Personal \u00a9 Doppeladler.com\" title=\"Lageeinweisung f\u00fcr die anr\u00fcckenden Bombenentsch\u00e4rfer durch UN Personal \u00a9 Doppeladler.com\"><\/a><a class=\"penci-gallery-ite item-gallery-justified\" href=\"https:\/\/www.doppeladler.com\/da\/wp-content\/uploads\/2013\/06\/un-4.jpg\" data-cap=\"Bergung und Versorgung von Minenopfern durch die UN Mitarbeiter \u00a9 Doppeladler.com\"><img decoding=\"async\" src=\"https:\/\/www.doppeladler.com\/da\/wp-content\/uploads\/2013\/06\/un-4.jpg\" alt=\"Bergung und Versorgung von Minenopfern durch die UN Mitarbeiter \u00a9 Doppeladler.com\" title=\"Bergung und Versorgung von Minenopfern durch die UN Mitarbeiter \u00a9 Doppeladler.com\"><\/a><a class=\"penci-gallery-ite item-gallery-justified\" href=\"https:\/\/www.doppeladler.com\/da\/wp-content\/uploads\/2013\/06\/pandur-27.jpg\" data-cap=\"Radpanzer Pandur A1 6x6 \u00a9 Doppeladler.com\"><img decoding=\"async\" src=\"https:\/\/www.doppeladler.com\/da\/wp-content\/uploads\/2013\/06\/pandur-27.jpg\" alt=\"Radpanzer Pandur A1 6x6 \u00a9 Doppeladler.com\" title=\"Radpanzer Pandur A1 6&#215;6 \u00a9 Doppeladler.com\"><\/a><a class=\"penci-gallery-ite item-gallery-justified\" href=\"https:\/\/www.doppeladler.com\/da\/wp-content\/uploads\/2013\/06\/saurer-16.jpg\" data-cap=\"Beobachtungspanzer \u00a9 Doppeladler.com\"><img decoding=\"async\" src=\"https:\/\/www.doppeladler.com\/da\/wp-content\/uploads\/2013\/06\/saurer-16.jpg\" alt=\"Beobachtungspanzer \u00a9 Doppeladler.com\" title=\"Beobachtungspanzer \u00a9 Doppeladler.com\"><\/a><a class=\"penci-gallery-ite item-gallery-justified\" href=\"https:\/\/www.doppeladler.com\/da\/wp-content\/uploads\/2013\/06\/redland-bm-stimpfl-1.jpg\" data-cap=\"Die &quot;Redland-Truppen&quot; sind nicht bereit aus ihrer Hochburg Steinbach abzuziehen \u00a9 Bundesheer \/ Stimpfl\"><img decoding=\"async\" src=\"https:\/\/www.doppeladler.com\/da\/wp-content\/uploads\/2013\/06\/redland-bm-stimpfl-1.jpg\" alt=\"Die &quot;Redland-Truppen&quot; sind nicht bereit aus ihrer Hochburg Steinbach abzuziehen \u00a9 Bundesheer \/ Stimpfl\" title=\"Die &#8222;Redland-Truppen&#8220; sind nicht bereit aus ihrer Hochburg Steinbach abzuziehen \u00a9 Bundesheer \/ Stimpfl\"><\/a><a class=\"penci-gallery-ite item-gallery-justified\" href=\"https:\/\/www.doppeladler.com\/da\/wp-content\/uploads\/2013\/06\/saurer-eu-1.jpg\" data-cap=\"Deutsche und \u00f6sterreichische MFOR Truppen machen sich zum Sturm bereit \u00a9 Bundesheer\"><img decoding=\"async\" src=\"https:\/\/www.doppeladler.com\/da\/wp-content\/uploads\/2013\/06\/saurer-eu-1.jpg\" alt=\"Deutsche und \u00f6sterreichische MFOR Truppen machen sich zum Sturm bereit \u00a9 Bundesheer\" title=\"Deutsche und \u00f6sterreichische MFOR Truppen machen sich zum Sturm bereit \u00a9 Bundesheer\"><\/a><a class=\"penci-gallery-ite item-gallery-justified\" href=\"https:\/\/www.doppeladler.com\/da\/wp-content\/uploads\/2013\/06\/pandur-13.jpg\" data-cap=\"Seit dem Fall S\u00f6llnitzs ist der Weg nach Steinbach frei \u00a9 Doppeladler.com\"><img decoding=\"async\" src=\"https:\/\/www.doppeladler.com\/da\/wp-content\/uploads\/2013\/06\/pandur-13.jpg\" alt=\"Seit dem Fall S\u00f6llnitzs ist der Weg nach Steinbach frei \u00a9 Doppeladler.com\" title=\"Seit dem Fall S\u00f6llnitzs ist der Weg nach Steinbach frei \u00a9 Doppeladler.com\"><\/a><a class=\"penci-gallery-ite item-gallery-justified\" href=\"https:\/\/www.doppeladler.com\/da\/wp-content\/uploads\/2013\/06\/greif-bm-honeder-3.jpg\" data-cap=\"Die Panzerpioniere der EUBG r\u00e4umen die Zug\u00e4nge in die Ortschaft. Im Bild ein Bergepanzer Greif \u00a9 Bundesheer \/ Honeder\"><img decoding=\"async\" src=\"https:\/\/www.doppeladler.com\/da\/wp-content\/uploads\/2013\/06\/greif-bm-honeder-3.jpg\" alt=\"Die Panzerpioniere der EUBG r\u00e4umen die Zug\u00e4nge in die Ortschaft. Im Bild ein Bergepanzer Greif \u00a9 Bundesheer \/ Honeder\" title=\"Die Panzerpioniere der EUBG r\u00e4umen die Zug\u00e4nge in die Ortschaft. Im Bild ein Bergepanzer Greif \u00a9 Bundesheer \/ Honeder\"><\/a><a class=\"penci-gallery-ite item-gallery-justified\" href=\"https:\/\/www.doppeladler.com\/da\/wp-content\/uploads\/2013\/06\/inf-bm-stimpfl-4.jpg\" data-cap=\"Die MFOR geht in Stellung \u00a9 Bundesheer \/ Stimpfl\"><img decoding=\"async\" src=\"https:\/\/www.doppeladler.com\/da\/wp-content\/uploads\/2013\/06\/inf-bm-stimpfl-4.jpg\" alt=\"Die MFOR geht in Stellung \u00a9 Bundesheer \/ Stimpfl\" title=\"Die MFOR geht in Stellung \u00a9 Bundesheer \/ Stimpfl\"><\/a><a class=\"penci-gallery-ite item-gallery-justified\" href=\"https:\/\/www.doppeladler.com\/da\/wp-content\/uploads\/2013\/06\/angriff-eu-1.jpg\" data-cap=\"Der Weg ist frei \u00a9 Bundesheer \/ Stimpfl\"><img decoding=\"async\" src=\"https:\/\/www.doppeladler.com\/da\/wp-content\/uploads\/2013\/06\/angriff-eu-1.jpg\" alt=\"Der Weg ist frei \u00a9 Bundesheer \/ Stimpfl\" title=\"Der Weg ist frei \u00a9 Bundesheer \/ Stimpfl\"><\/a><a class=\"penci-gallery-ite item-gallery-justified\" href=\"https:\/\/www.doppeladler.com\/da\/wp-content\/uploads\/2013\/06\/leopard-bm-stimpfl-7.jpg\" data-cap=\"Kampfpanzer Leopard 2A4 dringen in die Ortschaft Steinbach ein \u00a9 Bundesheer\"><img decoding=\"async\" src=\"https:\/\/www.doppeladler.com\/da\/wp-content\/uploads\/2013\/06\/leopard-bm-stimpfl-7.jpg\" alt=\"Kampfpanzer Leopard 2A4 dringen in die Ortschaft Steinbach ein \u00a9 Bundesheer\" title=\"Kampfpanzer Leopard 2A4 dringen in die Ortschaft Steinbach ein \u00a9 Bundesheer\"><\/a><a class=\"penci-gallery-ite item-gallery-justified\" href=\"https:\/\/www.doppeladler.com\/da\/wp-content\/uploads\/2013\/06\/dorf-eu-1.jpg\" data-cap=\"Die Entscheidungsschlacht hat begonnen \u00a9 Bundesheer\"><img decoding=\"async\" src=\"https:\/\/www.doppeladler.com\/da\/wp-content\/uploads\/2013\/06\/dorf-eu-1.jpg\" alt=\"Die Entscheidungsschlacht hat begonnen \u00a9 Bundesheer\" title=\"Die Entscheidungsschlacht hat begonnen \u00a9 Bundesheer\"><\/a><a class=\"penci-gallery-ite item-gallery-justified\" href=\"https:\/\/www.doppeladler.com\/da\/wp-content\/uploads\/2013\/06\/leopard-eu-4.jpg\" data-cap=\"Im Schutz der Panzer r\u00fcckt die Infanterie vor \u00a9 Bundesheer\"><img decoding=\"async\" src=\"https:\/\/www.doppeladler.com\/da\/wp-content\/uploads\/2013\/06\/leopard-eu-4.jpg\" alt=\"Im Schutz der Panzer r\u00fcckt die Infanterie vor \u00a9 Bundesheer\" title=\"Im Schutz der Panzer r\u00fcckt die Infanterie vor \u00a9 Bundesheer\"><\/a><a class=\"penci-gallery-ite item-gallery-justified\" href=\"https:\/\/www.doppeladler.com\/da\/wp-content\/uploads\/2013\/06\/ortskampf-bm-stiegler-4.jpg\" data-cap=\"Panzer und Infanterie - ein eingespieltes Team - im Ortskampf \u00a9 Bundesheer \/ Stiegler\"><img decoding=\"async\" src=\"https:\/\/www.doppeladler.com\/da\/wp-content\/uploads\/2013\/06\/ortskampf-bm-stiegler-4.jpg\" alt=\"Panzer und Infanterie - ein eingespieltes Team - im Ortskampf \u00a9 Bundesheer \/ Stiegler\" title=\"Panzer und Infanterie &#8211; ein eingespieltes Team &#8211; im Ortskampf \u00a9 Bundesheer \/ Stiegler\"><\/a><a class=\"penci-gallery-ite item-gallery-justified\" href=\"https:\/\/www.doppeladler.com\/da\/wp-content\/uploads\/2013\/06\/ortskampf-bm-stiegler-5.jpg\" data-cap=\"Die Infanterie schw\u00e4rmt aus \u00a9 Bundesheer\"><img decoding=\"async\" src=\"https:\/\/www.doppeladler.com\/da\/wp-content\/uploads\/2013\/06\/ortskampf-bm-stiegler-5.jpg\" alt=\"Die Infanterie schw\u00e4rmt aus \u00a9 Bundesheer\" title=\"Die Infanterie schw\u00e4rmt aus \u00a9 Bundesheer\"><\/a><a class=\"penci-gallery-ite item-gallery-justified\" href=\"https:\/\/www.doppeladler.com\/da\/wp-content\/uploads\/2013\/06\/marder-bm-stiegler-1.jpg\" data-cap=\"Auch die Bundeswehr r\u00fcckt in Steinbach ein \u00a9 Bundesheer \/ Stiegler\"><img decoding=\"async\" src=\"https:\/\/www.doppeladler.com\/da\/wp-content\/uploads\/2013\/06\/marder-bm-stiegler-1.jpg\" alt=\"Auch die Bundeswehr r\u00fcckt in Steinbach ein \u00a9 Bundesheer \/ Stiegler\" title=\"Auch die Bundeswehr r\u00fcckt in Steinbach ein \u00a9 Bundesheer \/ Stiegler\"><\/a><a class=\"penci-gallery-ite item-gallery-justified\" href=\"https:\/\/www.doppeladler.com\/da\/wp-content\/uploads\/2013\/06\/inf-bm-stimpfl-2.jpg\" data-cap=\"Der Kampf um jedes einzelne Haus beginnt \u00a9 Bundesheer \/ Stimpfl\"><img decoding=\"async\" src=\"https:\/\/www.doppeladler.com\/da\/wp-content\/uploads\/2013\/06\/inf-bm-stimpfl-2.jpg\" alt=\"Der Kampf um jedes einzelne Haus beginnt \u00a9 Bundesheer \/ Stimpfl\" title=\"Der Kampf um jedes einzelne Haus beginnt \u00a9 Bundesheer \/ Stimpfl\"><\/a><a class=\"penci-gallery-ite item-gallery-justified\" href=\"https:\/\/www.doppeladler.com\/da\/wp-content\/uploads\/2013\/06\/redland-eu-5.jpg\" data-cap=\"Panzerabwehrrohr PAR 66\/79 mit Duell-Simulationssystem \u00a9 Bundesheer \/ Stimpfl\"><img decoding=\"async\" src=\"https:\/\/www.doppeladler.com\/da\/wp-content\/uploads\/2013\/06\/redland-eu-5.jpg\" alt=\"Panzerabwehrrohr PAR 66\/79 mit Duell-Simulationssystem \u00a9 Bundesheer \/ Stimpfl\" title=\"Panzerabwehrrohr PAR 66\/79 mit Duell-Simulationssystem \u00a9 Bundesheer \/ Stimpfl\"><\/a><a class=\"penci-gallery-ite item-gallery-justified\" href=\"https:\/\/www.doppeladler.com\/da\/wp-content\/uploads\/2013\/06\/oh58-eu-1.jpg\" data-cap=\"Unterst\u00fctzung kommt aus der Luft - Bell OH-58B Kiowa \u00a9 Bundesheer\"><img decoding=\"async\" src=\"https:\/\/www.doppeladler.com\/da\/wp-content\/uploads\/2013\/06\/oh58-eu-1.jpg\" alt=\"Unterst\u00fctzung kommt aus der Luft - Bell OH-58B Kiowa \u00a9 Bundesheer\" title=\"Unterst\u00fctzung kommt aus der Luft &#8211; Bell OH-58B Kiowa \u00a9 Bundesheer\"><\/a><a class=\"penci-gallery-ite item-gallery-justified\" href=\"https:\/\/www.doppeladler.com\/da\/wp-content\/uploads\/2013\/06\/ortskampf-eu-1.jpg\" data-cap=\"Kampf im bebauten Gebiet \u00a9 Bundesheer\"><img decoding=\"async\" src=\"https:\/\/www.doppeladler.com\/da\/wp-content\/uploads\/2013\/06\/ortskampf-eu-1.jpg\" alt=\"Kampf im bebauten Gebiet \u00a9 Bundesheer\" title=\"Kampf im bebauten Gebiet \u00a9 Bundesheer\"><\/a><a class=\"penci-gallery-ite item-gallery-justified\" href=\"https:\/\/www.doppeladler.com\/da\/wp-content\/uploads\/2013\/06\/redland-eu-6.jpg\" data-cap=\"Wieder mischen sich Zivilisten in die K\u00e4mpfe ein \u00a9 Bundesheer \/ Stimpfl\"><img decoding=\"async\" src=\"https:\/\/www.doppeladler.com\/da\/wp-content\/uploads\/2013\/06\/redland-eu-6.jpg\" alt=\"Wieder mischen sich Zivilisten in die K\u00e4mpfe ein \u00a9 Bundesheer \/ Stimpfl\" title=\"Wieder mischen sich Zivilisten in die K\u00e4mpfe ein \u00a9 Bundesheer \/ Stimpfl\"><\/a><a class=\"penci-gallery-ite item-gallery-justified\" href=\"https:\/\/www.doppeladler.com\/da\/wp-content\/uploads\/2013\/06\/inf-bm-stiegler-2.jpg\" data-cap=\"Kampf im bebauten Gebiet \u00a9 Bundesheer\"><img decoding=\"async\" src=\"https:\/\/www.doppeladler.com\/da\/wp-content\/uploads\/2013\/06\/inf-bm-stiegler-2.jpg\" alt=\"Kampf im bebauten Gebiet \u00a9 Bundesheer\" title=\"Kampf im bebauten Gebiet \u00a9 Bundesheer\"><\/a><a class=\"penci-gallery-ite item-gallery-justified\" href=\"https:\/\/www.doppeladler.com\/da\/wp-content\/uploads\/2013\/06\/inf-bm-stiegler-1.jpg\" data-cap=\"Kampf im bebauten Gebiet \u00a9 Bundesheer\"><img decoding=\"async\" src=\"https:\/\/www.doppeladler.com\/da\/wp-content\/uploads\/2013\/06\/inf-bm-stiegler-1.jpg\" alt=\"Kampf im bebauten Gebiet \u00a9 Bundesheer\" title=\"Kampf im bebauten Gebiet \u00a9 Bundesheer\"><\/a><a class=\"penci-gallery-ite item-gallery-justified\" href=\"https:\/\/www.doppeladler.com\/da\/wp-content\/uploads\/2013\/06\/lautsprecher-eu-1.jpg\" data-cap=\"Die letzten Redl\u00e4nder sind umstellt. Per Lautsprecher wird zur Aufgabe aufgerufen \u00a9 Bundesheer \/ Stimpfl\"><img decoding=\"async\" src=\"https:\/\/www.doppeladler.com\/da\/wp-content\/uploads\/2013\/06\/lautsprecher-eu-1.jpg\" alt=\"Die letzten Redl\u00e4nder sind umstellt. Per Lautsprecher wird zur Aufgabe aufgerufen \u00a9 Bundesheer \/ Stimpfl\" title=\"Die letzten Redl\u00e4nder sind umstellt. Per Lautsprecher wird zur Aufgabe aufgerufen \u00a9 Bundesheer \/ Stimpfl\"><\/a><a class=\"penci-gallery-ite item-gallery-justified\" href=\"https:\/\/www.doppeladler.com\/da\/wp-content\/uploads\/2013\/06\/tv-bm-may-1.jpg\" data-cap=\"Es ist auch ein Krieg der Bilder - f\u00fcr die EURAD13 werden TV- und Radiosendungen sowie Printmedien produziert \u00a9 Bundesheer \/ May\"><img decoding=\"async\" src=\"https:\/\/www.doppeladler.com\/da\/wp-content\/uploads\/2013\/06\/tv-bm-may-1.jpg\" alt=\"Es ist auch ein Krieg der Bilder - f\u00fcr die EURAD13 werden TV- und Radiosendungen sowie Printmedien produziert \u00a9 Bundesheer \/ May\" title=\"Es ist auch ein Krieg der Bilder &#8211; f\u00fcr die EURAD13 werden TV- und Radiosendungen sowie Printmedien produziert \u00a9 Bundesheer \/ May\"><\/a><a class=\"penci-gallery-ite item-gallery-justified\" href=\"https:\/\/www.doppeladler.com\/da\/wp-content\/uploads\/2013\/06\/leitung-6.jpg\" data-cap=\"Die Leitstelle der \u00dcbungsleitung \u00a9 Doppeladler.com\"><img decoding=\"async\" src=\"https:\/\/www.doppeladler.com\/da\/wp-content\/uploads\/2013\/06\/leitung-6.jpg\" alt=\"Die Leitstelle der \u00dcbungsleitung \u00a9 Doppeladler.com\" title=\"Die Leitstelle der \u00dcbungsleitung \u00a9 Doppeladler.com\"><\/a><a class=\"penci-gallery-ite item-gallery-justified\" href=\"https:\/\/www.doppeladler.com\/da\/wp-content\/uploads\/2013\/06\/leitung-2.jpg\" data-cap=\"Auch die Leitstelle ist multinational besetzt \u00a9 Doppeladler.com\"><img decoding=\"async\" src=\"https:\/\/www.doppeladler.com\/da\/wp-content\/uploads\/2013\/06\/leitung-2.jpg\" alt=\"Auch die Leitstelle ist multinational besetzt \u00a9 Doppeladler.com\" title=\"Auch die Leitstelle ist multinational besetzt \u00a9 Doppeladler.com\"><\/a><a class=\"penci-gallery-ite item-gallery-justified\" href=\"https:\/\/www.doppeladler.com\/da\/wp-content\/uploads\/2013\/06\/leitung-1.jpg\" data-cap=\"Auch die Leitstelle ist multinational besetzt \u00a9 Doppeladler.com\"><img decoding=\"async\" src=\"https:\/\/www.doppeladler.com\/da\/wp-content\/uploads\/2013\/06\/leitung-1.jpg\" alt=\"Auch die Leitstelle ist multinational besetzt \u00a9 Doppeladler.com\" title=\"Auch die Leitstelle ist multinational besetzt \u00a9 Doppeladler.com\"><\/a><a class=\"penci-gallery-ite item-gallery-justified\" href=\"https:\/\/www.doppeladler.com\/da\/wp-content\/uploads\/2013\/06\/dingo-2.jpg\" data-cap=\"Nachts kriechen die Allschutz-Transportfahrzeuge Dingo 2 aus ihren L\u00f6chern \u00a9 Doppeladler.com\"><img decoding=\"async\" src=\"https:\/\/www.doppeladler.com\/da\/wp-content\/uploads\/2013\/06\/dingo-2.jpg\" alt=\"Nachts kriechen die Allschutz-Transportfahrzeuge Dingo 2 aus ihren L\u00f6chern \u00a9 Doppeladler.com\" title=\"Nachts kriechen die Allschutz-Transportfahrzeuge Dingo 2 aus ihren L\u00f6chern \u00a9 Doppeladler.com\"><\/a><\/div>\n<h2><b>\u00dcBUNGSTEILNEHMER<\/b><\/h2>\n<ul>\n<li>\u00d6sterreichisches Bundesheer: Streitkr\u00e4ftef\u00fchrungskommando, Teile der 6. und 7. J\u00e4gerbrigade, die Milit\u00e4rstreife und Milit\u00e4rpolizei, Elemente der Luftunterst\u00fctzung und Luftraum\u00fcberwachung, Stabspersonal aller Milit\u00e4rkommanden, J\u00e4gerbataillon Ober\u00f6sterreich (wurde abgezogen!), die Auslandseinsatzbasis, das F\u00fchrungsunterst\u00fctzungsbataillon 1 und 2 sowie Studentinnen und Studenten der Universit\u00e4t Innsbruck.<\/li>\n<\/ul>\n<ul>\n<li>Deutschland (216 Personen): Panzergrenadierkompanie, Aufkl\u00e4rungskompanie (Drohnen), Kampfmittel-Abwehrelement, Stabspersonal<\/li>\n<li>Frankreich (66 Personen): Aufkl\u00e4rungskompanie, Stabspersonal<\/li>\n<li>Italien (4 Personen): Stabspersonal<\/li>\n<\/ul>\n<p><b>Weiterf\u00fchrende Links<\/b>:<\/p>\n<ul>\n<li><a title=\"EURAD 10 \u2013 SCHUTZ UND HILFE F\u00dcR MAINLAND\" href=\"https:\/\/www.doppeladler.com\/da\/oebh\/eurad-10\/\">Unsere Reportage von der \u00dcbung EURAD 2010<\/a><\/li>\n<li><a href=\"http:\/\/www.uibk.ac.at\/peacestudies\/ma-program\/index\" target=\"_blank\">ULG Frieden, Entwicklung, Sicherheit und Internationale Konflikttransformation der Universit\u00e4t Innsbruck.<\/a><\/li>\n<li><a href=\"http:\/\/www.bundesheer.gv.at\/archiv\/a2013\/europeanadvance2013\/index.shtml\" target=\"_blank\">EURAD13 Informationsmodul auf bundesheer.at<\/a><\/li>\n<\/ul>\n<p>DOPPELADLER.COM bedankt sich bei der Pressestelle der EURAD13 f\u00fcr die hevorragende Betreuung, ohne die diese Reportage nicht m\u00f6glich gewesen w\u00e4re. Ohne dem zur Verf\u00fcgung gestellten Bildmaterial h\u00e4tten wir mit den eigenen Fotos nur einen sehr beschr\u00e4nkten Einblick in diese interessante Gro\u00df\u00fcbung gew\u00e4hren k\u00f6nnen.<\/p>\n","protected":false},"excerpt":{"rendered":"<p>Die European Advance 2013 (EURAD13) fand vom 21. Mai bis 7. Juni 2013 statt und war das gr\u00f6\u00dfte Heeresman\u00f6ver des Bundesheeres im Jahr 2013. Gemeinsam mit Deutschland, Frankreich und Italien wurde in einem komplexen Szenario der Einsatz einer EU Battle Group zur Friedensschaffung ge\u00fcbt.<\/p>\n","protected":false},"author":1,"featured_media":5513,"comment_status":"closed","ping_status":"open","sticky":false,"template":"","format":"standard","meta":{"footnotes":""},"categories":[3,99],"tags":[532,70,863,871,425,68,534,533,501,321,536,877,69,535],"yoast_head":"<!-- This site is optimized with the Yoast SEO plugin v23.3 - https:\/\/yoast.com\/wordpress\/plugins\/seo\/ -->\n<title>EUROPEAN ADVANCE 2013 | DOPPELADLER.COM<\/title>\n<meta name=\"description\" content=\"Die European Advance 2013 (EURAD13) fand vom 21. Mai bis 7. Juni 2013 statt und war das gr\u00f6\u00dfte Heeresman\u00f6ver des Bundesheeres im Jahr 2013.\" \/>\n<meta name=\"robots\" content=\"index, follow, max-snippet:-1, max-image-preview:large, max-video-preview:-1\" \/>\n<link rel=\"canonical\" href=\"https:\/\/www.doppeladler.com\/da\/oebh\/european-advance-2013\/\" \/>\n<meta name=\"twitter:label1\" content=\"Verfasst von\" \/>\n\t<meta name=\"twitter:data1\" content=\"Doppeladler\" \/>\n\t<meta name=\"twitter:label2\" content=\"Gesch\u00e4tzte Lesezeit\" \/>\n\t<meta name=\"twitter:data2\" content=\"6\u00a0Minuten\" \/>\n<script type=\"application\/ld+json\" class=\"yoast-schema-graph\">{\"@context\":\"https:\/\/schema.org\",\"@graph\":[{\"@type\":\"WebPage\",\"@id\":\"https:\/\/www.doppeladler.com\/da\/oebh\/european-advance-2013\/\",\"url\":\"https:\/\/www.doppeladler.com\/da\/oebh\/european-advance-2013\/\",\"name\":\"EUROPEAN ADVANCE 2013 | DOPPELADLER.COM\",\"isPartOf\":{\"@id\":\"https:\/\/www.doppeladler.com\/da\/#website\"},\"primaryImageOfPage\":{\"@id\":\"https:\/\/www.doppeladler.com\/da\/oebh\/european-advance-2013\/#primaryimage\"},\"image\":{\"@id\":\"https:\/\/www.doppeladler.com\/da\/oebh\/european-advance-2013\/#primaryimage\"},\"thumbnailUrl\":\"https:\/\/www.doppeladler.com\/da\/wp-content\/uploads\/2013\/06\/title-eurad.jpg\",\"datePublished\":\"2013-06-13T21:22:39+00:00\",\"dateModified\":\"2013-07-05T21:21:35+00:00\",\"author\":{\"@id\":\"https:\/\/www.doppeladler.com\/da\/#\/schema\/person\/232b998b629b89b24a916becce3e9476\"},\"description\":\"Die European Advance 2013 (EURAD13) fand vom 21. Mai bis 7. Juni 2013 statt und war das gr\u00f6\u00dfte Heeresman\u00f6ver des Bundesheeres im Jahr 2013.\",\"breadcrumb\":{\"@id\":\"https:\/\/www.doppeladler.com\/da\/oebh\/european-advance-2013\/#breadcrumb\"},\"inLanguage\":\"de\",\"potentialAction\":[{\"@type\":\"ReadAction\",\"target\":[\"https:\/\/www.doppeladler.com\/da\/oebh\/european-advance-2013\/\"]}]},{\"@type\":\"ImageObject\",\"inLanguage\":\"de\",\"@id\":\"https:\/\/www.doppeladler.com\/da\/oebh\/european-advance-2013\/#primaryimage\",\"url\":\"https:\/\/www.doppeladler.com\/da\/wp-content\/uploads\/2013\/06\/title-eurad.jpg\",\"contentUrl\":\"https:\/\/www.doppeladler.com\/da\/wp-content\/uploads\/2013\/06\/title-eurad.jpg\",\"width\":540,\"height\":200,\"caption\":\"Die \\\"European Advance 2013\\\" (EURAD13) war das gr\u00f6\u00dfte Heeresman\u00f6ver im Jahr 2013 \u00a9 Doppeladler.com\"},{\"@type\":\"BreadcrumbList\",\"@id\":\"https:\/\/www.doppeladler.com\/da\/oebh\/european-advance-2013\/#breadcrumb\",\"itemListElement\":[{\"@type\":\"ListItem\",\"position\":1,\"name\":\"Startseite\",\"item\":\"https:\/\/www.doppeladler.com\/da\/\"},{\"@type\":\"ListItem\",\"position\":2,\"name\":\"EUROPEAN ADVANCE 2013\"}]},{\"@type\":\"WebSite\",\"@id\":\"https:\/\/www.doppeladler.com\/da\/#website\",\"url\":\"https:\/\/www.doppeladler.com\/da\/\",\"name\":\"DOPPELADLER.COM\",\"description\":\"Plattform f\u00fcr \u00d6sterreichs Milit\u00e4rgeschichte\",\"potentialAction\":[{\"@type\":\"SearchAction\",\"target\":{\"@type\":\"EntryPoint\",\"urlTemplate\":\"https:\/\/www.doppeladler.com\/da\/?s={search_term_string}\"},\"query-input\":\"required name=search_term_string\"}],\"inLanguage\":\"de\"},{\"@type\":\"Person\",\"@id\":\"https:\/\/www.doppeladler.com\/da\/#\/schema\/person\/232b998b629b89b24a916becce3e9476\",\"name\":\"Doppeladler\",\"sameAs\":[\"http:\/\/www.doppeladler.com\"]}]}<\/script>\n<!-- \/ Yoast SEO plugin. -->","yoast_head_json":{"title":"EUROPEAN ADVANCE 2013 | DOPPELADLER.COM","description":"Die European Advance 2013 (EURAD13) fand vom 21. Mai bis 7. Juni 2013 statt und war das gr\u00f6\u00dfte Heeresman\u00f6ver des Bundesheeres im Jahr 2013.","robots":{"index":"index","follow":"follow","max-snippet":"max-snippet:-1","max-image-preview":"max-image-preview:large","max-video-preview":"max-video-preview:-1"},"canonical":"https:\/\/www.doppeladler.com\/da\/oebh\/european-advance-2013\/","twitter_misc":{"Verfasst von":"Doppeladler","Gesch\u00e4tzte Lesezeit":"6\u00a0Minuten"},"schema":{"@context":"https:\/\/schema.org","@graph":[{"@type":"WebPage","@id":"https:\/\/www.doppeladler.com\/da\/oebh\/european-advance-2013\/","url":"https:\/\/www.doppeladler.com\/da\/oebh\/european-advance-2013\/","name":"EUROPEAN ADVANCE 2013 | DOPPELADLER.COM","isPartOf":{"@id":"https:\/\/www.doppeladler.com\/da\/#website"},"primaryImageOfPage":{"@id":"https:\/\/www.doppeladler.com\/da\/oebh\/european-advance-2013\/#primaryimage"},"image":{"@id":"https:\/\/www.doppeladler.com\/da\/oebh\/european-advance-2013\/#primaryimage"},"thumbnailUrl":"https:\/\/www.doppeladler.com\/da\/wp-content\/uploads\/2013\/06\/title-eurad.jpg","datePublished":"2013-06-13T21:22:39+00:00","dateModified":"2013-07-05T21:21:35+00:00","author":{"@id":"https:\/\/www.doppeladler.com\/da\/#\/schema\/person\/232b998b629b89b24a916becce3e9476"},"description":"Die European Advance 2013 (EURAD13) fand vom 21. Mai bis 7. Juni 2013 statt und war das gr\u00f6\u00dfte Heeresman\u00f6ver des Bundesheeres im Jahr 2013.","breadcrumb":{"@id":"https:\/\/www.doppeladler.com\/da\/oebh\/european-advance-2013\/#breadcrumb"},"inLanguage":"de","potentialAction":[{"@type":"ReadAction","target":["https:\/\/www.doppeladler.com\/da\/oebh\/european-advance-2013\/"]}]},{"@type":"ImageObject","inLanguage":"de","@id":"https:\/\/www.doppeladler.com\/da\/oebh\/european-advance-2013\/#primaryimage","url":"https:\/\/www.doppeladler.com\/da\/wp-content\/uploads\/2013\/06\/title-eurad.jpg","contentUrl":"https:\/\/www.doppeladler.com\/da\/wp-content\/uploads\/2013\/06\/title-eurad.jpg","width":540,"height":200,"caption":"Die \"European Advance 2013\" (EURAD13) war das gr\u00f6\u00dfte Heeresman\u00f6ver im Jahr 2013 \u00a9 Doppeladler.com"},{"@type":"BreadcrumbList","@id":"https:\/\/www.doppeladler.com\/da\/oebh\/european-advance-2013\/#breadcrumb","itemListElement":[{"@type":"ListItem","position":1,"name":"Startseite","item":"https:\/\/www.doppeladler.com\/da\/"},{"@type":"ListItem","position":2,"name":"EUROPEAN ADVANCE 2013"}]},{"@type":"WebSite","@id":"https:\/\/www.doppeladler.com\/da\/#website","url":"https:\/\/www.doppeladler.com\/da\/","name":"DOPPELADLER.COM","description":"Plattform f\u00fcr \u00d6sterreichs Milit\u00e4rgeschichte","potentialAction":[{"@type":"SearchAction","target":{"@type":"EntryPoint","urlTemplate":"https:\/\/www.doppeladler.com\/da\/?s={search_term_string}"},"query-input":"required name=search_term_string"}],"inLanguage":"de"},{"@type":"Person","@id":"https:\/\/www.doppeladler.com\/da\/#\/schema\/person\/232b998b629b89b24a916becce3e9476","name":"Doppeladler","sameAs":["http:\/\/www.doppeladler.com"]}]}},"_links":{"self":[{"href":"https:\/\/www.doppeladler.com\/da\/wp-json\/wp\/v2\/posts\/5512"}],"collection":[{"href":"https:\/\/www.doppeladler.com\/da\/wp-json\/wp\/v2\/posts"}],"about":[{"href":"https:\/\/www.doppeladler.com\/da\/wp-json\/wp\/v2\/types\/post"}],"author":[{"embeddable":true,"href":"https:\/\/www.doppeladler.com\/da\/wp-json\/wp\/v2\/users\/1"}],"replies":[{"embeddable":true,"href":"https:\/\/www.doppeladler.com\/da\/wp-json\/wp\/v2\/comments?post=5512"}],"version-history":[{"count":0,"href":"https:\/\/www.doppeladler.com\/da\/wp-json\/wp\/v2\/posts\/5512\/revisions"}],"wp:featuredmedia":[{"embeddable":true,"href":"https:\/\/www.doppeladler.com\/da\/wp-json\/wp\/v2\/media\/5513"}],"wp:attachment":[{"href":"https:\/\/www.doppeladler.com\/da\/wp-json\/wp\/v2\/media?parent=5512"}],"wp:term":[{"taxonomy":"category","embeddable":true,"href":"https:\/\/www.doppeladler.com\/da\/wp-json\/wp\/v2\/categories?post=5512"},{"taxonomy":"post_tag","embeddable":true,"href":"https:\/\/www.doppeladler.com\/da\/wp-json\/wp\/v2\/tags?post=5512"}],"curies":[{"name":"wp","href":"https:\/\/api.w.org\/{rel}","templated":true}]}}