{"id":4405,"date":"2012-09-11T15:58:35","date_gmt":"2012-09-11T13:58:35","guid":{"rendered":"http:\/\/www.doppeladler.com\/da\/?p=4405"},"modified":"2017-04-28T16:15:44","modified_gmt":"2017-04-28T14:15:44","slug":"iveco-lmv-bei-der-truppe","status":"publish","type":"post","link":"https:\/\/www.doppeladler.com\/da\/oebh\/iveco-lmv-bei-der-truppe\/","title":{"rendered":"ERSTE IVECO LMV BEI DER TRUPPE"},"content":{"rendered":"<p style=\"text-align: left;\"><img fetchpriority=\"high\" decoding=\"async\" class=\"aligncenter size-full wp-image-4407\" style=\"margin-top: 0px; margin-bottom: 0px;\" title=\"IVECO LMV des Aufkl\u00e4rungs- und Artilleriebataillons AAB 3 \u00a9 diedritte.at\/Bodensteiner\" src=\"https:\/\/www.doppeladler.com\/da\/wp-content\/uploads\/2012\/09\/title-lmv-truppe1.jpg\" alt=\"IVECO LMV des Aufkl\u00e4rungs- und Artilleriebataillons AAB 3 \u00a9 diedritte.at\/Bodensteiner\" width=\"540\" height=\"200\" srcset=\"https:\/\/www.doppeladler.com\/da\/wp-content\/uploads\/2012\/09\/title-lmv-truppe1.jpg 540w, https:\/\/www.doppeladler.com\/da\/wp-content\/uploads\/2012\/09\/title-lmv-truppe1-300x111.jpg 300w\" sizes=\"(max-width: 540px) 100vw, 540px\" \/><span class=\"main-img-text\">Neues Pferd im Stall \u2013 ein Iveco LMV des AAB 3 \u00a9 diedritte.at\/Bodensteiner<\/span><\/p>\n<p>Am 21. August 2012 wurde das erste leichte gesch\u00fctzte Mehrzweckfahrzeug vom Typ IVECO LMV an die Truppe \u00fcbergeben. Dem Aufkl\u00e4rungs- und Artilleriebataillon 3 (AAB 3) aus Mistelbach wurde die Ehre zuteil, der erste Verband des \u00d6sterreichischen Bundesheeres zu sein, der mit dem neuen Fahrzeug ausgestattet wird. Die \u00dcbergabe erfolgte im Rahmen des Traditionstages des AAB 3, der auf das Reitergefecht bei Jaroslawice am 21. August 1914 zur\u00fcckgeht. Das Gefecht war eine der ersten Schlachten des 1. Weltkriegs und gleichzeitig eines der letzten Reitergefechte. Damals konnte eine \u00f6sterreich-ungarische Kavallerieeinheit die in \u00dcberzahl angreifende russische Kavallerie zur\u00fcckschlagen.<\/p>\n<div id=\"penci-post-gallery__56641\" class=\"penci-post-gallery-container justified column-3\" data-height=\"150\" data-margin=\"3\"><a class=\"penci-gallery-ite item-gallery-justified\" href=\"https:\/\/www.doppeladler.com\/da\/wp-content\/uploads\/2026\/08\/aw169b-6-1.jpg\" data-cap=\"Leonardo AW169B Lion mit Kennung 5M-IL \u00a9 Bundesheer\"><img decoding=\"async\" src=\"https:\/\/www.doppeladler.com\/da\/wp-content\/uploads\/2026\/08\/aw169b-6-1-585x390.jpg\" alt=\"Leonardo AW169B Lion mit Kennung 5M-IL \u00a9 Bundesheer\" title=\"Leonardo AW169B Lion mit Kennung 5M-IL \u00a9 Bundesheer\"><\/a><a class=\"penci-gallery-ite item-gallery-justified\" href=\"https:\/\/www.doppeladler.com\/da\/wp-content\/uploads\/2026\/08\/55492965013_a27433b569_o-scaled.jpg\" data-cap=\"Leonardo AW169B Lion mit Kennung 5M-IL \u00a9 Bundesheer\"><img decoding=\"async\" src=\"https:\/\/www.doppeladler.com\/da\/wp-content\/uploads\/2026\/08\/55492965013_a27433b569_o-scaled.jpg\" alt=\"Leonardo AW169B Lion mit Kennung 5M-IL \u00a9 Bundesheer\" title=\"Leonardo AW169B Lion mit Kennung 5M-IL \u00a9 Bundesheer\"><\/a><a class=\"penci-gallery-ite item-gallery-justified\" href=\"https:\/\/www.doppeladler.com\/da\/wp-content\/uploads\/2026\/08\/aw169b-1-1.jpg\" data-cap=\"Leonardo AW169B Lion mit Kennung 5M-IL \u00a9 Bundesheer\"><img decoding=\"async\" src=\"https:\/\/www.doppeladler.com\/da\/wp-content\/uploads\/2026\/08\/aw169b-1-1-585x390.jpg\" alt=\"Leonardo AW169B Lion mit Kennung 5M-IL \u00a9 Bundesheer\" title=\"Leonardo AW169B Lion mit Kennung 5M-IL \u00a9 Bundesheer\"><\/a><a class=\"penci-gallery-ite item-gallery-justified\" href=\"https:\/\/www.doppeladler.com\/da\/wp-content\/uploads\/2026\/08\/aw169b-3.jpg\" data-cap=\"Leonardo AW169B Lion mit Kennung 5M-IL \u00a9 Bundesheer\"><img decoding=\"async\" src=\"https:\/\/www.doppeladler.com\/da\/wp-content\/uploads\/2026\/08\/aw169b-3-585x390.jpg\" alt=\"Leonardo AW169B Lion mit Kennung 5M-IL \u00a9 Bundesheer\" title=\"Leonardo AW169B Lion mit Kennung 5M-IL \u00a9 Bundesheer\"><\/a><a class=\"penci-gallery-ite item-gallery-justified\" href=\"https:\/\/www.doppeladler.com\/da\/wp-content\/uploads\/2026\/08\/aw169b-4.jpg\" data-cap=\"Kommandant der Luftunterst\u00fctzung, Brigadier Wolfgang Luttenberger \u00a9 Bundesheer\"><img decoding=\"async\" src=\"https:\/\/www.doppeladler.com\/da\/wp-content\/uploads\/2026\/08\/aw169b-4-585x390.jpg\" alt=\"Kommandant der Luftunterst\u00fctzung, Brigadier Wolfgang Luttenberger \u00a9 Bundesheer\" title=\"Kommandant der Luftunterst\u00fctzung, Brigadier Wolfgang Luttenberger \u00a9 Bundesheer\"><\/a><\/div>\n<p>Dass die Zeit der rein politisch inszenierten \u00dcbergaben vorbei und der Zulauf zur Truppe tats\u00e4chlich angelaufen ist, zeigt der Umstand, dass am 3. September 2012 auch das AAB 4 aus Allentsteig und Horn die ersten LMV erhalten hat. Der Neuzugang wurde am 8. September 2012 im Rahmen des &#8222;Tages der offenen T\u00fcr&#8220; in der Liechtenstein-Kaserne in Allentsteig der \u00d6ffentlichkeit vorgestellt.<\/p>\n<p>Der Verteidigungsminister pr\u00e4sentierte den LMV bereits am 11. M\u00e4rz 2010 im Wiener Arsenal. Damals wurde die Einf\u00fchrung f\u00fcr Ende 2010 angek\u00fcndigt.<\/p>\n<p>Weiterf\u00fchrende Links:<\/p>\n<ul>\n<li><a title=\"GESCH\u00dcTZTES MEHRZWECKFAHRZEUG IVECO LMV\" href=\"https:\/\/www.doppeladler.com\/da\/oebh\/iveco-lmv\/\">Unser RAL 7013 Typenblatt zum IVECO LMV mit zahlreichen Fotos und den technischen Daten<\/a><\/li>\n<li><a href=\"http:\/\/www.doppeladler.com\/forum\/viewtopic.php?f=5&amp;t=1742&amp;start=270#p24267\">Fotos von der Pr\u00e4sentation des Fahrzeugs durch das AAB 4 in unserem Forum<\/a><\/li>\n<li><a href=\"http:\/\/diedritte.at\/2012\/archiv_10_2012.html\" target=\"_blank\">Pressemeldung der 3. Panzergrenadierbrigade<\/a><\/li>\n<\/ul>\n","protected":false},"excerpt":{"rendered":"<p>Am 21. August 2012 wurde das erste leichte gesch\u00fctzte Mehrzweckfahrzeug vom Typ IVECO LMV an die Truppe \u00fcbergeben. Dem Aufkl\u00e4rungs- und Artilleriebataillon 3 (AAB 3) aus Mistelbach wurde die Ehre zuteil, der erste Verband des \u00d6sterreichischen Bundesheeres zu sein, der mit dem neuen Fahrzeug ausgestattet wird.<\/p>\n","protected":false},"author":1,"featured_media":4407,"comment_status":"closed","ping_status":"open","sticky":false,"template":"","format":"standard","meta":{"footnotes":""},"categories":[3,9],"tags":[463,464,383,201,202],"yoast_head":"<!-- This site is optimized with the Yoast SEO plugin v23.3 - https:\/\/yoast.com\/wordpress\/plugins\/seo\/ -->\n<title>ERSTE IVECO LMV BEI DER TRUPPE | DOPPELADLER.COM<\/title>\n<meta name=\"description\" content=\"Am 21. August 2012 wurde das erste leichte gesch\u00fctzte Mehrzweckfahrzeug vom Typ IVECO LMV an die Truppe \u00fcbergeben. Das Fahrzeug ging an das AAB 3.\" \/>\n<meta name=\"robots\" content=\"index, follow, max-snippet:-1, max-image-preview:large, max-video-preview:-1\" \/>\n<link rel=\"canonical\" href=\"https:\/\/www.doppeladler.com\/da\/oebh\/iveco-lmv-bei-der-truppe\/\" \/>\n<meta name=\"twitter:label1\" content=\"Verfasst von\" \/>\n\t<meta name=\"twitter:data1\" content=\"Doppeladler\" \/>\n\t<meta name=\"twitter:label2\" content=\"Gesch\u00e4tzte Lesezeit\" \/>\n\t<meta name=\"twitter:data2\" content=\"1\u00a0Minute\" \/>\n<script type=\"application\/ld+json\" class=\"yoast-schema-graph\">{\"@context\":\"https:\/\/schema.org\",\"@graph\":[{\"@type\":\"WebPage\",\"@id\":\"https:\/\/www.doppeladler.com\/da\/oebh\/iveco-lmv-bei-der-truppe\/\",\"url\":\"https:\/\/www.doppeladler.com\/da\/oebh\/iveco-lmv-bei-der-truppe\/\",\"name\":\"ERSTE IVECO LMV BEI DER TRUPPE | DOPPELADLER.COM\",\"isPartOf\":{\"@id\":\"https:\/\/www.doppeladler.com\/da\/#website\"},\"primaryImageOfPage\":{\"@id\":\"https:\/\/www.doppeladler.com\/da\/oebh\/iveco-lmv-bei-der-truppe\/#primaryimage\"},\"image\":{\"@id\":\"https:\/\/www.doppeladler.com\/da\/oebh\/iveco-lmv-bei-der-truppe\/#primaryimage\"},\"thumbnailUrl\":\"https:\/\/www.doppeladler.com\/da\/wp-content\/uploads\/2012\/09\/title-lmv-truppe1.jpg\",\"datePublished\":\"2012-09-11T13:58:35+00:00\",\"dateModified\":\"2017-04-28T14:15:44+00:00\",\"author\":{\"@id\":\"https:\/\/www.doppeladler.com\/da\/#\/schema\/person\/232b998b629b89b24a916becce3e9476\"},\"description\":\"Am 21. August 2012 wurde das erste leichte gesch\u00fctzte Mehrzweckfahrzeug vom Typ IVECO LMV an die Truppe \u00fcbergeben. Das Fahrzeug ging an das AAB 3.\",\"breadcrumb\":{\"@id\":\"https:\/\/www.doppeladler.com\/da\/oebh\/iveco-lmv-bei-der-truppe\/#breadcrumb\"},\"inLanguage\":\"de\",\"potentialAction\":[{\"@type\":\"ReadAction\",\"target\":[\"https:\/\/www.doppeladler.com\/da\/oebh\/iveco-lmv-bei-der-truppe\/\"]}]},{\"@type\":\"ImageObject\",\"inLanguage\":\"de\",\"@id\":\"https:\/\/www.doppeladler.com\/da\/oebh\/iveco-lmv-bei-der-truppe\/#primaryimage\",\"url\":\"https:\/\/www.doppeladler.com\/da\/wp-content\/uploads\/2012\/09\/title-lmv-truppe1.jpg\",\"contentUrl\":\"https:\/\/www.doppeladler.com\/da\/wp-content\/uploads\/2012\/09\/title-lmv-truppe1.jpg\",\"width\":\"540\",\"height\":\"200\",\"caption\":\"IVECO LMV des Aufkl\u00e4rungs- und Artilleriebataillons AAB 3 \u00a9 diedritte.at\/Bodensteiner\"},{\"@type\":\"BreadcrumbList\",\"@id\":\"https:\/\/www.doppeladler.com\/da\/oebh\/iveco-lmv-bei-der-truppe\/#breadcrumb\",\"itemListElement\":[{\"@type\":\"ListItem\",\"position\":1,\"name\":\"Startseite\",\"item\":\"https:\/\/www.doppeladler.com\/da\/\"},{\"@type\":\"ListItem\",\"position\":2,\"name\":\"ERSTE IVECO LMV BEI DER TRUPPE\"}]},{\"@type\":\"WebSite\",\"@id\":\"https:\/\/www.doppeladler.com\/da\/#website\",\"url\":\"https:\/\/www.doppeladler.com\/da\/\",\"name\":\"DOPPELADLER.COM\",\"description\":\"Plattform f\u00fcr \u00d6sterreichs Milit\u00e4rgeschichte\",\"potentialAction\":[{\"@type\":\"SearchAction\",\"target\":{\"@type\":\"EntryPoint\",\"urlTemplate\":\"https:\/\/www.doppeladler.com\/da\/?s={search_term_string}\"},\"query-input\":\"required name=search_term_string\"}],\"inLanguage\":\"de\"},{\"@type\":\"Person\",\"@id\":\"https:\/\/www.doppeladler.com\/da\/#\/schema\/person\/232b998b629b89b24a916becce3e9476\",\"name\":\"Doppeladler\",\"sameAs\":[\"http:\/\/www.doppeladler.com\"]}]}<\/script>\n<!-- \/ Yoast SEO plugin. -->","yoast_head_json":{"title":"ERSTE IVECO LMV BEI DER TRUPPE | DOPPELADLER.COM","description":"Am 21. August 2012 wurde das erste leichte gesch\u00fctzte Mehrzweckfahrzeug vom Typ IVECO LMV an die Truppe \u00fcbergeben. Das Fahrzeug ging an das AAB 3.","robots":{"index":"index","follow":"follow","max-snippet":"max-snippet:-1","max-image-preview":"max-image-preview:large","max-video-preview":"max-video-preview:-1"},"canonical":"https:\/\/www.doppeladler.com\/da\/oebh\/iveco-lmv-bei-der-truppe\/","twitter_misc":{"Verfasst von":"Doppeladler","Gesch\u00e4tzte Lesezeit":"1\u00a0Minute"},"schema":{"@context":"https:\/\/schema.org","@graph":[{"@type":"WebPage","@id":"https:\/\/www.doppeladler.com\/da\/oebh\/iveco-lmv-bei-der-truppe\/","url":"https:\/\/www.doppeladler.com\/da\/oebh\/iveco-lmv-bei-der-truppe\/","name":"ERSTE IVECO LMV BEI DER TRUPPE | DOPPELADLER.COM","isPartOf":{"@id":"https:\/\/www.doppeladler.com\/da\/#website"},"primaryImageOfPage":{"@id":"https:\/\/www.doppeladler.com\/da\/oebh\/iveco-lmv-bei-der-truppe\/#primaryimage"},"image":{"@id":"https:\/\/www.doppeladler.com\/da\/oebh\/iveco-lmv-bei-der-truppe\/#primaryimage"},"thumbnailUrl":"https:\/\/www.doppeladler.com\/da\/wp-content\/uploads\/2012\/09\/title-lmv-truppe1.jpg","datePublished":"2012-09-11T13:58:35+00:00","dateModified":"2017-04-28T14:15:44+00:00","author":{"@id":"https:\/\/www.doppeladler.com\/da\/#\/schema\/person\/232b998b629b89b24a916becce3e9476"},"description":"Am 21. August 2012 wurde das erste leichte gesch\u00fctzte Mehrzweckfahrzeug vom Typ IVECO LMV an die Truppe \u00fcbergeben. Das Fahrzeug ging an das AAB 3.","breadcrumb":{"@id":"https:\/\/www.doppeladler.com\/da\/oebh\/iveco-lmv-bei-der-truppe\/#breadcrumb"},"inLanguage":"de","potentialAction":[{"@type":"ReadAction","target":["https:\/\/www.doppeladler.com\/da\/oebh\/iveco-lmv-bei-der-truppe\/"]}]},{"@type":"ImageObject","inLanguage":"de","@id":"https:\/\/www.doppeladler.com\/da\/oebh\/iveco-lmv-bei-der-truppe\/#primaryimage","url":"https:\/\/www.doppeladler.com\/da\/wp-content\/uploads\/2012\/09\/title-lmv-truppe1.jpg","contentUrl":"https:\/\/www.doppeladler.com\/da\/wp-content\/uploads\/2012\/09\/title-lmv-truppe1.jpg","width":"540","height":"200","caption":"IVECO LMV des Aufkl\u00e4rungs- und Artilleriebataillons AAB 3 \u00a9 diedritte.at\/Bodensteiner"},{"@type":"BreadcrumbList","@id":"https:\/\/www.doppeladler.com\/da\/oebh\/iveco-lmv-bei-der-truppe\/#breadcrumb","itemListElement":[{"@type":"ListItem","position":1,"name":"Startseite","item":"https:\/\/www.doppeladler.com\/da\/"},{"@type":"ListItem","position":2,"name":"ERSTE IVECO LMV BEI DER TRUPPE"}]},{"@type":"WebSite","@id":"https:\/\/www.doppeladler.com\/da\/#website","url":"https:\/\/www.doppeladler.com\/da\/","name":"DOPPELADLER.COM","description":"Plattform f\u00fcr \u00d6sterreichs Milit\u00e4rgeschichte","potentialAction":[{"@type":"SearchAction","target":{"@type":"EntryPoint","urlTemplate":"https:\/\/www.doppeladler.com\/da\/?s={search_term_string}"},"query-input":"required name=search_term_string"}],"inLanguage":"de"},{"@type":"Person","@id":"https:\/\/www.doppeladler.com\/da\/#\/schema\/person\/232b998b629b89b24a916becce3e9476","name":"Doppeladler","sameAs":["http:\/\/www.doppeladler.com"]}]}},"_links":{"self":[{"href":"https:\/\/www.doppeladler.com\/da\/wp-json\/wp\/v2\/posts\/4405"}],"collection":[{"href":"https:\/\/www.doppeladler.com\/da\/wp-json\/wp\/v2\/posts"}],"about":[{"href":"https:\/\/www.doppeladler.com\/da\/wp-json\/wp\/v2\/types\/post"}],"author":[{"embeddable":true,"href":"https:\/\/www.doppeladler.com\/da\/wp-json\/wp\/v2\/users\/1"}],"replies":[{"embeddable":true,"href":"https:\/\/www.doppeladler.com\/da\/wp-json\/wp\/v2\/comments?post=4405"}],"version-history":[{"count":0,"href":"https:\/\/www.doppeladler.com\/da\/wp-json\/wp\/v2\/posts\/4405\/revisions"}],"wp:featuredmedia":[{"embeddable":true,"href":"https:\/\/www.doppeladler.com\/da\/wp-json\/wp\/v2\/media\/4407"}],"wp:attachment":[{"href":"https:\/\/www.doppeladler.com\/da\/wp-json\/wp\/v2\/media?parent=4405"}],"wp:term":[{"taxonomy":"category","embeddable":true,"href":"https:\/\/www.doppeladler.com\/da\/wp-json\/wp\/v2\/categories?post=4405"},{"taxonomy":"post_tag","embeddable":true,"href":"https:\/\/www.doppeladler.com\/da\/wp-json\/wp\/v2\/tags?post=4405"}],"curies":[{"name":"wp","href":"https:\/\/api.w.org\/{rel}","templated":true}]}}