{"id":3758,"date":"2012-05-25T15:12:49","date_gmt":"2012-05-25T13:12:49","guid":{"rendered":"http:\/\/www.doppeladler.com\/da\/?p=3758"},"modified":"2012-05-25T15:13:51","modified_gmt":"2012-05-25T13:13:51","slug":"vid-kdo-luftunterstutzung","status":"publish","type":"post","link":"https:\/\/www.doppeladler.com\/da\/oebh\/vid-kdo-luftunterstutzung\/","title":{"rendered":"VID: KOMMANDO LUFTUNTERST\u00dcTZUNG"},"content":{"rendered":"<p>Video: Kommando Luftunterst\u00fctzung<\/p>\n<p>Das professionelle Video zeigt einen gro\u00dfartigen Querschnitt der aktuellen Hubschrauber und Fl\u00e4chenflugzeuge des Kommandos Luftunterst\u00fctzung des \u00d6sterreichischen Bundesheeres. Von der Lockheed C-130 Hercules und der Pilatus PC-6 bis zu den Hubschraubertypen Bell OH-58B Kiowa, Sikorsky S-70A-42 Black Hawk, Agusta Bell AB-212 und der Alouette III. Gezeigt werden vor allem Lufttransporte, Luftlandungen (auch per Fallschirm), das Zusammenspiel mit Spezialeinsatzkr\u00e4ften wie dem Jagdkommando, Evakuierungen, Feuerunterst\u00fctzung aus der Luft und L\u00f6scheins\u00e4tze &#8211; alles in rund 3 Minuten. <\/p>\n<p><iframe width=\"540\" height=\"315\" src=\"http:\/\/www.youtube.com\/embed\/dBoEF_fzqog\" frameborder=\"0\" allowfullscreen><\/iframe><\/p>\n<p>Mit freundlicher Genehmigung von unserer <a href=\"http:\/\/www.facebook.com\/Luftunterstutzung\" target=\"_blank\">Luftunterst\u00fctzung<\/a>. Hier geht es zum Video: <a href=\"http:\/\/youtu.be\/dBoEF_fzqog\" target=\"_blank\">Youtube<\/a><\/p>\n","protected":false},"excerpt":{"rendered":"<p>Das professionelle Video zeigt einen gro\u00dfartigen Querschnitt der aktuellen Hubschrauber und Fl\u00e4chenflugzeuge sowie der Leistungen des Kommandos Luftunterst\u00fctzung des \u00d6sterreichischen Bundesheeres.<\/p>\n","protected":false},"author":1,"featured_media":2222,"comment_status":"closed","ping_status":"open","sticky":false,"template":"","format":"standard","meta":{"footnotes":""},"categories":[3,219],"tags":[172,296,336,409,301,312,408,410,313,411,220],"yoast_head":"<!-- This site is optimized with the Yoast SEO plugin v23.3 - https:\/\/yoast.com\/wordpress\/plugins\/seo\/ -->\n<title>VID: KOMMANDO LUFTUNTERST\u00dcTZUNG | DOPPELADLER.COM<\/title>\n<meta name=\"description\" content=\"Das professionelle Video zeigt einen Querschnitt der Hubschrauber und Fl\u00e4chenflugzeuge des Kommandos Luftunterst\u00fctzung des Bundesheeres\" \/>\n<meta name=\"robots\" content=\"index, follow, max-snippet:-1, max-image-preview:large, max-video-preview:-1\" \/>\n<link rel=\"canonical\" href=\"https:\/\/www.doppeladler.com\/da\/oebh\/vid-kdo-luftunterstutzung\/\" \/>\n<meta name=\"twitter:label1\" content=\"Verfasst von\" \/>\n\t<meta name=\"twitter:data1\" content=\"Doppeladler\" \/>\n<script type=\"application\/ld+json\" class=\"yoast-schema-graph\">{\"@context\":\"https:\/\/schema.org\",\"@graph\":[{\"@type\":\"WebPage\",\"@id\":\"https:\/\/www.doppeladler.com\/da\/oebh\/vid-kdo-luftunterstutzung\/\",\"url\":\"https:\/\/www.doppeladler.com\/da\/oebh\/vid-kdo-luftunterstutzung\/\",\"name\":\"VID: KOMMANDO LUFTUNTERST\u00dcTZUNG | DOPPELADLER.COM\",\"isPartOf\":{\"@id\":\"https:\/\/www.doppeladler.com\/da\/#website\"},\"primaryImageOfPage\":{\"@id\":\"https:\/\/www.doppeladler.com\/da\/oebh\/vid-kdo-luftunterstutzung\/#primaryimage\"},\"image\":{\"@id\":\"https:\/\/www.doppeladler.com\/da\/oebh\/vid-kdo-luftunterstutzung\/#primaryimage\"},\"thumbnailUrl\":\"https:\/\/www.doppeladler.com\/da\/wp-content\/uploads\/2010\/08\/title-video-3.jpg\",\"datePublished\":\"2012-05-25T13:12:49+00:00\",\"dateModified\":\"2012-05-25T13:13:51+00:00\",\"author\":{\"@id\":\"https:\/\/www.doppeladler.com\/da\/#\/schema\/person\/232b998b629b89b24a916becce3e9476\"},\"description\":\"Das professionelle Video zeigt einen Querschnitt der Hubschrauber und Fl\u00e4chenflugzeuge des Kommandos Luftunterst\u00fctzung des Bundesheeres\",\"breadcrumb\":{\"@id\":\"https:\/\/www.doppeladler.com\/da\/oebh\/vid-kdo-luftunterstutzung\/#breadcrumb\"},\"inLanguage\":\"de\",\"potentialAction\":[{\"@type\":\"ReadAction\",\"target\":[\"https:\/\/www.doppeladler.com\/da\/oebh\/vid-kdo-luftunterstutzung\/\"]}]},{\"@type\":\"ImageObject\",\"inLanguage\":\"de\",\"@id\":\"https:\/\/www.doppeladler.com\/da\/oebh\/vid-kdo-luftunterstutzung\/#primaryimage\",\"url\":\"https:\/\/www.doppeladler.com\/da\/wp-content\/uploads\/2010\/08\/title-video-3.jpg\",\"contentUrl\":\"https:\/\/www.doppeladler.com\/da\/wp-content\/uploads\/2010\/08\/title-video-3.jpg\",\"width\":\"540\",\"height\":\"200\",\"caption\":\"DOPPELADLER.COM Video\"},{\"@type\":\"BreadcrumbList\",\"@id\":\"https:\/\/www.doppeladler.com\/da\/oebh\/vid-kdo-luftunterstutzung\/#breadcrumb\",\"itemListElement\":[{\"@type\":\"ListItem\",\"position\":1,\"name\":\"Startseite\",\"item\":\"https:\/\/www.doppeladler.com\/da\/\"},{\"@type\":\"ListItem\",\"position\":2,\"name\":\"VID: KOMMANDO LUFTUNTERST\u00dcTZUNG\"}]},{\"@type\":\"WebSite\",\"@id\":\"https:\/\/www.doppeladler.com\/da\/#website\",\"url\":\"https:\/\/www.doppeladler.com\/da\/\",\"name\":\"DOPPELADLER.COM\",\"description\":\"Plattform f\u00fcr \u00d6sterreichs Milit\u00e4rgeschichte\",\"potentialAction\":[{\"@type\":\"SearchAction\",\"target\":{\"@type\":\"EntryPoint\",\"urlTemplate\":\"https:\/\/www.doppeladler.com\/da\/?s={search_term_string}\"},\"query-input\":\"required name=search_term_string\"}],\"inLanguage\":\"de\"},{\"@type\":\"Person\",\"@id\":\"https:\/\/www.doppeladler.com\/da\/#\/schema\/person\/232b998b629b89b24a916becce3e9476\",\"name\":\"Doppeladler\",\"sameAs\":[\"http:\/\/www.doppeladler.com\"]}]}<\/script>\n<!-- \/ Yoast SEO plugin. -->","yoast_head_json":{"title":"VID: KOMMANDO LUFTUNTERST\u00dcTZUNG | DOPPELADLER.COM","description":"Das professionelle Video zeigt einen Querschnitt der Hubschrauber und Fl\u00e4chenflugzeuge des Kommandos Luftunterst\u00fctzung des Bundesheeres","robots":{"index":"index","follow":"follow","max-snippet":"max-snippet:-1","max-image-preview":"max-image-preview:large","max-video-preview":"max-video-preview:-1"},"canonical":"https:\/\/www.doppeladler.com\/da\/oebh\/vid-kdo-luftunterstutzung\/","twitter_misc":{"Verfasst von":"Doppeladler"},"schema":{"@context":"https:\/\/schema.org","@graph":[{"@type":"WebPage","@id":"https:\/\/www.doppeladler.com\/da\/oebh\/vid-kdo-luftunterstutzung\/","url":"https:\/\/www.doppeladler.com\/da\/oebh\/vid-kdo-luftunterstutzung\/","name":"VID: KOMMANDO LUFTUNTERST\u00dcTZUNG | DOPPELADLER.COM","isPartOf":{"@id":"https:\/\/www.doppeladler.com\/da\/#website"},"primaryImageOfPage":{"@id":"https:\/\/www.doppeladler.com\/da\/oebh\/vid-kdo-luftunterstutzung\/#primaryimage"},"image":{"@id":"https:\/\/www.doppeladler.com\/da\/oebh\/vid-kdo-luftunterstutzung\/#primaryimage"},"thumbnailUrl":"https:\/\/www.doppeladler.com\/da\/wp-content\/uploads\/2010\/08\/title-video-3.jpg","datePublished":"2012-05-25T13:12:49+00:00","dateModified":"2012-05-25T13:13:51+00:00","author":{"@id":"https:\/\/www.doppeladler.com\/da\/#\/schema\/person\/232b998b629b89b24a916becce3e9476"},"description":"Das professionelle Video zeigt einen Querschnitt der Hubschrauber und Fl\u00e4chenflugzeuge des Kommandos Luftunterst\u00fctzung des Bundesheeres","breadcrumb":{"@id":"https:\/\/www.doppeladler.com\/da\/oebh\/vid-kdo-luftunterstutzung\/#breadcrumb"},"inLanguage":"de","potentialAction":[{"@type":"ReadAction","target":["https:\/\/www.doppeladler.com\/da\/oebh\/vid-kdo-luftunterstutzung\/"]}]},{"@type":"ImageObject","inLanguage":"de","@id":"https:\/\/www.doppeladler.com\/da\/oebh\/vid-kdo-luftunterstutzung\/#primaryimage","url":"https:\/\/www.doppeladler.com\/da\/wp-content\/uploads\/2010\/08\/title-video-3.jpg","contentUrl":"https:\/\/www.doppeladler.com\/da\/wp-content\/uploads\/2010\/08\/title-video-3.jpg","width":"540","height":"200","caption":"DOPPELADLER.COM Video"},{"@type":"BreadcrumbList","@id":"https:\/\/www.doppeladler.com\/da\/oebh\/vid-kdo-luftunterstutzung\/#breadcrumb","itemListElement":[{"@type":"ListItem","position":1,"name":"Startseite","item":"https:\/\/www.doppeladler.com\/da\/"},{"@type":"ListItem","position":2,"name":"VID: KOMMANDO LUFTUNTERST\u00dcTZUNG"}]},{"@type":"WebSite","@id":"https:\/\/www.doppeladler.com\/da\/#website","url":"https:\/\/www.doppeladler.com\/da\/","name":"DOPPELADLER.COM","description":"Plattform f\u00fcr \u00d6sterreichs Milit\u00e4rgeschichte","potentialAction":[{"@type":"SearchAction","target":{"@type":"EntryPoint","urlTemplate":"https:\/\/www.doppeladler.com\/da\/?s={search_term_string}"},"query-input":"required name=search_term_string"}],"inLanguage":"de"},{"@type":"Person","@id":"https:\/\/www.doppeladler.com\/da\/#\/schema\/person\/232b998b629b89b24a916becce3e9476","name":"Doppeladler","sameAs":["http:\/\/www.doppeladler.com"]}]}},"_links":{"self":[{"href":"https:\/\/www.doppeladler.com\/da\/wp-json\/wp\/v2\/posts\/3758"}],"collection":[{"href":"https:\/\/www.doppeladler.com\/da\/wp-json\/wp\/v2\/posts"}],"about":[{"href":"https:\/\/www.doppeladler.com\/da\/wp-json\/wp\/v2\/types\/post"}],"author":[{"embeddable":true,"href":"https:\/\/www.doppeladler.com\/da\/wp-json\/wp\/v2\/users\/1"}],"replies":[{"embeddable":true,"href":"https:\/\/www.doppeladler.com\/da\/wp-json\/wp\/v2\/comments?post=3758"}],"version-history":[{"count":0,"href":"https:\/\/www.doppeladler.com\/da\/wp-json\/wp\/v2\/posts\/3758\/revisions"}],"wp:featuredmedia":[{"embeddable":true,"href":"https:\/\/www.doppeladler.com\/da\/wp-json\/wp\/v2\/media\/2222"}],"wp:attachment":[{"href":"https:\/\/www.doppeladler.com\/da\/wp-json\/wp\/v2\/media?parent=3758"}],"wp:term":[{"taxonomy":"category","embeddable":true,"href":"https:\/\/www.doppeladler.com\/da\/wp-json\/wp\/v2\/categories?post=3758"},{"taxonomy":"post_tag","embeddable":true,"href":"https:\/\/www.doppeladler.com\/da\/wp-json\/wp\/v2\/tags?post=3758"}],"curies":[{"name":"wp","href":"https:\/\/api.w.org\/{rel}","templated":true}]}}