{"id":3055,"date":"2011-12-09T17:47:53","date_gmt":"2011-12-09T16:47:53","guid":{"rendered":"http:\/\/www.doppeladler.com\/da\/?p=3055"},"modified":"2012-02-23T20:48:18","modified_gmt":"2012-02-23T19:48:18","slug":"einsatz-im-tschad","status":"publish","type":"post","link":"https:\/\/www.doppeladler.com\/da\/oebh\/einsatz-im-tschad\/","title":{"rendered":"EINSATZ IM TSCHAD"},"content":{"rendered":"<p style=\"text-align: left;\"><img fetchpriority=\"high\" decoding=\"async\" class=\"aligncenter size-full wp-image-3085\" style=\"margin-top: 0px; margin-bottom: 0px;\" title=\"Soldaten des Jagdkommandos in ihrer Puch G Sandviper \u00a9 Bundesheer\" src=\"https:\/\/www.doppeladler.com\/da\/wp-content\/uploads\/2011\/12\/title-tschad-2.jpg\" alt=\"Soldaten des Jagdkommandos in ihrer Puch G Sandviper\" width=\"540\" height=\"200\" \/><span class=\"main-img-text\">Soldaten des Jagdkommandos in ihrer Puch G Sandviper \u00a9 Bundesheer<\/span><\/p>\n<p>Der Einsatz des \u00d6sterreichischen Bundesheeres in der Republik Tschad war in vielerlei Hinsicht bemerkenswert. Tats\u00e4chlich handelte es sich um zwei Eins\u00e4tze: Die <strong>EU-Milit\u00e4rmission EUFOR TCHAD\/RCA<\/strong> (European Union Force Tchad \/ R\u00e9publique Centrafricaine &#8211; in \u00d6sterreich oft als &#8222;EUFOR TSCHAD&#8220; bezeichnet) und der nachfolgende <strong>UN-Einsatz MINURCAT<\/strong> (Mission des Nations Unies en R\u00e9publique Centrafricaine et au Tchad).<br \/>\nBereits im November 2007, noch vor der Entsendung des ersten Kontingents, besuchte DOPPELADLER.COM die <a href=\"http:\/\/www.doppeladler.com\/oebh\/tschad.htm\">Einsatzvorbereitung in G\u00f6tzendorf<\/a>. Nun ziehen wir Bilanz \u00fcber 693 Tage im W\u00fcstensand.<\/p>\n<h2>VORGESCHICHTE<\/h2>\n<p>Nach Sch\u00e4tzungen der Vereinten Nationen forderte der Darfur-Konflikt im Sudan <strong>\u00fcber 300.000 Menschenleben<\/strong> und f\u00fchrte zu mehr als <strong>2,7 Mio. Fl\u00fcchtlingen<\/strong>. Zunehmend griff der er auch auf die Nachbarstaaten, die Republik Tschad und die Zentralafrikanische Republik \u00fcber und bewirkte eine <strong>Destabilisierung der gesamten Region<\/strong>. Insbesondere die in schnell wachsenden Zeltst\u00e4dten untergebrachten Fl\u00fcchtlinge ben\u00f6tigten dringend humanit\u00e4re Hilfe und Schutz vor \u00dcbergriffen durch Rebellen und umherstreifenden R\u00e4uberbanden.<\/p>\n<p>Im September 2007 beschloss der <strong>UN-Sicherheitsrat<\/strong> die Resolution 1778 \u00fcber die Einrichtung der Mission MINURCAT in der Zentralafrikanischen Republik und im Tschad. Die UN-Mission umfasste eine zivile, eine polizeiliche und eine milit\u00e4rische Komponente. Die milit\u00e4rischen Aufgaben von MINURCAT nahm zun\u00e4chst die EU-Milit\u00e4rmission EUFOR TCHAD\/RCA war. Ihre Aufgabe war die Sicherung eines weitl\u00e4ufigen, an den Sudan grenzenden Gebietes im Tschad und in der Zentralafrikanischen Republik. Spezialeinheiten der EU wurden dabei als schnelle Eingreiftruppe vorausgeschickt, um die Sicherheitslage m\u00f6glichst rasch zu verbessern und die Zeit bis zum Anlaufen der gr\u00f6\u00dferen UN Mission zu \u00fcberbr\u00fccken (<strong>milit\u00e4rische \u00dcberbr\u00fcckungsoperation<\/strong>).<\/p>\n<p style=\"text-align: left;\"><img decoding=\"async\" class=\"aligncenter size-full wp-image-3096\" style=\"margin-top: 0px; margin-bottom: 0px;\" title=\"Republik Tschad und die Einsatzbereiche der \u00d6sterreicher \u00a9 Bundesheer \/ Doppeladler.com\" src=\"https:\/\/www.doppeladler.com\/da\/wp-content\/uploads\/2011\/12\/karte-2.png\" alt=\"Republik Tschad\" width=\"540\" height=\"355\" \/>Lagekarte: Republik Tschad und die St\u00fctzpunkte der \u00d6sterreicher in N&#8217;Djamena und Ab\u00e9ch\u00e9.<\/p>\n<h2>EUFOR TSCHAD (EUFOR TCHAD\/RCA)<\/h2>\n<p>Bereits im August 2007, und damit schon vor dem Beschluss des UN Sicherheitsrates, begann das Bundesheer mit den Planungen f\u00fcr den Tschad-Einsatz. Fr\u00fch war klar, dass hoch bewegliche <strong>Spezialeinsatzkr\u00e4fte des Jagdkommandos<\/strong> eingesetzt werden m\u00fcssen, um mit m\u00f6glichst wenig Mannst\u00e4rke ein riesiges Areal zu \u00fcberwachen.<\/p>\n<p>Im November 2007 beschloss der Ministerrat im Einvernehmen mit dem Hauptausschuss des Nationalrates die Teilnahme \u00f6sterreichischer Truppen an der EUFOR-Operation. Aufgrund des vorhandenen UN Mandates sah man die <strong>Vereinbarkeit mit der Neutralit\u00e4t<\/strong> als gegeben an.<br \/>\nDie von Irland gef\u00fchrte Truppe, bestehend aus bis zu 3.700 Mann aus 26 Staaten, sorgte f\u00fcr den Schutz der Fl\u00fcchtlinge und erm\u00f6glichte den bereits vor Ort t\u00e4tigen Hilfsorganisationen und der UNO die Erf\u00fcllung ihrer humanit\u00e4ren Mission. Die \u00d6sterreicher waren in N\u2019Djamena und Ab\u00e9ch\u00e9 stationiert und waren f\u00fcr ein gutes St\u00fcck der <strong>1.360 km langen Grenze zum Sudan<\/strong> verantwortlich. Soweit bekannt beschr\u00e4nkten sich die Eins\u00e4tze auf das Staatsgebiet des Tschad.<\/p>\n<p><strong>\u00d6sterreichs Kontingent<\/strong> bestand aus insgesamt 160 Mann (das viertgr\u00f6\u00dfte aller teilnehmenden Staaten), die sich wie folgt zusammensetzen: Offiziere in den Hauptquartieren in Mont Val\u00e9rien bei Paris (Operations HQ) und im Tschad (Force HQ), \u00c4rzte und Sanit\u00e4ter, ein F\u00fchrungselement zur Sicherstellung der Verbindungen, Logistik- und Aufkl\u00e4rungselemente sowie rund 50 Spezialeinsatzkr\u00e4fte des Jagdkommandos (Task Group Special Operation Forces &#8211; TG SOF). F\u00fcr den Lageraufbau und -abbau standen kurzfristig etwa 50 weitere Soldaten zur Verf\u00fcgung. Bis zu 30 Mann zus\u00e4tzlich konnten f\u00fcr Spezialaufgaben im Einsatzraum, etwa zur Versorgung der Truppe, herangezogen werden (siehe unten: Eins\u00e4tze in Zahlen).<\/p>\n<p>Obwohl man sich zu Eins\u00e4tzen des Jagdkommandos grunds\u00e4tzlich gerne in Schweigen h\u00fcllt, sind einige Details bekannt: Das Jagdkommando nahm von M\u00e4rz 2008 bis M\u00e4rz 2009 neben anderen Aufgaben an insgesamt acht ausgedehnten <strong>Patrouillen<\/strong> mit einer Dauer zwischen zehn und 70 Tagen (!) teil, davon standen drei unter \u00f6sterreichischem Kommando.<br \/>\nIn dieser Zeit kam es zumindest zu einem schweren <strong>Zwischenfall<\/strong>, nachdem eine \u00f6sterreichische Patrouille am 18. August 2008 nachts auf R\u00e4uber traf, die kurz zuvor Zivilisten \u00fcberfallen und angeschossen hatten. Die T\u00e4ter er\u00f6ffneten sofort das Feuer \u2013 dem Vernehmen nach aus automatischen Waffen und RGPs &#8211; und es entwickelte sich ein heftiges Feuergefecht. Auf \u00f6sterreichischer Seite kam es zu keinen Verletzten. Die Angreifer setzten sich ab.<\/p>\n<p>Im M\u00e4rz 2009 wurde die EUFOR Mission erfolgreich beendet. Bei <strong>\u00dcbergabe an die zwischenzeitlich formierten Blauhelme<\/strong> war eine deutlich bessere Sicherheitslage im Einsatzraum vorhanden.<\/p>\n<h2>UN MISSION MINURCAT<\/h2>\n<p>Dem Ersuchen der UN um eine Teilnahme des Bundesheeres an der Folgemission MINURCAT wurde von der \u00d6sterreichischen Bundesregierung im Februar 2009 entsprochen. Im Rahmen der UN-gef\u00fchrten Mission war ab M\u00e4rz 2009 anstatt der Spezialeinsatzkr\u00e4fte ein <strong>130 Mann starkes Logistikkontingent mit Sicherungselement<\/strong> im Einsatzraum t\u00e4tig. Das Logistikkontingent setzte sich dabei aus dem Kontingentskommando, einem F\u00fchrungselement, dem Versorgungselement, dem Transportelement, dem Instandsetzungselement, dem Unterst\u00fctzungselement, und einem Sanit\u00e4ts-Element zusammen. Das \u00f6sterreichische Kontingent war dem franz\u00f6sischen Logistikbataillon unterstellt. Die Transportleistungen dienten insbesondere der Eigenversorgung der Blauhelme. Die \u00d6sterreicher f\u00fchrten insgesamt 24 ein- bis sechst\u00e4gige Transporte durch und beendeten die Transportleistungen zeitgleich mit Frankreich.<br \/>\nAm 22. Dezember 2009 kehrten die letzten 10 Soldaten des Kontingents aus dem Einsatzraum zur\u00fcck \u2013 insgesamt 693 Tage im W\u00fcstensand gingen damit zu Ende. Noch bis etwa April 2010 dauerte die Nachbereitung des Einsatzes.<\/p>\n<p>Die MINURCAT Mission verfolgte ausschlie\u00dflich humanit\u00e4re und keine politischen Ziele, welche auf Dauer des Einsatzes auch erf\u00fcllt werden konnten. Der Einsatz endete aufgrund des auslaufenden Mandates und auf Wunsch der Regierung des Tschads offiziell am 31. Dezember 2010.<\/p>\n<h2>IMPRESSIONEN AUS DEM TSCHAD<\/h2>\n<div id=\"penci-post-gallery__65774\" class=\"penci-post-gallery-container justified column-3\" data-height=\"150\" data-margin=\"3\"><a class=\"penci-gallery-ite item-gallery-justified\" href=\"https:\/\/www.doppeladler.com\/da\/wp-content\/uploads\/2026\/04\/embraerC390-2.jpg\" data-cap=\"Embraer C-390 8T-MA \u00a9 Embraer\"><img decoding=\"async\" src=\"https:\/\/www.doppeladler.com\/da\/wp-content\/uploads\/2026\/04\/embraerC390-2-585x455.jpg\" alt=\"Embraer C-390 8T-MA \u00a9 Embraer\" title=\"Embraer C-390 8T-MA \u00a9 Embraer\"><div class=\"caption\">Embraer C-390 8T-MA \u00a9 Embraer<\/div><\/a><a class=\"penci-gallery-ite item-gallery-justified\" href=\"https:\/\/www.doppeladler.com\/da\/wp-content\/uploads\/2026\/04\/embraerC390-1.jpg\" data-cap=\"Embraer C-390 8T-MA \u00a9 Embraer\"><img decoding=\"async\" src=\"https:\/\/www.doppeladler.com\/da\/wp-content\/uploads\/2026\/04\/embraerC390-1-585x454.jpg\" alt=\"Embraer C-390 8T-MA \u00a9 Embraer\" title=\"Embraer C-390 8T-MA \u00a9 Embraer\"><div class=\"caption\">Embraer C-390 8T-MA \u00a9 Embraer<\/div><\/a><a class=\"penci-gallery-ite item-gallery-justified\" href=\"https:\/\/www.doppeladler.com\/da\/wp-content\/uploads\/2026\/02\/Raubkatzen.png\"><img decoding=\"async\" src=\"https:\/\/www.doppeladler.com\/da\/wp-content\/uploads\/2026\/02\/Raubkatzen-585x390.png\" alt=\"\" title=\"Raubkatzen\"><\/a><a class=\"penci-gallery-ite item-gallery-justified\" href=\"https:\/\/www.doppeladler.com\/da\/wp-content\/uploads\/2026\/02\/TheAllies26-13.jpg\" data-cap=\"Einsatzkommando COBRA bei der \u00dcbung &quot;The Allies 2006&quot; \u00a9 BMI\/G. Pachauer\"><img decoding=\"async\" src=\"https:\/\/www.doppeladler.com\/da\/wp-content\/uploads\/2026\/02\/TheAllies26-13-585x390.jpg\" alt=\"Einsatzkommando COBRA bei der \u00dcbung &quot;The Allies 2006&quot; \u00a9 BMI\/G. Pachauer\" title=\"Einsatzkommando COBRA bei der \u00dcbung &#8222;The Allies 2006&#8220; \u00a9  BMI\/G. Pachauer\"><\/a><a class=\"penci-gallery-ite item-gallery-justified\" href=\"https:\/\/www.doppeladler.com\/da\/wp-content\/uploads\/2026\/02\/TheAllies26-14.jpg\" data-cap=\"Einsatzkommando COBRA bei der \u00dcbung &quot;The Allies 2006&quot; \u00a9 BMI\/G. Pachauer\"><img decoding=\"async\" src=\"https:\/\/www.doppeladler.com\/da\/wp-content\/uploads\/2026\/02\/TheAllies26-14-585x390.jpg\" alt=\"Einsatzkommando COBRA bei der \u00dcbung &quot;The Allies 2006&quot; \u00a9 BMI\/G. Pachauer\" title=\"Einsatzkommando COBRA bei der \u00dcbung &#8222;The Allies 2006&#8220; \u00a9  BMI\/G. Pachauer\"><\/a><\/div>\n<h2>DIE EINS\u00c4TZE IN ZAHLEN<\/h2>\n<p style=\"text-align: left;\"><img decoding=\"async\" class=\"aligncenter size-full wp-image-3100\" title=\"Personaleinsatz bei den Tschad-Eins\u00e4tzen des Bundesheeres \u00a9 Doppeladler.com\" src=\"https:\/\/www.doppeladler.com\/da\/wp-content\/uploads\/2011\/12\/personal2.png\" alt=\"Aktivpersonal, Miliz, Zivilisten im Tschad\" width=\"540\" height=\"200\" \/><strong>Personal<\/strong>. Diese Zahlen umfassen s\u00e4mtliche Entsendungen in den Einsatzraum inklusive tempor\u00e4rer kurzzeitiger Entsendungen (z.B. bei Piloten). Teilweise Mehrfachz\u00e4hlungen der insgesamt 950 einberufenen Personen aufgrund von Mehrfachentsendungen. Da sich auch aus dem Miliz\u2013 und Reservebereich lediglich elf \u00c4rzte mit notfallmedizinischer Routine fanden, nahm das BMLVS sechs zivile \u00c4rzte unter Vertrag.<\/p>\n<p style=\"text-align: left;\"><strong>Lufttransport<\/strong>. F\u00fcr die \u00fcber 4.000 km lange Luftbr\u00fccke zwischen \u00d6sterreich und dem Tschad erfolgten insgesamt 133 Fl\u00fcge, davon 89 Fl\u00fcge mit den heereseigenen Transportflugzeugen Lockheed Hercules C Mk.1P (C-130K) und 44 Fl\u00fcge mit angemieteten Flugzeugen wie der Ilyushin Il-76 Candid oder der Antonow An-124. Insgesamt wurden ca. 2.200 Tonnen Ladegut und 1.800 Personen auf dem Luftweg transportiert. Die dabei angefallenen Kosten sind in der nachfolgenden Tabelle aufgelistet.<\/p>\n<p><img loading=\"lazy\" decoding=\"async\" class=\"aligncenter size-full wp-image-3165\" title=\"Einsatzkosten der Tschad-Eins\u00e4tze des Bundesheeres \u00a9 Doppeladler.com\" src=\"https:\/\/www.doppeladler.com\/da\/wp-content\/uploads\/2011\/12\/kosten-tschad.png\" alt=\"Kosten EUFOR Tschad und MINURCAT\" width=\"540\" height=\"456\" \/><strong>Kosten<\/strong>. Die Kosten des Tschad-Einsatzes betrugen insgesamt 54,06 Mio. Euro.\u00a0 Davon machte der Personalaufwand 15,77 Mio. Euro (ohne Grundbez\u00fcge) aus. Der Sachaufwand betrug 38,29 Mio. Euro, davon wurden 12,05 Mio. Euro in einsatzrelevantes Ger\u00e4t investiert.<\/p>\n<h2>KRITIK &amp; LOB VOM RECHNUNGSHOF<\/h2>\n<p>Der Rechnungshof hat den Tschad-Einsatz gr\u00fcndlich durchleuchtet und kritisiert in seinem Abschlussbericht, dass die <strong>tats\u00e4chlichen Kosten von 54,06 Mio. Euro<\/strong> deutlich \u00fcber dem vom Verteidigungsministerium berichteten gesch\u00e4tzten Entsendungskosten von insgesamt rd. 45,96 Mio. Euro lagen. Grund f\u00fcr diese Differenz sind vor allem die vom Ministerium nicht angef\u00fchrten einsatzbedingten Beschaffungen. Das Argument des BMLVS, dass diese Investitionen nun auch f\u00fcr andere Eins\u00e4tze verf\u00fcgbar w\u00e4ren ist zwar nachvollziehbar, dennoch w\u00e4ren die Beschaffungen ohne Tschad-Mission nicht get\u00e4tigt worden.<\/p>\n<p>Die Kritik an der mangelnden <strong>Auftragsvergabe<\/strong> (und dadurch m\u00f6gliche Mehrkosten) f\u00fcr die einsatzbedingte Ausr\u00fcstung ist zwar grunds\u00e4tzlich gerechtfertigt, ber\u00fccksichtigt jedoch nicht die besonderen Umst\u00e4nde des kurzfristig angesetzten Auslandseinsatzes, f\u00fcr das nur wenig geeignete Ausr\u00fcstung zur Verf\u00fcgung stand. Der Schutz der eingesetzten Soldaten geht einem ordnungsgem\u00e4\u00df durchgef\u00fchrten Vergabeverfahren vor.<\/p>\n<p>Verschw\u00f6rungstheoretiker wird interessieren, dass der Rechnungshof auch erhebliche <strong>Fehlbest\u00e4nde an Munition<\/strong> aufgedeckt hat &#8211; der Wert der Fehlbest\u00e4nde betrug rd. 250.000 Euro. Dieser Umstand, gemeinsam mit der Reaktion des Ministeriums, welche dem Rechnungshof \u201eGeheimnisverrat\u201c vorwirft, legt den Schluss nahe, dass doch wesentlich \u00f6fter von der Waffe Gebrauch gemacht werden musste, als dies \u201edaheim\u201c kommuniziert wurde. Es gibt jedoch auch wesentlich banalere Gr\u00fcnde (nicht dokumentierte Schie\u00df\u00fcbungen, Verlust, Weitergabe an Kontingente anderer Staaten, etc.).<\/p>\n<p>Lob gab es vom Rechnungshof f\u00fcr die <strong>fr\u00fchzeitige Planung<\/strong> und f\u00fcr die <strong>erfolgreiche Durchf\u00fchrung<\/strong> des Einsatzes trotz hoher Risiken und schwieriger Rahmenbedingungen. Die hohe Anerkennung der Leistungen der \u00f6sterreichischen Soldaten durch ihre internationalen Verb\u00fcndeten hatte sich bis zu den Buchhaltern der Nation durchgesprochen.<\/p>\n<h2>NACHSATZ<\/h2>\n<p>Beide Missionen, EUFOR TCHAD\/RCA und MINURCAT, konnten die humanit\u00e4re Lage und die Sicherheitslage in der Grenzregion zwischen dem Tschad und dem Sudan zwar verbessern, den Konflikt jedoch nicht dauerhaft l\u00f6sen. Daf\u00fcr sind &#8211; trotz anhaltender Unterst\u00fctzung von EU und UN auf anderen Ebenen &#8211; in erster Linie die beteiligten Staaten selbst verantwortlich. Das war der EU bzw. der UN von vornherein klar. Die Eins\u00e4tze demonstrierten jedoch die Bereitschaft der internationalen Gemeinschaft, im Falle einer erneuten Zuspitzung der Lage zu intervenieren.<\/p>\n<p>Stellvertretend f\u00fcr die vielen Hilfsorganisationen, die nach wie vor im Sudan und im Tschad im Einsatz sind, m\u00f6chten wir auf die Websites von<strong> \u00c4rzte ohne Grenzen <\/strong>und<strong> CARE \u00d6sterreich<\/strong> hinweisen. Beide Organisationen liefern auch regelm\u00e4\u00dfige Updates zur st\u00e4ndig wechselnden Lage in der Krisenregion \u2013 und nat\u00fcrlich kann man dort auch spenden!<\/p>\n<ul>\n<li>\u00c4rzte ohne Grenzen \u00d6sterreich &#8211; <a href=\"http:\/\/www.aerzte-ohne-grenzen.at\/hilfseinsaetze\/einsatzlaender\/details\/sudan\/\" target=\"_blank\">\u00dcbersicht Sudan<\/a> | <a href=\"http:\/\/www.aerzte-ohne-grenzen.at\/hilfseinsaetze\/einsatzlaender\/details\/tschad\/\" target=\"_blank\">\u00dcbersicht Tschad<\/a><\/li>\n<li>CARE \u00d6sterreich &#8211; <a href=\"http:\/\/www.care.at\/de\/projekte\/afrika\/sudan.html\" target=\"_blank\">\u00dcbersicht Sudan<\/a> | <a href=\"http:\/\/www.care.at\/de\/projekte\/afrika\/tschad.html\" target=\"_blank\">\u00dcbersicht Tschad<\/a><\/li>\n<\/ul>\n<p><strong>Weiterf\u00fchrende Links<\/strong>:<\/p>\n<ul>\n<li><a title=\"Einsatzvorbereitung EUFOR TSCHAD\" href=\"http:\/\/www.doppeladler.com\/oebh\/tschad.htm\">Unsere Reportage von der Einsatzvorbereitung in G\u00f6tzendorf (November 2007)<\/a><\/li>\n<li><a title=\"EUFOR TCHAD\/RCA\" href=\"http:\/\/www.consilium.europa.eu\/eeas\/security-defence\/eu-operations\/completed-eu-operations\/eufor-tchadrca.aspx?lang=en\" target=\"_blank\">Offizielle Website des EU-Einsatzes EUFOR TCHAD\/RCA<\/a><\/li>\n<li><a title=\"MINURCAT\" href=\"http:\/\/www.un.org\/en\/peacekeeping\/missions\/minurcat\/index.shtml\" target=\"_blank\">Offizielle Website des UN-Einsatzes MINURCAT<\/a><\/li>\n<li><a title=\"Bericht Rechnungshof\" href=\"http:\/\/www.rechnungshof.gv.at\/fileadmin\/downloads\/2011\/berichte\/berichte_bund\/Bund_2011_11.pdf\" target=\"_blank\">Der Untersuchungsbericht des Rechungshofs<\/a><\/li>\n<\/ul>\n","protected":false},"excerpt":{"rendered":"<p>Der Einsatz des \u00d6sterreichischen Bundesheeres in der Republik Tschad war in vielerlei Hinsicht bemerkenswert. Bereits vor Einsatzbeginn besuchte DOPPELADLER.COM im November 2007 die Einsatzvorbereitungen in G\u00f6tzendorf. Nun ziehen wir Bilanz \u00fcber 693 Tage im W\u00fcstensand.<\/p>\n","protected":false},"author":1,"featured_media":3085,"comment_status":"open","ping_status":"open","sticky":false,"template":"","format":"standard","meta":{"footnotes":""},"categories":[3,99],"tags":[258,47,214,333,344,334,336,301,299,335,341,342,76,304,343,332,338,340,337,339],"yoast_head":"<!-- This site is optimized with the Yoast SEO plugin v23.3 - https:\/\/yoast.com\/wordpress\/plugins\/seo\/ -->\n<title>EINSATZ IM TSCHAD | DOPPELADLER.COM<\/title>\n<meta name=\"description\" content=\"Der Tschad-Einsatz des \u00d6sterreichischen Bundesheeres war in vielerlei Hinsicht bemerkenswert. Bilanz \u00fcber 693 Tage im W\u00fcstensand.\" \/>\n<meta name=\"robots\" content=\"index, follow, max-snippet:-1, max-image-preview:large, max-video-preview:-1\" \/>\n<link rel=\"canonical\" href=\"https:\/\/www.doppeladler.com\/da\/oebh\/einsatz-im-tschad\/\" \/>\n<meta name=\"twitter:label1\" content=\"Verfasst von\" \/>\n\t<meta name=\"twitter:data1\" content=\"Doppeladler\" \/>\n\t<meta name=\"twitter:label2\" content=\"Gesch\u00e4tzte Lesezeit\" \/>\n\t<meta name=\"twitter:data2\" content=\"7\u00a0Minuten\" \/>\n<script type=\"application\/ld+json\" class=\"yoast-schema-graph\">{\"@context\":\"https:\/\/schema.org\",\"@graph\":[{\"@type\":\"WebPage\",\"@id\":\"https:\/\/www.doppeladler.com\/da\/oebh\/einsatz-im-tschad\/\",\"url\":\"https:\/\/www.doppeladler.com\/da\/oebh\/einsatz-im-tschad\/\",\"name\":\"EINSATZ IM TSCHAD | DOPPELADLER.COM\",\"isPartOf\":{\"@id\":\"https:\/\/www.doppeladler.com\/da\/#website\"},\"primaryImageOfPage\":{\"@id\":\"https:\/\/www.doppeladler.com\/da\/oebh\/einsatz-im-tschad\/#primaryimage\"},\"image\":{\"@id\":\"https:\/\/www.doppeladler.com\/da\/oebh\/einsatz-im-tschad\/#primaryimage\"},\"thumbnailUrl\":\"https:\/\/www.doppeladler.com\/da\/wp-content\/uploads\/2011\/12\/title-tschad-2.jpg\",\"datePublished\":\"2011-12-09T16:47:53+00:00\",\"dateModified\":\"2012-02-23T19:48:18+00:00\",\"author\":{\"@id\":\"https:\/\/www.doppeladler.com\/da\/#\/schema\/person\/232b998b629b89b24a916becce3e9476\"},\"description\":\"Der Tschad-Einsatz des \u00d6sterreichischen Bundesheeres war in vielerlei Hinsicht bemerkenswert. Bilanz \u00fcber 693 Tage im W\u00fcstensand.\",\"breadcrumb\":{\"@id\":\"https:\/\/www.doppeladler.com\/da\/oebh\/einsatz-im-tschad\/#breadcrumb\"},\"inLanguage\":\"de\",\"potentialAction\":[{\"@type\":\"ReadAction\",\"target\":[\"https:\/\/www.doppeladler.com\/da\/oebh\/einsatz-im-tschad\/\"]}]},{\"@type\":\"ImageObject\",\"inLanguage\":\"de\",\"@id\":\"https:\/\/www.doppeladler.com\/da\/oebh\/einsatz-im-tschad\/#primaryimage\",\"url\":\"https:\/\/www.doppeladler.com\/da\/wp-content\/uploads\/2011\/12\/title-tschad-2.jpg\",\"contentUrl\":\"https:\/\/www.doppeladler.com\/da\/wp-content\/uploads\/2011\/12\/title-tschad-2.jpg\",\"width\":\"540\",\"height\":\"200\",\"caption\":\"Soldaten des Jagdkommandos in ihrer Puch G Sandviper\"},{\"@type\":\"BreadcrumbList\",\"@id\":\"https:\/\/www.doppeladler.com\/da\/oebh\/einsatz-im-tschad\/#breadcrumb\",\"itemListElement\":[{\"@type\":\"ListItem\",\"position\":1,\"name\":\"Startseite\",\"item\":\"https:\/\/www.doppeladler.com\/da\/\"},{\"@type\":\"ListItem\",\"position\":2,\"name\":\"EINSATZ IM TSCHAD\"}]},{\"@type\":\"WebSite\",\"@id\":\"https:\/\/www.doppeladler.com\/da\/#website\",\"url\":\"https:\/\/www.doppeladler.com\/da\/\",\"name\":\"DOPPELADLER.COM\",\"description\":\"Plattform f\u00fcr \u00d6sterreichs Milit\u00e4rgeschichte\",\"potentialAction\":[{\"@type\":\"SearchAction\",\"target\":{\"@type\":\"EntryPoint\",\"urlTemplate\":\"https:\/\/www.doppeladler.com\/da\/?s={search_term_string}\"},\"query-input\":\"required name=search_term_string\"}],\"inLanguage\":\"de\"},{\"@type\":\"Person\",\"@id\":\"https:\/\/www.doppeladler.com\/da\/#\/schema\/person\/232b998b629b89b24a916becce3e9476\",\"name\":\"Doppeladler\",\"sameAs\":[\"http:\/\/www.doppeladler.com\"]}]}<\/script>\n<!-- \/ Yoast SEO plugin. -->","yoast_head_json":{"title":"EINSATZ IM TSCHAD | DOPPELADLER.COM","description":"Der Tschad-Einsatz des \u00d6sterreichischen Bundesheeres war in vielerlei Hinsicht bemerkenswert. Bilanz \u00fcber 693 Tage im W\u00fcstensand.","robots":{"index":"index","follow":"follow","max-snippet":"max-snippet:-1","max-image-preview":"max-image-preview:large","max-video-preview":"max-video-preview:-1"},"canonical":"https:\/\/www.doppeladler.com\/da\/oebh\/einsatz-im-tschad\/","twitter_misc":{"Verfasst von":"Doppeladler","Gesch\u00e4tzte Lesezeit":"7\u00a0Minuten"},"schema":{"@context":"https:\/\/schema.org","@graph":[{"@type":"WebPage","@id":"https:\/\/www.doppeladler.com\/da\/oebh\/einsatz-im-tschad\/","url":"https:\/\/www.doppeladler.com\/da\/oebh\/einsatz-im-tschad\/","name":"EINSATZ IM TSCHAD | DOPPELADLER.COM","isPartOf":{"@id":"https:\/\/www.doppeladler.com\/da\/#website"},"primaryImageOfPage":{"@id":"https:\/\/www.doppeladler.com\/da\/oebh\/einsatz-im-tschad\/#primaryimage"},"image":{"@id":"https:\/\/www.doppeladler.com\/da\/oebh\/einsatz-im-tschad\/#primaryimage"},"thumbnailUrl":"https:\/\/www.doppeladler.com\/da\/wp-content\/uploads\/2011\/12\/title-tschad-2.jpg","datePublished":"2011-12-09T16:47:53+00:00","dateModified":"2012-02-23T19:48:18+00:00","author":{"@id":"https:\/\/www.doppeladler.com\/da\/#\/schema\/person\/232b998b629b89b24a916becce3e9476"},"description":"Der Tschad-Einsatz des \u00d6sterreichischen Bundesheeres war in vielerlei Hinsicht bemerkenswert. Bilanz \u00fcber 693 Tage im W\u00fcstensand.","breadcrumb":{"@id":"https:\/\/www.doppeladler.com\/da\/oebh\/einsatz-im-tschad\/#breadcrumb"},"inLanguage":"de","potentialAction":[{"@type":"ReadAction","target":["https:\/\/www.doppeladler.com\/da\/oebh\/einsatz-im-tschad\/"]}]},{"@type":"ImageObject","inLanguage":"de","@id":"https:\/\/www.doppeladler.com\/da\/oebh\/einsatz-im-tschad\/#primaryimage","url":"https:\/\/www.doppeladler.com\/da\/wp-content\/uploads\/2011\/12\/title-tschad-2.jpg","contentUrl":"https:\/\/www.doppeladler.com\/da\/wp-content\/uploads\/2011\/12\/title-tschad-2.jpg","width":"540","height":"200","caption":"Soldaten des Jagdkommandos in ihrer Puch G Sandviper"},{"@type":"BreadcrumbList","@id":"https:\/\/www.doppeladler.com\/da\/oebh\/einsatz-im-tschad\/#breadcrumb","itemListElement":[{"@type":"ListItem","position":1,"name":"Startseite","item":"https:\/\/www.doppeladler.com\/da\/"},{"@type":"ListItem","position":2,"name":"EINSATZ IM TSCHAD"}]},{"@type":"WebSite","@id":"https:\/\/www.doppeladler.com\/da\/#website","url":"https:\/\/www.doppeladler.com\/da\/","name":"DOPPELADLER.COM","description":"Plattform f\u00fcr \u00d6sterreichs Milit\u00e4rgeschichte","potentialAction":[{"@type":"SearchAction","target":{"@type":"EntryPoint","urlTemplate":"https:\/\/www.doppeladler.com\/da\/?s={search_term_string}"},"query-input":"required name=search_term_string"}],"inLanguage":"de"},{"@type":"Person","@id":"https:\/\/www.doppeladler.com\/da\/#\/schema\/person\/232b998b629b89b24a916becce3e9476","name":"Doppeladler","sameAs":["http:\/\/www.doppeladler.com"]}]}},"_links":{"self":[{"href":"https:\/\/www.doppeladler.com\/da\/wp-json\/wp\/v2\/posts\/3055"}],"collection":[{"href":"https:\/\/www.doppeladler.com\/da\/wp-json\/wp\/v2\/posts"}],"about":[{"href":"https:\/\/www.doppeladler.com\/da\/wp-json\/wp\/v2\/types\/post"}],"author":[{"embeddable":true,"href":"https:\/\/www.doppeladler.com\/da\/wp-json\/wp\/v2\/users\/1"}],"replies":[{"embeddable":true,"href":"https:\/\/www.doppeladler.com\/da\/wp-json\/wp\/v2\/comments?post=3055"}],"version-history":[{"count":0,"href":"https:\/\/www.doppeladler.com\/da\/wp-json\/wp\/v2\/posts\/3055\/revisions"}],"wp:featuredmedia":[{"embeddable":true,"href":"https:\/\/www.doppeladler.com\/da\/wp-json\/wp\/v2\/media\/3085"}],"wp:attachment":[{"href":"https:\/\/www.doppeladler.com\/da\/wp-json\/wp\/v2\/media?parent=3055"}],"wp:term":[{"taxonomy":"category","embeddable":true,"href":"https:\/\/www.doppeladler.com\/da\/wp-json\/wp\/v2\/categories?post=3055"},{"taxonomy":"post_tag","embeddable":true,"href":"https:\/\/www.doppeladler.com\/da\/wp-json\/wp\/v2\/tags?post=3055"}],"curies":[{"name":"wp","href":"https:\/\/api.w.org\/{rel}","templated":true}]}}