{"id":18872,"date":"2025-09-08T11:19:42","date_gmt":"2025-09-08T09:19:42","guid":{"rendered":"https:\/\/www.doppeladler.com\/da\/?p=18872"},"modified":"2025-09-09T13:53:21","modified_gmt":"2025-09-09T11:53:21","slug":"oesterreichs-erste-c-390-nimmt-gestalt-an","status":"publish","type":"post","link":"https:\/\/www.doppeladler.com\/da\/oebh\/oesterreichs-erste-c-390-nimmt-gestalt-an\/","title":{"rendered":"\u00d6sterreichs erste C-390 nimmt Gestalt an"},"content":{"rendered":"\n<p>Am 14. Februar 2025, am Valentinstag, startete offiziell die Produktion der ersten EMBRAER C-390 MILLENNIUM f\u00fcr die \u00f6sterreichischen Luftstreitkr\u00e4fte in der Produktionsst\u00e4tte Gavi\u00e3o Peixoto. Mittlerweile ist schon ein beachtlicher Baufortschritt zu erkennen.<\/p>\n\n\n\n<p>Letzte Woche begutachtete eine Delegation aus \u00d6sterreich und den Niederlanden den Rumpf und die Wingbox der ersten \u00f6sterreichischen C-390 MILLENNIUM. Dabei verewigten sich die Vertreter \u00d6sterreichs auf den Rumpf mit ihrer Unterschrift.<\/p>\n\n\n\n<figure class=\"wp-block-gallery has-nested-images columns-default is-cropped wp-block-gallery-1 is-layout-flex wp-block-gallery-is-layout-flex\">\n<figure class=\"wp-block-image size-large\"><a href=\"https:\/\/www.doppeladler.com\/da\/wp-content\/uploads\/2025\/09\/1757102431463.jpg\" data-rel=\"penci-gallery-image-content\" ><img fetchpriority=\"high\" decoding=\"async\" width=\"1080\" height=\"720\" data-id=\"18875\" src=\"https:\/\/www.doppeladler.com\/da\/wp-content\/uploads\/2025\/09\/1757102431463.jpg\" alt=\"\" class=\"wp-image-18875\" srcset=\"https:\/\/www.doppeladler.com\/da\/wp-content\/uploads\/2025\/09\/1757102431463.jpg 1080w, https:\/\/www.doppeladler.com\/da\/wp-content\/uploads\/2025\/09\/1757102431463-300x200.jpg 300w, https:\/\/www.doppeladler.com\/da\/wp-content\/uploads\/2025\/09\/1757102431463-768x512.jpg 768w, https:\/\/www.doppeladler.com\/da\/wp-content\/uploads\/2025\/09\/1757102431463-585x390.jpg 585w, https:\/\/www.doppeladler.com\/da\/wp-content\/uploads\/2025\/09\/1757102431463-263x175.jpg 263w\" sizes=\"(max-width: 1080px) 100vw, 1080px\" \/><\/a><\/figure>\n\n\n\n<figure class=\"wp-block-image size-large\"><a href=\"https:\/\/www.doppeladler.com\/da\/wp-content\/uploads\/2025\/09\/1757102432436.jpg\" data-rel=\"penci-gallery-image-content\" ><img decoding=\"async\" width=\"1080\" height=\"720\" data-id=\"18874\" src=\"https:\/\/www.doppeladler.com\/da\/wp-content\/uploads\/2025\/09\/1757102432436.jpg\" alt=\"\" class=\"wp-image-18874\" srcset=\"https:\/\/www.doppeladler.com\/da\/wp-content\/uploads\/2025\/09\/1757102432436.jpg 1080w, https:\/\/www.doppeladler.com\/da\/wp-content\/uploads\/2025\/09\/1757102432436-300x200.jpg 300w, https:\/\/www.doppeladler.com\/da\/wp-content\/uploads\/2025\/09\/1757102432436-768x512.jpg 768w, https:\/\/www.doppeladler.com\/da\/wp-content\/uploads\/2025\/09\/1757102432436-585x390.jpg 585w, https:\/\/www.doppeladler.com\/da\/wp-content\/uploads\/2025\/09\/1757102432436-263x175.jpg 263w\" sizes=\"(max-width: 1080px) 100vw, 1080px\" \/><\/a><\/figure>\n\n\n\n<figure class=\"wp-block-image size-large\"><a href=\"https:\/\/www.doppeladler.com\/da\/wp-content\/uploads\/2025\/09\/1757102434304.jpg\" data-rel=\"penci-gallery-image-content\" ><img decoding=\"async\" width=\"1080\" height=\"720\" data-id=\"18876\" src=\"https:\/\/www.doppeladler.com\/da\/wp-content\/uploads\/2025\/09\/1757102434304.jpg\" alt=\"\" class=\"wp-image-18876\" srcset=\"https:\/\/www.doppeladler.com\/da\/wp-content\/uploads\/2025\/09\/1757102434304.jpg 1080w, https:\/\/www.doppeladler.com\/da\/wp-content\/uploads\/2025\/09\/1757102434304-300x200.jpg 300w, https:\/\/www.doppeladler.com\/da\/wp-content\/uploads\/2025\/09\/1757102434304-768x512.jpg 768w, https:\/\/www.doppeladler.com\/da\/wp-content\/uploads\/2025\/09\/1757102434304-585x390.jpg 585w, https:\/\/www.doppeladler.com\/da\/wp-content\/uploads\/2025\/09\/1757102434304-263x175.jpg 263w\" sizes=\"(max-width: 1080px) 100vw, 1080px\" \/><\/a><\/figure>\n<\/figure>\n\n\n\n<p> <br>Erst vor etwa 14 Monaten, am 22. Juli 2024, erfolgte die <a href=\"https:\/\/www.doppeladler.com\/da\/news\/oesterreich-kauft-4-embraer-c-390-transporter\/\">Vertragsunterzeichnung <\/a>f\u00fcr die neun Transportflugzeuge f\u00fcr die Niederlande und \u00d6sterreich \u2013 vier davon sind f\u00fcr die heimischen Luftstreitkr\u00e4fte vorgesehen.<\/p>\n\n\n\n<h2 class=\"wp-block-heading\">Programmstatus<\/h2>\n\n\n\n<p>Bislang haben sich \u00d6sterreichs Nachbarstaaten Ungarn, Tschechien und die Slowakei f\u00fcr die C-390 entschieden. Dazu kommen noch die EU Staaten Portugal, Schweden, der Kooperationspartner Niederlande und zuletzt auch Litauen . Damit ist sichergestellt, dass das C-390 \/ KC-390 Programm einen starken europ\u00e4ischen Standfu\u00df aufweist. <\/p>\n\n\n\n<p>In Brasilien, Portugal und Ungarn ist die C-390 bereits offiziell im Dienst. Die derzeit in Betrieb befindliche Flotte weist derzeit eine Einsatzf\u00e4higkeit von 93 % und eine Missionserf\u00fcllungsrate von \u00fcber 99 % auf.<\/p>\n\n\n\n<p><strong>Weiterf\u00fchrende Links<\/strong><\/p>\n\n\n\n<ul>\n<li><a href=\"https:\/\/www.linkedin.com\/posts\/embraer_kc390-millennium-activity-7369821781647454208-wvAt?utm_source=social_share_send&amp;utm_medium=member_desktop_web&amp;rcm=ACoAAF09A2ABOTn0yJ2dwSglmqshREQRBOX7kFM\">Linkedin-Post von EMBRAER zum Produktionsstatus; 06.09.2025<\/a><\/li>\n\n\n\n<li><a href=\"https:\/\/stage-embraer-corporate-website-cloud.useast01.umbraco.io\/media-center\/en\/?mediatype=NEWS&amp;detail=19402-Embraer-begins-production-of-Austria%E2%80%99s-first-C-390-Millennium\">Embraer begins production of Austria\u2019s first C-390 Millennium; embraer.com; 14.02.2025<\/a><\/li>\n\n\n\n<li><a href=\"https:\/\/stage-embraer-corporate-website-cloud.useast01.umbraco.io\/media-center\/en\/?mediatype=NEWS&amp;detail=19747-Lithuania-has-chosen-Embraer%E2%80%99s-C-390-Millennium-Transport-Aircraft-to-strengthen-its-military-readiness\">Lithuania has chosen Embraer\u2019s C-390 Millennium Transport Aircraft to strengthen its military readiness; embraer.com; 18.06.2025<\/a><\/li>\n<\/ul>\n\n\n\n<p>Titelbild: Visualisierung einer \u00f6sterreichischen Embraer C-390 Millennium \u00a9 EMBRAER<\/p>\n","protected":false},"excerpt":{"rendered":"<p>Letzte Woche begutachtete eine Delegation aus \u00d6sterreich Wingbox und Rumpf der ersten C-390.<\/p>\n","protected":false},"author":1,"featured_media":18873,"comment_status":"closed","ping_status":"open","sticky":true,"template":"","format":"standard","meta":{"footnotes":""},"categories":[3,9],"tags":[1052,1053,1054],"yoast_head":"<!-- This site is optimized with the Yoast SEO plugin v23.3 - https:\/\/yoast.com\/wordpress\/plugins\/seo\/ -->\n<title>\u00d6sterreichs erste C-390 nimmt Gestalt an | DOPPELADLER.COM<\/title>\n<meta name=\"description\" content=\"Letzte Woche begutachtete eine Delegation aus \u00d6sterreich Wingbox und Rumpf der ersten C-390.\" \/>\n<meta name=\"robots\" content=\"index, follow, max-snippet:-1, max-image-preview:large, max-video-preview:-1\" \/>\n<link rel=\"canonical\" href=\"https:\/\/www.doppeladler.com\/da\/oebh\/oesterreichs-erste-c-390-nimmt-gestalt-an\/\" \/>\n<meta name=\"twitter:label1\" content=\"Verfasst von\" \/>\n\t<meta name=\"twitter:data1\" content=\"Doppeladler\" \/>\n\t<meta name=\"twitter:label2\" content=\"Gesch\u00e4tzte Lesezeit\" \/>\n\t<meta name=\"twitter:data2\" content=\"2\u00a0Minuten\" \/>\n<script type=\"application\/ld+json\" class=\"yoast-schema-graph\">{\"@context\":\"https:\/\/schema.org\",\"@graph\":[{\"@type\":\"WebPage\",\"@id\":\"https:\/\/www.doppeladler.com\/da\/oebh\/oesterreichs-erste-c-390-nimmt-gestalt-an\/\",\"url\":\"https:\/\/www.doppeladler.com\/da\/oebh\/oesterreichs-erste-c-390-nimmt-gestalt-an\/\",\"name\":\"\u00d6sterreichs erste C-390 nimmt Gestalt an | DOPPELADLER.COM\",\"isPartOf\":{\"@id\":\"https:\/\/www.doppeladler.com\/da\/#website\"},\"primaryImageOfPage\":{\"@id\":\"https:\/\/www.doppeladler.com\/da\/oebh\/oesterreichs-erste-c-390-nimmt-gestalt-an\/#primaryimage\"},\"image\":{\"@id\":\"https:\/\/www.doppeladler.com\/da\/oebh\/oesterreichs-erste-c-390-nimmt-gestalt-an\/#primaryimage\"},\"thumbnailUrl\":\"https:\/\/www.doppeladler.com\/da\/wp-content\/uploads\/2025\/09\/C-390_Austria_Ceremony_PR.jpg\",\"datePublished\":\"2025-09-08T09:19:42+00:00\",\"dateModified\":\"2025-09-09T11:53:21+00:00\",\"author\":{\"@id\":\"https:\/\/www.doppeladler.com\/da\/#\/schema\/person\/232b998b629b89b24a916becce3e9476\"},\"description\":\"Letzte Woche begutachtete eine Delegation aus \u00d6sterreich Wingbox und Rumpf der ersten C-390.\",\"breadcrumb\":{\"@id\":\"https:\/\/www.doppeladler.com\/da\/oebh\/oesterreichs-erste-c-390-nimmt-gestalt-an\/#breadcrumb\"},\"inLanguage\":\"de\",\"potentialAction\":[{\"@type\":\"ReadAction\",\"target\":[\"https:\/\/www.doppeladler.com\/da\/oebh\/oesterreichs-erste-c-390-nimmt-gestalt-an\/\"]}]},{\"@type\":\"ImageObject\",\"inLanguage\":\"de\",\"@id\":\"https:\/\/www.doppeladler.com\/da\/oebh\/oesterreichs-erste-c-390-nimmt-gestalt-an\/#primaryimage\",\"url\":\"https:\/\/www.doppeladler.com\/da\/wp-content\/uploads\/2025\/09\/C-390_Austria_Ceremony_PR.jpg\",\"contentUrl\":\"https:\/\/www.doppeladler.com\/da\/wp-content\/uploads\/2025\/09\/C-390_Austria_Ceremony_PR.jpg\",\"width\":1920,\"height\":1080,\"caption\":\"\u00d6sterreichs erste C-390 nimmt Gestalt an \u00a9 EMBRAER\"},{\"@type\":\"BreadcrumbList\",\"@id\":\"https:\/\/www.doppeladler.com\/da\/oebh\/oesterreichs-erste-c-390-nimmt-gestalt-an\/#breadcrumb\",\"itemListElement\":[{\"@type\":\"ListItem\",\"position\":1,\"name\":\"Startseite\",\"item\":\"https:\/\/www.doppeladler.com\/da\/\"},{\"@type\":\"ListItem\",\"position\":2,\"name\":\"\u00d6sterreichs erste C-390 nimmt Gestalt an\"}]},{\"@type\":\"WebSite\",\"@id\":\"https:\/\/www.doppeladler.com\/da\/#website\",\"url\":\"https:\/\/www.doppeladler.com\/da\/\",\"name\":\"DOPPELADLER.COM\",\"description\":\"Plattform f\u00fcr \u00d6sterreichs Milit\u00e4rgeschichte\",\"potentialAction\":[{\"@type\":\"SearchAction\",\"target\":{\"@type\":\"EntryPoint\",\"urlTemplate\":\"https:\/\/www.doppeladler.com\/da\/?s={search_term_string}\"},\"query-input\":\"required name=search_term_string\"}],\"inLanguage\":\"de\"},{\"@type\":\"Person\",\"@id\":\"https:\/\/www.doppeladler.com\/da\/#\/schema\/person\/232b998b629b89b24a916becce3e9476\",\"name\":\"Doppeladler\",\"sameAs\":[\"http:\/\/www.doppeladler.com\"]}]}<\/script>\n<!-- \/ Yoast SEO plugin. -->","yoast_head_json":{"title":"\u00d6sterreichs erste C-390 nimmt Gestalt an | DOPPELADLER.COM","description":"Letzte Woche begutachtete eine Delegation aus \u00d6sterreich Wingbox und Rumpf der ersten C-390.","robots":{"index":"index","follow":"follow","max-snippet":"max-snippet:-1","max-image-preview":"max-image-preview:large","max-video-preview":"max-video-preview:-1"},"canonical":"https:\/\/www.doppeladler.com\/da\/oebh\/oesterreichs-erste-c-390-nimmt-gestalt-an\/","twitter_misc":{"Verfasst von":"Doppeladler","Gesch\u00e4tzte Lesezeit":"2\u00a0Minuten"},"schema":{"@context":"https:\/\/schema.org","@graph":[{"@type":"WebPage","@id":"https:\/\/www.doppeladler.com\/da\/oebh\/oesterreichs-erste-c-390-nimmt-gestalt-an\/","url":"https:\/\/www.doppeladler.com\/da\/oebh\/oesterreichs-erste-c-390-nimmt-gestalt-an\/","name":"\u00d6sterreichs erste C-390 nimmt Gestalt an | DOPPELADLER.COM","isPartOf":{"@id":"https:\/\/www.doppeladler.com\/da\/#website"},"primaryImageOfPage":{"@id":"https:\/\/www.doppeladler.com\/da\/oebh\/oesterreichs-erste-c-390-nimmt-gestalt-an\/#primaryimage"},"image":{"@id":"https:\/\/www.doppeladler.com\/da\/oebh\/oesterreichs-erste-c-390-nimmt-gestalt-an\/#primaryimage"},"thumbnailUrl":"https:\/\/www.doppeladler.com\/da\/wp-content\/uploads\/2025\/09\/C-390_Austria_Ceremony_PR.jpg","datePublished":"2025-09-08T09:19:42+00:00","dateModified":"2025-09-09T11:53:21+00:00","author":{"@id":"https:\/\/www.doppeladler.com\/da\/#\/schema\/person\/232b998b629b89b24a916becce3e9476"},"description":"Letzte Woche begutachtete eine Delegation aus \u00d6sterreich Wingbox und Rumpf der ersten C-390.","breadcrumb":{"@id":"https:\/\/www.doppeladler.com\/da\/oebh\/oesterreichs-erste-c-390-nimmt-gestalt-an\/#breadcrumb"},"inLanguage":"de","potentialAction":[{"@type":"ReadAction","target":["https:\/\/www.doppeladler.com\/da\/oebh\/oesterreichs-erste-c-390-nimmt-gestalt-an\/"]}]},{"@type":"ImageObject","inLanguage":"de","@id":"https:\/\/www.doppeladler.com\/da\/oebh\/oesterreichs-erste-c-390-nimmt-gestalt-an\/#primaryimage","url":"https:\/\/www.doppeladler.com\/da\/wp-content\/uploads\/2025\/09\/C-390_Austria_Ceremony_PR.jpg","contentUrl":"https:\/\/www.doppeladler.com\/da\/wp-content\/uploads\/2025\/09\/C-390_Austria_Ceremony_PR.jpg","width":1920,"height":1080,"caption":"\u00d6sterreichs erste C-390 nimmt Gestalt an \u00a9 EMBRAER"},{"@type":"BreadcrumbList","@id":"https:\/\/www.doppeladler.com\/da\/oebh\/oesterreichs-erste-c-390-nimmt-gestalt-an\/#breadcrumb","itemListElement":[{"@type":"ListItem","position":1,"name":"Startseite","item":"https:\/\/www.doppeladler.com\/da\/"},{"@type":"ListItem","position":2,"name":"\u00d6sterreichs erste C-390 nimmt Gestalt an"}]},{"@type":"WebSite","@id":"https:\/\/www.doppeladler.com\/da\/#website","url":"https:\/\/www.doppeladler.com\/da\/","name":"DOPPELADLER.COM","description":"Plattform f\u00fcr \u00d6sterreichs Milit\u00e4rgeschichte","potentialAction":[{"@type":"SearchAction","target":{"@type":"EntryPoint","urlTemplate":"https:\/\/www.doppeladler.com\/da\/?s={search_term_string}"},"query-input":"required name=search_term_string"}],"inLanguage":"de"},{"@type":"Person","@id":"https:\/\/www.doppeladler.com\/da\/#\/schema\/person\/232b998b629b89b24a916becce3e9476","name":"Doppeladler","sameAs":["http:\/\/www.doppeladler.com"]}]}},"_links":{"self":[{"href":"https:\/\/www.doppeladler.com\/da\/wp-json\/wp\/v2\/posts\/18872"}],"collection":[{"href":"https:\/\/www.doppeladler.com\/da\/wp-json\/wp\/v2\/posts"}],"about":[{"href":"https:\/\/www.doppeladler.com\/da\/wp-json\/wp\/v2\/types\/post"}],"author":[{"embeddable":true,"href":"https:\/\/www.doppeladler.com\/da\/wp-json\/wp\/v2\/users\/1"}],"replies":[{"embeddable":true,"href":"https:\/\/www.doppeladler.com\/da\/wp-json\/wp\/v2\/comments?post=18872"}],"version-history":[{"count":4,"href":"https:\/\/www.doppeladler.com\/da\/wp-json\/wp\/v2\/posts\/18872\/revisions"}],"predecessor-version":[{"id":18880,"href":"https:\/\/www.doppeladler.com\/da\/wp-json\/wp\/v2\/posts\/18872\/revisions\/18880"}],"wp:featuredmedia":[{"embeddable":true,"href":"https:\/\/www.doppeladler.com\/da\/wp-json\/wp\/v2\/media\/18873"}],"wp:attachment":[{"href":"https:\/\/www.doppeladler.com\/da\/wp-json\/wp\/v2\/media?parent=18872"}],"wp:term":[{"taxonomy":"category","embeddable":true,"href":"https:\/\/www.doppeladler.com\/da\/wp-json\/wp\/v2\/categories?post=18872"},{"taxonomy":"post_tag","embeddable":true,"href":"https:\/\/www.doppeladler.com\/da\/wp-json\/wp\/v2\/tags?post=18872"}],"curies":[{"name":"wp","href":"https:\/\/api.w.org\/{rel}","templated":true}]}}