{"id":18581,"date":"2024-10-18T18:21:05","date_gmt":"2024-10-18T16:21:05","guid":{"rendered":"https:\/\/www.doppeladler.com\/da\/?p=18581"},"modified":"2024-10-18T18:43:58","modified_gmt":"2024-10-18T16:43:58","slug":"airpower24","status":"publish","type":"post","link":"https:\/\/www.doppeladler.com\/da\/misc\/airshows-misc\/airpower24\/","title":{"rendered":"AIRPOWER24 &#8211; Fliegen. Freiheit. Begeisterung."},"content":{"rendered":"\n<p><strong>Die AIRPOWER fand heuer am 06. und 07. September 2024 am Fliegerhorst Hinterstoisser in Zeltweg (Steiermark) statt. Etwa 250.000 Luftfahrtbegeisterte besuchten die Airshow, welche heuer unter dem Motto \u201eFliegen. Freiheit. Begeisterung.\u201c stand. Veranstalter waren das \u00d6sterreichische Bundesheer gemeinsam mit den Partnern Red Bull und dem Land Steiermark.<\/strong><\/p>\n\n\n\n<p>Tag 1 startete verregnet, doch etwa 100.000 Besucherinnen und Besucher konnte das nicht abschrecken. Leider mussten einige Displays aufgrund der schlechten Witterung und der damit verbundenen schlechten Sicht abgesagt werden. Doch das Wetter machte die Flugvorf\u00fchrungen auch spannend \u2013 Flugzeuge verschwanden schon in geringer Entfernung in einer Wolke und tauchten an anderer Stelle wieder auf. Die hohe Luftfeuchtigkeit f\u00fchrte teils zu spektakul\u00e4ren Kondensations-Effekten an den Tragfl\u00e4chen. An Tag 2 pr\u00e4sentierte sich die AIRPOWER bei sehr gutem Airshow-Wetter. Daf\u00fcr ging um 12.50 Uhr die Meldung heraus, dass die Kapazit\u00e4tsgrenzen des Gel\u00e4ndes erreicht sind und man nicht mehr anreisen sollte.<br>Mit 250.000 Besuchern, 206 Flugzeugen aus \u00fcber 20 Nationen geh\u00f6rte die AIRPOWER24 wieder zu den ganz gro\u00dfen Airshows in Europa. Im Static Display wurden rund 60 Luftfahrzeuge pr\u00e4sentiert. 40 Flugzeuge und Hubschrauber stammten vom Bundesheer, 27 Maschinen von den Flying Bulls.<\/p>\n\n\n\n<figure class=\"wp-block-image size-full\"><img fetchpriority=\"high\" decoding=\"async\" width=\"2000\" height=\"1014\" src=\"https:\/\/www.doppeladler.com\/da\/wp-content\/uploads\/2024\/09\/ap24-gelaende.jpg\" alt=\"Gro\u00dfer Besucherandrang vor allem am 2. Tag der AIRPOWER \u00a9 Bundesheer\" class=\"wp-image-18589\" srcset=\"https:\/\/www.doppeladler.com\/da\/wp-content\/uploads\/2024\/09\/ap24-gelaende.jpg 2000w, https:\/\/www.doppeladler.com\/da\/wp-content\/uploads\/2024\/09\/ap24-gelaende-300x152.jpg 300w, https:\/\/www.doppeladler.com\/da\/wp-content\/uploads\/2024\/09\/ap24-gelaende-768x389.jpg 768w, https:\/\/www.doppeladler.com\/da\/wp-content\/uploads\/2024\/09\/ap24-gelaende-1536x779.jpg 1536w, https:\/\/www.doppeladler.com\/da\/wp-content\/uploads\/2024\/09\/ap24-gelaende-1920x973.jpg 1920w, https:\/\/www.doppeladler.com\/da\/wp-content\/uploads\/2024\/09\/ap24-gelaende-1170x593.jpg 1170w, https:\/\/www.doppeladler.com\/da\/wp-content\/uploads\/2024\/09\/ap24-gelaende-585x297.jpg 585w\" sizes=\"(max-width: 2000px) 100vw, 2000px\" \/><figcaption class=\"wp-element-caption\">Gro\u00dfer Besucherandrang vor allem am 2. Tag der AIRPOWER \u00a9 Bundesheer<\/figcaption><\/figure>\n\n\n\n<h2 class=\"wp-block-heading\"><strong>Gro\u00dfveranstaltung ist auch Gro\u00df\u00fcbung<\/strong><\/h2>\n\n\n\n<p>Eine Gro\u00dfveranstaltung wie die AIRPOWER ist gleichzeitig auch eine Gro\u00df\u00fcbung f\u00fcr das Bundesheer \u2013 und das beschr\u00e4nkt sich nicht nur auf die Piloten, die durch die Show einen extra Ansporn bekommen, ihre F\u00e4higkeiten zu verbessern. Die Techniker m\u00fcssen punktgenau zu Einsatzbeginn das Ger\u00e4t flugtauglich bekommen. Unz\u00e4hlige Flugbewegungen von in- und ausl\u00e4ndischen, milit\u00e4rischen und zivilen Flugzeugen m\u00fcssen koordiniert werden. Crash-Crews und die Drohnen-Abwehr stehen in Alarmbereitschaft. Dazu kommt die Logistik, wie Brigadier Wolfgang Prieler, Projektleiter der AIRPOWER24 betont: \u201eWir organisierten in den letzten Tagen gemeinsam die logistische Basis des mengenm\u00e4\u00dfigen Einflie\u00dfens der Bev\u00f6lkerung von ganz Salzburg in eine Stadt mit knapp 7.000 Einwohnerinnen und Einwohnern \u2013 und dies auch in wichtigen Teilbereichen wie etwa der Sanit\u00e4rversorgung, der Verpflegung, der Abfallwirtschaft oder auch der Sanit\u00e4tsversorgung. F\u00fcr die eingesetzte Miliz, die Sanit\u00e4t und die Logistik des Bundesheeres stellt die AIRPOWER24 einen hohen Ausbildungswert dar!\u201c<\/p>\n\n\n\n<p>Die AIRPOWER bildete auch den Rahmen f\u00fcr ein Treffen der Kommandanten der Luftstreitkr\u00e4fte aus mehr als 10 europ\u00e4ischen Staaten und der USA. Im neuen Airchief-DACH-Format werden die Airchiefs aus Deutschland, der Schweiz und \u00d6sterreich in Zukunft ihre bestehenden Kooperationen weiter vertiefen und ausbauen.<\/p>\n\n\n\n<p>Insgesamt waren seitens der Veranstalter rd. 6.200 Personen im Einsatz, davon 3.351 Soldatinnen und Soldaten, darunter 846 aus der Miliz. Im Bereich der Sanit\u00e4tsversorgung waren mehr als 300 Personen besch\u00e4ftigt, davon 75 \u00c4rzte und 190 Sanit\u00e4terinnen und Sanit\u00e4ter.<\/p>\n\n\n\n<h2 class=\"wp-block-heading\"><strong>Zahlreiche Highlights<\/strong><\/h2>\n\n\n\n<p>Das vielf\u00e4ltige Programm bot wohl f\u00fcr jeden Geschmack etwas &#8211; von den Blanix Segelflugzeugen, \u00fcber die Red Bull Olditmer-Sammlung bis zu den Fast-Jets. Ein Highlight f\u00fcr viele war sicherlich die Lockheed Martin F-35A der US Air Force, welche erstmalig auf einer AIRPOWER zu sehen war. Pilotin Melanie \u201eMach\u201c Kluesner pr\u00e4sentierte das Flugzeug mit Frauen-Power. Besonders gut gefallen hat uns &#8211; vom Start weg &#8211; das Display der McDonnell Douglas F\/A-18C Hornet aus Finnland. Die preisgekr\u00f6nte Abfang-Demonstration der \u00f6sterreichischen Luftstreitkr\u00e4fte mit den EUROFIGHTER TYPHOON und C-130 HERCULES bei Regen und tief h\u00e4ngenden Wolken zu erleben war auch spannend. Die Kunstflug-Vorf\u00fchrung der Flying Bulls und der PZL W-3A Sokol aus Tschechien bewiesen, dass man auch mit Hubschraubern beeindrucken kann.<\/p>\n\n\n\n<h2 class=\"wp-block-heading\"><strong>Impressionen<\/strong><\/h2>\n\n\n\n<p>Alle Fotos \u00a9 Doppeladler.com<\/p>\n\n\n<div id=\"penci-post-gallery__60865\" class=\"penci-post-gallery-container justified column-3\" data-height=\"150\" data-margin=\"3\"><a class=\"penci-gallery-ite item-gallery-justified\" href=\"https:\/\/www.doppeladler.com\/da\/wp-content\/uploads\/2024\/10\/trojan-6.jpg\" data-cap=\"OE-EMM | North American T-28B Trojan aus 1955 \u00a9 Doppeladler.com\"><img decoding=\"async\" src=\"https:\/\/www.doppeladler.com\/da\/wp-content\/uploads\/2024\/10\/trojan-6-585x390.jpg\" alt=\"OE-EMM | North American T-28B Trojan aus 1955 \u00a9 Doppeladler.com\" title=\"OE-EMM | North American T-28B Trojan aus 1955 \u00a9 Doppeladler.com\"><\/a><a class=\"penci-gallery-ite item-gallery-justified\" href=\"https:\/\/www.doppeladler.com\/da\/wp-content\/uploads\/2024\/10\/ef-aut-1.jpg\" data-cap=\"Grey-Tiger - Eurofighter Typhoon 7L-WO \u00a9 Doppeladler.com\"><img decoding=\"async\" src=\"https:\/\/www.doppeladler.com\/da\/wp-content\/uploads\/2024\/10\/ef-aut-1-585x390.jpg\" alt=\"Grey-Tiger - Eurofighter Typhoon 7L-WO \u00a9 Doppeladler.com\" title=\"Grey-Tiger &#8211; Eurofighter Typhoon 7L-WO \u00a9 Doppeladler.com\"><\/a><a class=\"penci-gallery-ite item-gallery-justified\" href=\"https:\/\/www.doppeladler.com\/da\/wp-content\/uploads\/2024\/10\/ab212-2.jpg\" data-cap=\"5D-HK | Agusta Bell AB-212 \u00a9 Doppeladler.com\"><img decoding=\"async\" src=\"https:\/\/www.doppeladler.com\/da\/wp-content\/uploads\/2024\/10\/ab212-2-585x390.jpg\" alt=\"5D-HK | Agusta Bell AB-212 \u00a9 Doppeladler.com\" title=\"5D-HK | Agusta Bell AB-212 \u00a9 Doppeladler.com\"><\/a><a class=\"penci-gallery-ite item-gallery-justified\" href=\"https:\/\/www.doppeladler.com\/da\/wp-content\/uploads\/2024\/10\/c-27-1.jpg\" data-cap=\"Alenia C-27J Spartan \u00a9 Doppeladler.com\"><img decoding=\"async\" src=\"https:\/\/www.doppeladler.com\/da\/wp-content\/uploads\/2024\/10\/c-27-1-585x390.jpg\" alt=\"Alenia C-27J Spartan \u00a9 Doppeladler.com\" title=\"Alenia C-27J Spartan \u00a9 Doppeladler.com\"><\/a><a class=\"penci-gallery-ite item-gallery-justified\" href=\"https:\/\/www.doppeladler.com\/da\/wp-content\/uploads\/2024\/10\/f35-2.jpg\" data-cap=\"Lockheed Martin F-35A Lightning II der US Air Force \u00a9 Doppeladler.com\"><img decoding=\"async\" src=\"https:\/\/www.doppeladler.com\/da\/wp-content\/uploads\/2024\/10\/f35-2-585x390.jpg\" alt=\"Lockheed Martin F-35A Lightning II der US Air Force \u00a9 Doppeladler.com\" title=\"Lockheed Martin F-35A Lightning II der US Air Force \u00a9 Doppeladler.com\"><\/a><a class=\"penci-gallery-ite item-gallery-justified\" href=\"https:\/\/www.doppeladler.com\/da\/wp-content\/uploads\/2024\/10\/rb-formation-3.jpg\" data-cap=\"Flying Bulls Formation \u00a9 Doppeladler.com\"><img decoding=\"async\" src=\"https:\/\/www.doppeladler.com\/da\/wp-content\/uploads\/2024\/10\/rb-formation-3-585x390.jpg\" alt=\"Flying Bulls Formation \u00a9 Doppeladler.com\" title=\"Flying Bulls Formation \u00a9 Doppeladler.com\"><\/a><a class=\"penci-gallery-ite item-gallery-justified\" href=\"https:\/\/www.doppeladler.com\/da\/wp-content\/uploads\/2024\/10\/saab105-1.jpg\" data-cap=\"BJ-40 | Saab 105 OE Golden Tiger \u00a9 Doppeladler.com\"><img decoding=\"async\" src=\"https:\/\/www.doppeladler.com\/da\/wp-content\/uploads\/2024\/10\/saab105-1-585x390.jpg\" alt=\"BJ-40 | Saab 105 OE Golden Tiger \u00a9 Doppeladler.com\" title=\"BJ-40 | Saab 105 OE Golden Tiger \u00a9 Doppeladler.com\"><\/a><a class=\"penci-gallery-ite item-gallery-justified\" href=\"https:\/\/www.doppeladler.com\/da\/wp-content\/uploads\/2024\/10\/a-400-2.jpg\" data-cap=\"AIRBUS A-400M Atlas der Deutschen Luftwaffe \u00a9 Doppeladler.com\"><img decoding=\"async\" src=\"https:\/\/www.doppeladler.com\/da\/wp-content\/uploads\/2024\/10\/a-400-2-585x390.jpg\" alt=\"AIRBUS A-400M Atlas der Deutschen Luftwaffe \u00a9 Doppeladler.com\" title=\"AIRBUS A-400M Atlas der Deutschen Luftwaffe \u00a9 Doppeladler.com\"><\/a><a class=\"penci-gallery-ite item-gallery-justified\" href=\"https:\/\/www.doppeladler.com\/da\/wp-content\/uploads\/2024\/10\/patrulla-1.jpg\" data-cap=\"Patrulla \u00c1guila (dt.: Adlerpatrouille) - die Kunstflugstaffel der spanischen Luftstreitkr\u00e4fte \u00a9 Doppeladler.com\"><img decoding=\"async\" src=\"https:\/\/www.doppeladler.com\/da\/wp-content\/uploads\/2024\/10\/patrulla-1-585x390.jpg\" alt=\"Patrulla \u00c1guila (dt.: Adlerpatrouille) - die Kunstflugstaffel der spanischen Luftstreitkr\u00e4fte \u00a9 Doppeladler.com\" title=\"Patrulla \u00c1guila (dt.: Adlerpatrouille) &#8211; die Kunstflugstaffel der spanischen Luftstreitkr\u00e4fte \u00a9 Doppeladler.com\"><\/a><a class=\"penci-gallery-ite item-gallery-justified\" href=\"https:\/\/www.doppeladler.com\/da\/wp-content\/uploads\/2024\/10\/abfang-1.jpg\" data-cap=\"Abfang-Demo des Bundesheeres: Lockheed C-130K Hercules und Eurofighter Typhoon \u00a9 Doppeladler.com\"><img decoding=\"async\" src=\"https:\/\/www.doppeladler.com\/da\/wp-content\/uploads\/2024\/10\/abfang-1-585x390.jpg\" alt=\"Abfang-Demo des Bundesheeres: Lockheed C-130K Hercules und Eurofighter Typhoon \u00a9 Doppeladler.com\" title=\"Abfang-Demo des Bundesheeres: Lockheed C-130K Hercules und Eurofighter Typhoon \u00a9 Doppeladler.com\"><\/a><a class=\"penci-gallery-ite item-gallery-justified\" href=\"https:\/\/www.doppeladler.com\/da\/wp-content\/uploads\/2024\/10\/abfang-2.jpg\" data-cap=\"Abfang-Demo des Bundesheeres: Lockheed C-130K Hercules und Eurofighter Typhoon \u00a9 Doppeladler.com\"><img decoding=\"async\" src=\"https:\/\/www.doppeladler.com\/da\/wp-content\/uploads\/2024\/10\/abfang-2-585x390.jpg\" alt=\"Abfang-Demo des Bundesheeres: Lockheed C-130K Hercules und Eurofighter Typhoon \u00a9 Doppeladler.com\" title=\"Abfang-Demo des Bundesheeres: Lockheed C-130K Hercules und Eurofighter Typhoon \u00a9 Doppeladler.com\"><\/a><a class=\"penci-gallery-ite item-gallery-justified\" href=\"https:\/\/www.doppeladler.com\/da\/wp-content\/uploads\/2024\/10\/ah1-1.jpg\" data-cap=\"N11FX | Bell TAH-1F Cobra der Flying Bulls \u00a9 Doppeladler.com\"><img decoding=\"async\" src=\"https:\/\/www.doppeladler.com\/da\/wp-content\/uploads\/2024\/10\/ah1-1-585x390.jpg\" alt=\"N11FX | Bell TAH-1F Cobra der Flying Bulls \u00a9 Doppeladler.com\" title=\"N11FX | Bell TAH-1F Cobra der Flying Bulls \u00a9 Doppeladler.com\"><div class=\"caption\">N11FX | Bell TAH-1F Cobra der Flying Bulls \u00a9 Doppeladler.com<\/div><\/a><a class=\"penci-gallery-ite item-gallery-justified\" href=\"https:\/\/www.doppeladler.com\/da\/wp-content\/uploads\/2024\/10\/f18-fin-7.jpg\" data-cap=\"McDonnell Douglas F\/A-18C Hornet aus Finnland \u00a9 Doppeladler.com\"><img decoding=\"async\" src=\"https:\/\/www.doppeladler.com\/da\/wp-content\/uploads\/2024\/10\/f18-fin-7-585x390.jpg\" alt=\"McDonnell Douglas F\/A-18C Hornet aus Finnland \u00a9 Doppeladler.com\" title=\"McDonnell Douglas F\/A-18C Hornet aus Finnland \u00a9 Doppeladler.com\"><\/a><a class=\"penci-gallery-ite item-gallery-justified\" href=\"https:\/\/www.doppeladler.com\/da\/wp-content\/uploads\/2024\/10\/argonauten-1.jpg\" data-cap=\"Was so alles fliegt auf der AIRPOWER \u00a9 Doppeladler.com\"><img decoding=\"async\" src=\"https:\/\/www.doppeladler.com\/da\/wp-content\/uploads\/2024\/10\/argonauten-1-585x390.jpg\" alt=\"Was so alles fliegt auf der AIRPOWER \u00a9 Doppeladler.com\" title=\"Was so alles fliegt auf der AIRPOWER \u00a9 Doppeladler.com\"><\/a><a class=\"penci-gallery-ite item-gallery-justified\" href=\"https:\/\/www.doppeladler.com\/da\/wp-content\/uploads\/2024\/10\/pc7-da40-2.jpg\" data-cap=\"Schulformation - Diamond DA-40 NG und Pilatus PC-7 Turbo Trainer \u00a9 Doppeladler.com\"><img decoding=\"async\" src=\"https:\/\/www.doppeladler.com\/da\/wp-content\/uploads\/2024\/10\/pc7-da40-2-585x390.jpg\" alt=\"Schulformation - Diamond DA-40 NG und Pilatus PC-7 Turbo Trainer \u00a9 Doppeladler.com\" title=\"Schulformation &#8211; Diamond DA-40 NG und Pilatus PC-7 Turbo Trainer \u00a9 Doppeladler.com\"><\/a><a class=\"penci-gallery-ite item-gallery-justified\" href=\"https:\/\/www.doppeladler.com\/da\/wp-content\/uploads\/2024\/10\/m346-5.jpg\" data-cap=\"Leonardo T-346 \/ M-346 Master aus Italien \u00a9 Doppeladler.com\"><img decoding=\"async\" src=\"https:\/\/www.doppeladler.com\/da\/wp-content\/uploads\/2024\/10\/m346-5-585x390.jpg\" alt=\"Leonardo T-346 \/ M-346 Master aus Italien \u00a9 Doppeladler.com\" title=\"Leonardo T-346 \/ M-346 Master aus Italien \u00a9 Doppeladler.com\"><\/a><a class=\"penci-gallery-ite item-gallery-justified\" href=\"https:\/\/www.doppeladler.com\/da\/wp-content\/uploads\/2024\/10\/ps-1.jpg\" data-cap=\"Patrouille Suisse \/ Northrop F-5E Tiger II \u00a9 Doppeladler.com\"><img decoding=\"async\" src=\"https:\/\/www.doppeladler.com\/da\/wp-content\/uploads\/2024\/10\/ps-1-585x390.jpg\" alt=\"Patrouille Suisse \/ Northrop F-5E Tiger II \u00a9 Doppeladler.com\" title=\"Patrouille Suisse \/ Northrop F-5E Tiger II \u00a9 Doppeladler.com\"><\/a><a class=\"penci-gallery-ite item-gallery-justified\" href=\"https:\/\/www.doppeladler.com\/da\/wp-content\/uploads\/2024\/10\/aw169b-1c.jpg\" data-cap=\"5M-IB | Leonardo AW169B Lion \u00a9 Doppeladler.com\"><img decoding=\"async\" src=\"https:\/\/www.doppeladler.com\/da\/wp-content\/uploads\/2024\/10\/aw169b-1c-585x390.jpg\" alt=\"5M-IB | Leonardo AW169B Lion \u00a9 Doppeladler.com\" title=\"5M-IB | Leonardo AW169B Lion \u00a9 Doppeladler.com\"><\/a><a class=\"penci-gallery-ite item-gallery-justified\" href=\"https:\/\/www.doppeladler.com\/da\/wp-content\/uploads\/2024\/10\/ballon-1.jpg\" data-cap=\"Rechts: Polaris (OE-SBH) - der neu angemietete Werbeballon des \u00d6BH \u00a9 Doppeladler.com\"><img decoding=\"async\" src=\"https:\/\/www.doppeladler.com\/da\/wp-content\/uploads\/2024\/10\/ballon-1-585x390.jpg\" alt=\"Rechts: Polaris (OE-SBH) - der neu angemietete Werbeballon des \u00d6BH \u00a9 Doppeladler.com\" title=\"Rechts: Polaris (OE-SBH) &#8211; der neu angemietete Werbeballon des \u00d6BH \u00a9 Doppeladler.com\"><\/a><a class=\"penci-gallery-ite item-gallery-justified\" href=\"https:\/\/www.doppeladler.com\/da\/wp-content\/uploads\/2024\/10\/c-27-2b.jpg\" data-cap=\"Alenia C-27J Spartan \u00a9 Doppeladler.com\"><img decoding=\"async\" src=\"https:\/\/www.doppeladler.com\/da\/wp-content\/uploads\/2024\/10\/c-27-2b-585x390.jpg\" alt=\"Alenia C-27J Spartan \u00a9 Doppeladler.com\" title=\"Alenia C-27J Spartan \u00a9 Doppeladler.com\"><\/a><a class=\"penci-gallery-ite item-gallery-justified\" href=\"https:\/\/www.doppeladler.com\/da\/wp-content\/uploads\/2024\/10\/blanix-1.jpg\" data-cap=\"Segelkunstflug-Team Blanix auf LET L 13 Blanik \u00a9 Doppeladler.com\"><img decoding=\"async\" src=\"https:\/\/www.doppeladler.com\/da\/wp-content\/uploads\/2024\/10\/blanix-1-585x390.jpg\" alt=\"Segelkunstflug-Team Blanix auf LET L 13 Blanik \u00a9 Doppeladler.com\" title=\"Segelkunstflug-Team Blanix auf LET L 13 Blanik \u00a9 Doppeladler.com\"><\/a><a class=\"penci-gallery-ite item-gallery-justified\" href=\"https:\/\/www.doppeladler.com\/da\/wp-content\/uploads\/2024\/10\/rb-formation-5.jpg\" data-cap=\"Corsair, Lightning, Mustang - The Flying Bulls \u00a9 Doppeladler.com\"><img decoding=\"async\" src=\"https:\/\/www.doppeladler.com\/da\/wp-content\/uploads\/2024\/10\/rb-formation-5-585x390.jpg\" alt=\"Corsair, Lightning, Mustang - The Flying Bulls \u00a9 Doppeladler.com\" title=\"Corsair, Lightning, Mustang &#8211; The Flying Bulls \u00a9 Doppeladler.com\"><\/a><a class=\"penci-gallery-ite item-gallery-justified\" href=\"https:\/\/www.doppeladler.com\/da\/wp-content\/uploads\/2024\/10\/blanix-7.jpg\" data-cap=\"Segelkunstflug-Team Blanix auf LET L 13 Blanik \u00a9 Doppeladler.com\"><img decoding=\"async\" src=\"https:\/\/www.doppeladler.com\/da\/wp-content\/uploads\/2024\/10\/blanix-7-585x390.jpg\" alt=\"Segelkunstflug-Team Blanix auf LET L 13 Blanik \u00a9 Doppeladler.com\" title=\"Segelkunstflug-Team Blanix auf LET L 13 Blanik \u00a9 Doppeladler.com\"><\/a><a class=\"penci-gallery-ite item-gallery-justified\" href=\"https:\/\/www.doppeladler.com\/da\/wp-content\/uploads\/2024\/10\/c-130-3.jpg\" data-cap=\"Lockheed C-130K Hercules beim Start im Regen \u00a9 Doppeladler.com\"><img decoding=\"async\" src=\"https:\/\/www.doppeladler.com\/da\/wp-content\/uploads\/2024\/10\/c-130-3-585x390.jpg\" alt=\"Lockheed C-130K Hercules beim Start im Regen \u00a9 Doppeladler.com\" title=\"Lockheed C-130K Hercules beim Start im Regen \u00a9 Doppeladler.com\"><\/a><a class=\"penci-gallery-ite item-gallery-justified\" href=\"https:\/\/www.doppeladler.com\/da\/wp-content\/uploads\/2024\/10\/c390-1.jpg\" data-cap=\"EMBRAER KC-390M Millennium aus Brasilien \u00a9 Doppeladler.com\"><img decoding=\"async\" src=\"https:\/\/www.doppeladler.com\/da\/wp-content\/uploads\/2024\/10\/c390-1-585x390.jpg\" alt=\"EMBRAER KC-390M Millennium aus Brasilien \u00a9 Doppeladler.com\" title=\"EMBRAER KC-390M Millennium aus Brasilien \u00a9 Doppeladler.com\"><\/a><a class=\"penci-gallery-ite item-gallery-justified\" href=\"https:\/\/www.doppeladler.com\/da\/wp-content\/uploads\/2024\/10\/ef-aut-2.jpg\" data-cap=\"7L-WD | Eurofighter Typhoon bei seiner Mission Vorw\u00e4rts \u00a9 Doppeladler.com\"><img decoding=\"async\" src=\"https:\/\/www.doppeladler.com\/da\/wp-content\/uploads\/2024\/10\/ef-aut-2-585x390.jpg\" alt=\"7L-WD | Eurofighter Typhoon bei seiner Mission Vorw\u00e4rts \u00a9 Doppeladler.com\" title=\"7L-WD | Eurofighter Typhoon bei seiner Mission Vorw\u00e4rts \u00a9 Doppeladler.com\"><\/a><a class=\"penci-gallery-ite item-gallery-justified\" href=\"https:\/\/www.doppeladler.com\/da\/wp-content\/uploads\/2024\/10\/ps-3.jpg\" data-cap=\"Patrouille Suisse \/ Northrop F-5E Tiger II \u00a9 Doppeladler.com\"><img decoding=\"async\" src=\"https:\/\/www.doppeladler.com\/da\/wp-content\/uploads\/2024\/10\/ps-3-585x390.jpg\" alt=\"Patrouille Suisse \/ Northrop F-5E Tiger II \u00a9 Doppeladler.com\" title=\"Patrouille Suisse \/ Northrop F-5E Tiger II \u00a9 Doppeladler.com\"><\/a><a class=\"penci-gallery-ite item-gallery-justified\" href=\"https:\/\/www.doppeladler.com\/da\/wp-content\/uploads\/2024\/10\/blanix-5.jpg\" data-cap=\"Segelkunstflug-Team Blanix auf LET L 13 Blanik \u00a9 Doppeladler.com\"><img decoding=\"async\" src=\"https:\/\/www.doppeladler.com\/da\/wp-content\/uploads\/2024\/10\/blanix-5-585x390.jpg\" alt=\"Segelkunstflug-Team Blanix auf LET L 13 Blanik \u00a9 Doppeladler.com\" title=\"Segelkunstflug-Team Blanix auf LET L 13 Blanik \u00a9 Doppeladler.com\"><\/a><a class=\"penci-gallery-ite item-gallery-justified\" href=\"https:\/\/www.doppeladler.com\/da\/wp-content\/uploads\/2024\/10\/pc-6-2.jpg\" data-cap=\"Pilatus Porter PC-6 mit Schleppsack zur Zieldarstellung \u00a9 Doppeladler.com\"><img decoding=\"async\" src=\"https:\/\/www.doppeladler.com\/da\/wp-content\/uploads\/2024\/10\/pc-6-2-585x390.jpg\" alt=\"Pilatus Porter PC-6 mit Schleppsack zur Zieldarstellung \u00a9 Doppeladler.com\" title=\"Pilatus Porter PC-6 mit Schleppsack zur Zieldarstellung \u00a9 Doppeladler.com\"><\/a><a class=\"penci-gallery-ite item-gallery-justified\" href=\"https:\/\/www.doppeladler.com\/da\/wp-content\/uploads\/2024\/10\/ef-aut-5.jpg\" data-cap=\"Eurofighter Typhoon der \u00d6sterreichischen Luftstreitkr\u00e4fte \u00a9 Doppeladler.com\"><img decoding=\"async\" src=\"https:\/\/www.doppeladler.com\/da\/wp-content\/uploads\/2024\/10\/ef-aut-5-585x390.jpg\" alt=\"Eurofighter Typhoon der \u00d6sterreichischen Luftstreitkr\u00e4fte \u00a9 Doppeladler.com\" title=\"Eurofighter Typhoon der \u00d6sterreichischen Luftstreitkr\u00e4fte \u00a9 Doppeladler.com\"><\/a><a class=\"penci-gallery-ite item-gallery-justified\" href=\"https:\/\/www.doppeladler.com\/da\/wp-content\/uploads\/2024\/10\/f18-2.jpg\" data-cap=\"Ein Highlight: McDonnell Douglas F\/A-18C Hornet aus Finnland \u00a9 Doppeladler.com\"><img decoding=\"async\" src=\"https:\/\/www.doppeladler.com\/da\/wp-content\/uploads\/2024\/10\/f18-2-585x390.jpg\" alt=\"Ein Highlight: McDonnell Douglas F\/A-18C Hornet aus Finnland \u00a9 Doppeladler.com\" title=\"Ein Highlight: McDonnell Douglas F\/A-18C Hornet aus Finnland \u00a9 Doppeladler.com\"><\/a><a class=\"penci-gallery-ite item-gallery-justified\" href=\"https:\/\/www.doppeladler.com\/da\/wp-content\/uploads\/2024\/10\/f35-1.jpg\" data-cap=\"Lockheed Martin F-35A Lightning II mit Douglas DC-6B \u00a9 Doppeladler.com\"><img decoding=\"async\" src=\"https:\/\/www.doppeladler.com\/da\/wp-content\/uploads\/2024\/10\/f35-1-585x390.jpg\" alt=\"Lockheed Martin F-35A Lightning II mit Douglas DC-6B \u00a9 Doppeladler.com\" title=\"Lockheed Martin F-35A Lightning II mit Douglas DC-6B \u00a9 Doppeladler.com\"><\/a><a class=\"penci-gallery-ite item-gallery-justified\" href=\"https:\/\/www.doppeladler.com\/da\/wp-content\/uploads\/2024\/10\/f35-hertitage-2.jpg\" data-cap=\"Heritage Flight: Horsemen Flight Team P-51 Mustang &amp; F-35A der US Air Force \u00a9 Doppeladler.com\"><img decoding=\"async\" src=\"https:\/\/www.doppeladler.com\/da\/wp-content\/uploads\/2024\/10\/f35-hertitage-2-585x390.jpg\" alt=\"Heritage Flight: Horsemen Flight Team P-51 Mustang &amp; F-35A der US Air Force \u00a9 Doppeladler.com\" title=\"Heritage Flight: Horsemen Flight Team P-51 Mustang &#038; F-35A der US Air Force \u00a9 Doppeladler.com\"><\/a><a class=\"penci-gallery-ite item-gallery-justified\" href=\"https:\/\/www.doppeladler.com\/da\/wp-content\/uploads\/2024\/10\/f35-hertitage-5.jpg\" data-cap=\"Heritage Flight: Horsemen Flight Team P-51 Mustang &amp; F-35A der US Air Force \u00a9 Doppeladler.com\"><img decoding=\"async\" src=\"https:\/\/www.doppeladler.com\/da\/wp-content\/uploads\/2024\/10\/f35-hertitage-5-585x390.jpg\" alt=\"Heritage Flight: Horsemen Flight Team P-51 Mustang &amp; F-35A der US Air Force \u00a9 Doppeladler.com\" title=\"Heritage Flight: Horsemen Flight Team P-51 Mustang &#038; F-35A der US Air Force \u00a9 Doppeladler.com\"><\/a><a class=\"penci-gallery-ite item-gallery-justified\" href=\"https:\/\/www.doppeladler.com\/da\/wp-content\/uploads\/2024\/10\/ef-aut-3.jpg\" data-cap=\"Eurofighter Typhoon der \u00d6sterreichischen Luftstreitkr\u00e4fte \u00a9 Doppeladler.com\"><img decoding=\"async\" src=\"https:\/\/www.doppeladler.com\/da\/wp-content\/uploads\/2024\/10\/ef-aut-3-585x878.jpg\" alt=\"Eurofighter Typhoon der \u00d6sterreichischen Luftstreitkr\u00e4fte \u00a9 Doppeladler.com\" title=\"Eurofighter Typhoon der \u00d6sterreichischen Luftstreitkr\u00e4fte \u00a9 Doppeladler.com\"><\/a><a class=\"penci-gallery-ite item-gallery-justified\" href=\"https:\/\/www.doppeladler.com\/da\/wp-content\/uploads\/2024\/10\/aw169b-2.jpg\" data-cap=\"Leonardo AW169B Lion \u00a9 Doppeladler.com\"><img decoding=\"async\" src=\"https:\/\/www.doppeladler.com\/da\/wp-content\/uploads\/2024\/10\/aw169b-2-585x390.jpg\" alt=\"Leonardo AW169B Lion \u00a9 Doppeladler.com\" title=\"Leonardo AW169B Lion \u00a9 Doppeladler.com\"><\/a><a class=\"penci-gallery-ite item-gallery-justified\" href=\"https:\/\/www.doppeladler.com\/da\/wp-content\/uploads\/2024\/10\/f35-hertitage-4.jpg\" data-cap=\"Zeltweg-Tower und Heritage Flight \u00a9 Doppeladler.com\"><img decoding=\"async\" src=\"https:\/\/www.doppeladler.com\/da\/wp-content\/uploads\/2024\/10\/f35-hertitage-4-585x390.jpg\" alt=\"Zeltweg-Tower und Heritage Flight \u00a9 Doppeladler.com\" title=\"Zeltweg-Tower und Heritage Flight \u00a9 Doppeladler.com\"><\/a><a class=\"penci-gallery-ite item-gallery-justified\" href=\"https:\/\/www.doppeladler.com\/da\/wp-content\/uploads\/2024\/10\/gripen-formation-1.jpg\" data-cap=\"Gar nicht so einfach - tschechischer Gripen und das Czech Flying Bulls Aerobatics Team \u00a9 Doppeladler.com\"><img decoding=\"async\" src=\"https:\/\/www.doppeladler.com\/da\/wp-content\/uploads\/2024\/10\/gripen-formation-1-585x878.jpg\" alt=\"Gar nicht so einfach - tschechischer Gripen und das Czech Flying Bulls Aerobatics Team \u00a9 Doppeladler.com\" title=\"Gar nicht so einfach &#8211; tschechischer Gripen und das Czech Flying Bulls Aerobatics Team \u00a9 Doppeladler.com\"><\/a><a class=\"penci-gallery-ite item-gallery-justified\" href=\"https:\/\/www.doppeladler.com\/da\/wp-content\/uploads\/2024\/10\/ab212-3b.jpg\" data-cap=\"Agusta Bell AB-212 \u00a9 Doppeladler.com\"><img decoding=\"async\" src=\"https:\/\/www.doppeladler.com\/da\/wp-content\/uploads\/2024\/10\/ab212-3b-585x390.jpg\" alt=\"Agusta Bell AB-212 \u00a9 Doppeladler.com\" title=\"Agusta Bell AB-212 \u00a9 Doppeladler.com\"><\/a><a class=\"penci-gallery-ite item-gallery-justified\" href=\"https:\/\/www.doppeladler.com\/da\/wp-content\/uploads\/2024\/10\/fallschrim-1.jpg\" data-cap=\"Fallschirmspringer - Fahnensprung \u00a9 Doppeladler.com\"><img decoding=\"async\" src=\"https:\/\/www.doppeladler.com\/da\/wp-content\/uploads\/2024\/10\/fallschrim-1-585x390.jpg\" alt=\"Fallschirmspringer - Fahnensprung \u00a9 Doppeladler.com\" title=\"Fallschirmspringer &#8211; Fahnensprung \u00a9 Doppeladler.com\"><\/a><a class=\"penci-gallery-ite item-gallery-justified\" href=\"https:\/\/www.doppeladler.com\/da\/wp-content\/uploads\/2024\/10\/f35-10b.jpg\" data-cap=\"Lockheed Martin F-35A Lightning II der US Air Force \u00a9 Doppeladler.com\"><img decoding=\"async\" src=\"https:\/\/www.doppeladler.com\/da\/wp-content\/uploads\/2024\/10\/f35-10b-585x390.jpg\" alt=\"Lockheed Martin F-35A Lightning II der US Air Force \u00a9 Doppeladler.com\" title=\"Lockheed Martin F-35A Lightning II der US Air Force \u00a9 Doppeladler.com\"><\/a><a class=\"penci-gallery-ite item-gallery-justified\" href=\"https:\/\/www.doppeladler.com\/da\/wp-content\/uploads\/2024\/10\/c-27-5.jpg\" data-cap=\"Alenia C-27J Spartan in einer Regenwolke \u00a9 Doppeladler.com\"><img decoding=\"async\" src=\"https:\/\/www.doppeladler.com\/da\/wp-content\/uploads\/2024\/10\/c-27-5-585x390.jpg\" alt=\"Alenia C-27J Spartan in einer Regenwolke \u00a9 Doppeladler.com\" title=\"Alenia C-27J Spartan in einer Regenwolke \u00a9 Doppeladler.com\"><\/a><a class=\"penci-gallery-ite item-gallery-justified\" href=\"https:\/\/www.doppeladler.com\/da\/wp-content\/uploads\/2024\/10\/feuerwehr-1.jpg\" data-cap=\"Flughafen-Feuerwehr \u00d6AF 26.604 DFAE FLF 5000\/1000 Buffalo \u00a9 Doppeladler.com\"><img decoding=\"async\" src=\"https:\/\/www.doppeladler.com\/da\/wp-content\/uploads\/2024\/10\/feuerwehr-1-585x390.jpg\" alt=\"Flughafen-Feuerwehr \u00d6AF 26.604 DFAE FLF 5000\/1000 Buffalo \u00a9 Doppeladler.com\" title=\"Flughafen-Feuerwehr \u00d6AF 26.604 DFAE FLF 5000\/1000 Buffalo \u00a9 Doppeladler.com\"><\/a><a class=\"penci-gallery-ite item-gallery-justified\" href=\"https:\/\/www.doppeladler.com\/da\/wp-content\/uploads\/2024\/10\/krila-1.jpg\" data-cap=\"Krila Oluje (Wings of Storm) auf Pilatus PC-9M \u00a9 Doppeladler.com\"><img decoding=\"async\" src=\"https:\/\/www.doppeladler.com\/da\/wp-content\/uploads\/2024\/10\/krila-1-585x390.jpg\" alt=\"Krila Oluje (Wings of Storm) auf Pilatus PC-9M \u00a9 Doppeladler.com\" title=\"mKrila Oluje (Wings of Storm) auf Pilatus PC-9M \u00a9 Doppeladler.com\"><\/a><a class=\"penci-gallery-ite item-gallery-justified\" href=\"https:\/\/www.doppeladler.com\/da\/wp-content\/uploads\/2024\/10\/c-130-6.jpg\" data-cap=\"Lockheed C-130K Hercules \u00a9 Doppeladler.com\"><img decoding=\"async\" src=\"https:\/\/www.doppeladler.com\/da\/wp-content\/uploads\/2024\/10\/c-130-6-585x390.jpg\" alt=\"Lockheed C-130K Hercules \u00a9 Doppeladler.com\" title=\"Lockheed C-130K Hercules \u00a9 Doppeladler.com\"><\/a><a class=\"penci-gallery-ite item-gallery-justified\" href=\"https:\/\/www.doppeladler.com\/da\/wp-content\/uploads\/2024\/10\/m346fa-2.jpg\" data-cap=\"Leonardo M-346 FA Master \u00a9 Doppeladler.com\"><img decoding=\"async\" src=\"https:\/\/www.doppeladler.com\/da\/wp-content\/uploads\/2024\/10\/m346fa-2-585x390.jpg\" alt=\"Leonardo M-346 FA Master \u00a9 Doppeladler.com\" title=\"Leonardo M-346 FA Master \u00a9 Doppeladler.com\"><\/a><a class=\"penci-gallery-ite item-gallery-justified\" href=\"https:\/\/www.doppeladler.com\/da\/wp-content\/uploads\/2024\/10\/patrulla-2.jpg\" data-cap=\"Patrulla \u00c1guila auf CASA C-101 Aviojet \u00a9 Doppeladler.com\"><img decoding=\"async\" src=\"https:\/\/www.doppeladler.com\/da\/wp-content\/uploads\/2024\/10\/patrulla-2-585x390.jpg\" alt=\"Patrulla \u00c1guila auf CASA C-101 Aviojet \u00a9 Doppeladler.com\" title=\"Patrulla \u00c1guila auf CASA C-101 Aviojet \u00a9 Doppeladler.com\"><\/a><a class=\"penci-gallery-ite item-gallery-justified\" href=\"https:\/\/www.doppeladler.com\/da\/wp-content\/uploads\/2024\/10\/merlin-1.jpg\" data-cap=\"Westland AW101 Merlin Mk.2 der Royal Navy \u00a9 Doppeladler.com\"><img decoding=\"async\" src=\"https:\/\/www.doppeladler.com\/da\/wp-content\/uploads\/2024\/10\/merlin-1-585x390.jpg\" alt=\"Westland AW101 Merlin Mk.2 der Royal Navy \u00a9 Doppeladler.com\" title=\"Westland AW101 Merlin Mk.2 der Royal Navy \u00a9 Doppeladler.com\"><\/a><a class=\"penci-gallery-ite item-gallery-justified\" href=\"https:\/\/www.doppeladler.com\/da\/wp-content\/uploads\/2024\/10\/f35-11b.jpg\" data-cap=\"Lockheed Martin F-35A Lightning II der US Air Force \u00a9 Doppeladler.com\"><img decoding=\"async\" src=\"https:\/\/www.doppeladler.com\/da\/wp-content\/uploads\/2024\/10\/f35-11b-585x390.jpg\" alt=\"Lockheed Martin F-35A Lightning II der US Air Force \u00a9 Doppeladler.com\" title=\"Lockheed Martin F-35A Lightning II der US Air Force \u00a9 Doppeladler.com\"><\/a><a class=\"penci-gallery-ite item-gallery-justified\" href=\"https:\/\/www.doppeladler.com\/da\/wp-content\/uploads\/2024\/10\/sokol-1.jpg\" data-cap=\"PZL W-3A Sokol aus Tschechien \u00a9 Doppeladler.com\"><img decoding=\"async\" src=\"https:\/\/www.doppeladler.com\/da\/wp-content\/uploads\/2024\/10\/sokol-1-585x390.jpg\" alt=\"PZL W-3A Sokol aus Tschechien \u00a9 Doppeladler.com\" title=\"PZL W-3A Sokol aus Tschechien \u00a9 Doppeladler.com\"><\/a><a class=\"penci-gallery-ite item-gallery-justified\" href=\"https:\/\/www.doppeladler.com\/da\/wp-content\/uploads\/2024\/10\/a-400-3b.jpg\" data-cap=\"AIRBUS A-400M Atlas der Deutschen Luftwaffe \u00a9 Doppeladler.com\"><img decoding=\"async\" src=\"https:\/\/www.doppeladler.com\/da\/wp-content\/uploads\/2024\/10\/a-400-3b-585x390.jpg\" alt=\"AIRBUS A-400M Atlas der Deutschen Luftwaffe \u00a9 Doppeladler.com\" title=\"AIRBUS A-400M Atlas der Deutschen Luftwaffe \u00a9 Doppeladler.com\"><\/a><a class=\"penci-gallery-ite item-gallery-justified\" href=\"https:\/\/www.doppeladler.com\/da\/wp-content\/uploads\/2024\/10\/pc-6-4.jpg\" data-cap=\"Pilatus Porter PC-6 als L\u00f6schflugzeug \u00a9 Doppeladler.com\"><img decoding=\"async\" src=\"https:\/\/www.doppeladler.com\/da\/wp-content\/uploads\/2024\/10\/pc-6-4-585x390.jpg\" alt=\"Pilatus Porter PC-6 als L\u00f6schflugzeug \u00a9 Doppeladler.com\" title=\"Pilatus Porter PC-6 als L\u00f6schflugzeug \u00a9 Doppeladler.com\"><\/a><a class=\"penci-gallery-ite item-gallery-justified\" href=\"https:\/\/www.doppeladler.com\/da\/wp-content\/uploads\/2024\/10\/f18-fin-5.jpg\" data-cap=\"McDonnell Douglas F\/A-18C Hornet aus Finnland \u00a9 Doppeladler.com\"><img decoding=\"async\" src=\"https:\/\/www.doppeladler.com\/da\/wp-content\/uploads\/2024\/10\/f18-fin-5-585x878.jpg\" alt=\"McDonnell Douglas F\/A-18C Hornet aus Finnland \u00a9 Doppeladler.com\" title=\"McDonnell Douglas F\/A-18C Hornet aus Finnland \u00a9 Doppeladler.com\"><\/a><a class=\"penci-gallery-ite item-gallery-justified\" href=\"https:\/\/www.doppeladler.com\/da\/wp-content\/uploads\/2024\/10\/pc7-1.jpg\" data-cap=\"3H-FG | Pilatus PC-7 Turbo Trainer. Callsign: Viper \u00a9 Doppeladler.com\"><img decoding=\"async\" src=\"https:\/\/www.doppeladler.com\/da\/wp-content\/uploads\/2024\/10\/pc7-1-585x390.jpg\" alt=\"3H-FG | Pilatus PC-7 Turbo Trainer. Callsign: Viper \u00a9 Doppeladler.com\" title=\"3H-FG | Pilatus PC-7 Turbo Trainer. Callsign: Viper \u00a9 Doppeladler.com\"><\/a><a class=\"penci-gallery-ite item-gallery-justified\" href=\"https:\/\/www.doppeladler.com\/da\/wp-content\/uploads\/2024\/10\/patrulla-3.jpg\" data-cap=\"Patrulla \u00c1guila auf CASA C-101 Aviojet \u00a9 Doppeladler.com\"><img decoding=\"async\" src=\"https:\/\/www.doppeladler.com\/da\/wp-content\/uploads\/2024\/10\/patrulla-3-585x390.jpg\" alt=\"Patrulla \u00c1guila auf CASA C-101 Aviojet \u00a9 Doppeladler.com\" title=\"Patrulla \u00c1guila auf CASA C-101 Aviojet \u00a9 Doppeladler.com\"><\/a><a class=\"penci-gallery-ite item-gallery-justified\" href=\"https:\/\/www.doppeladler.com\/da\/wp-content\/uploads\/2024\/10\/aw169b-3.jpg\" data-cap=\"Leonardo AW169B Lion \u00a9 Doppeladler.com\"><img decoding=\"async\" src=\"https:\/\/www.doppeladler.com\/da\/wp-content\/uploads\/2024\/10\/aw169b-3-585x390.jpg\" alt=\"Leonardo AW169B Lion \u00a9 Doppeladler.com\" title=\"Leonardo AW169B Lion \u00a9 Doppeladler.com\"><\/a><a class=\"penci-gallery-ite item-gallery-justified\" href=\"https:\/\/www.doppeladler.com\/da\/wp-content\/uploads\/2024\/10\/f18-3.jpg\" data-cap=\"McDonnell Douglas F\/A-18C Hornet aus Finnland \u00a9 Doppeladler.com\"><img decoding=\"async\" src=\"https:\/\/www.doppeladler.com\/da\/wp-content\/uploads\/2024\/10\/f18-3-585x878.jpg\" alt=\"McDonnell Douglas F\/A-18C Hornet aus Finnland \u00a9 Doppeladler.com\" title=\"McDonnell Douglas F\/A-18C Hornet aus Finnland \u00a9 Doppeladler.com\"><\/a><a class=\"penci-gallery-ite item-gallery-justified\" href=\"https:\/\/www.doppeladler.com\/da\/wp-content\/uploads\/2024\/10\/ab212-5.jpg\" data-cap=\"Agusta Bell AB-212 \u00a9 Doppeladler.com\"><img decoding=\"async\" src=\"https:\/\/www.doppeladler.com\/da\/wp-content\/uploads\/2024\/10\/ab212-5-585x390.jpg\" alt=\"Agusta Bell AB-212 \u00a9 Doppeladler.com\" title=\"Agusta Bell AB-212 \u00a9 Doppeladler.com\"><\/a><a class=\"penci-gallery-ite item-gallery-justified\" href=\"https:\/\/www.doppeladler.com\/da\/wp-content\/uploads\/2024\/10\/pc7-da40-4.jpg\" data-cap=\"Schulformation - Diamond DA-40 NG und Pilatus PC-7 Turbo Trainer \u00a9 Doppeladler.com\"><img decoding=\"async\" src=\"https:\/\/www.doppeladler.com\/da\/wp-content\/uploads\/2024\/10\/pc7-da40-4-585x390.jpg\" alt=\"Schulformation - Diamond DA-40 NG und Pilatus PC-7 Turbo Trainer \u00a9 Doppeladler.com\" title=\"Schulformation &#8211; Diamond DA-40 NG und Pilatus PC-7 Turbo Trainer \u00a9 Doppeladler.com\"><\/a><a class=\"penci-gallery-ite item-gallery-justified\" href=\"https:\/\/www.doppeladler.com\/da\/wp-content\/uploads\/2024\/10\/ps-2.jpg\" data-cap=\"Patrouille Suisse \/ Northrop F-5E Tiger II \u00a9 Doppeladler.com\"><img decoding=\"async\" src=\"https:\/\/www.doppeladler.com\/da\/wp-content\/uploads\/2024\/10\/ps-2-585x390.jpg\" alt=\"Patrouille Suisse \/ Northrop F-5E Tiger II \u00a9 Doppeladler.com\" title=\"Patrouille Suisse \/ Northrop F-5E Tiger II \u00a9 Doppeladler.com\"><\/a><a class=\"penci-gallery-ite item-gallery-justified\" href=\"https:\/\/www.doppeladler.com\/da\/wp-content\/uploads\/2024\/10\/rb-formation-4.jpg\" data-cap=\"Corsair, Lightning, Mustang - The Flying Bulls \u00a9 Doppeladler.com\"><img decoding=\"async\" src=\"https:\/\/www.doppeladler.com\/da\/wp-content\/uploads\/2024\/10\/rb-formation-4-585x390.jpg\" alt=\"Corsair, Lightning, Mustang - The Flying Bulls \u00a9 Doppeladler.com\" title=\"Corsair, Lightning, Mustang &#8211; The Flying Bulls \u00a9 Doppeladler.com\"><\/a><a class=\"penci-gallery-ite item-gallery-justified\" href=\"https:\/\/www.doppeladler.com\/da\/wp-content\/uploads\/2024\/10\/tiger-1.jpg\" data-cap=\"74-52 | AIRBUS Helicopter EC-665 Tiger \u00a9 Doppeladler.com\"><img decoding=\"async\" src=\"https:\/\/www.doppeladler.com\/da\/wp-content\/uploads\/2024\/10\/tiger-1-585x390.jpg\" alt=\"74-52 | AIRBUS Helicopter EC-665 Tiger \u00a9 Doppeladler.com\" title=\"74-52 | AIRBUS Helicopter EC-665 Tiger \u00a9 Doppeladler.com\"><\/a><a class=\"penci-gallery-ite item-gallery-justified\" href=\"https:\/\/www.doppeladler.com\/da\/wp-content\/uploads\/2024\/10\/krila-2.jpg\" data-cap=\"Krila Oluje (Wings of Storm) ist die Kunstflugstaffel Kroatiens \u00a9 Doppeladler.com\"><img decoding=\"async\" src=\"https:\/\/www.doppeladler.com\/da\/wp-content\/uploads\/2024\/10\/krila-2-585x390.jpg\" alt=\"Krila Oluje (Wings of Storm) ist die Kunstflugstaffel Kroatiens \u00a9 Doppeladler.com\" title=\"Krila Oluje (Wings of Storm) ist die Kunstflugstaffel Kroatiens \u00a9 Doppeladler.com\"><\/a><a class=\"penci-gallery-ite item-gallery-justified\" href=\"https:\/\/www.doppeladler.com\/da\/wp-content\/uploads\/2024\/10\/tornado-1.jpg\" data-cap=\"43-92 | Panavia PA-200 Tornado der Luftwaffe \u00a9 Doppeladler.com\"><img decoding=\"async\" src=\"https:\/\/www.doppeladler.com\/da\/wp-content\/uploads\/2024\/10\/tornado-1-585x390.jpg\" alt=\"43-92 | Panavia PA-200 Tornado der Luftwaffe \u00a9 Doppeladler.com\" title=\"43-92 | Panavia PA-200 Tornado der Luftwaffe \u00a9 Doppeladler.com\"><\/a><a class=\"penci-gallery-ite item-gallery-justified\" href=\"https:\/\/www.doppeladler.com\/da\/wp-content\/uploads\/2024\/10\/c-130-2.jpg\" data-cap=\"Lockheed C-130K Hercules \u00a9 Doppeladler.com\"><img decoding=\"async\" src=\"https:\/\/www.doppeladler.com\/da\/wp-content\/uploads\/2024\/10\/c-130-2-585x390.jpg\" alt=\"Lockheed C-130K Hercules \u00a9 Doppeladler.com\" title=\"Lockheed C-130K Hercules \u00a9 Doppeladler.com\"><\/a><a class=\"penci-gallery-ite item-gallery-justified\" href=\"https:\/\/www.doppeladler.com\/da\/wp-content\/uploads\/2024\/10\/me-262-1.jpg\" data-cap=\"Messerschmitt Me 262 \u00a9 Doppeladler.com\"><img decoding=\"async\" src=\"https:\/\/www.doppeladler.com\/da\/wp-content\/uploads\/2024\/10\/me-262-1-585x390.jpg\" alt=\"Messerschmitt Me 262 \u00a9 Doppeladler.com\" title=\"Messerschmitt Me 262 \u00a9 Doppeladler.com\"><\/a><a class=\"penci-gallery-ite item-gallery-justified\" href=\"https:\/\/www.doppeladler.com\/da\/wp-content\/uploads\/2024\/10\/rb-formation-7.jpg\" data-cap=\"North Americans: B-25J Mitchell und T-28B Trojan \u00a9 Doppeladler.com\"><img decoding=\"async\" src=\"https:\/\/www.doppeladler.com\/da\/wp-content\/uploads\/2024\/10\/rb-formation-7-585x390.jpg\" alt=\"North Americans: B-25J Mitchell und T-28B Trojan \u00a9 Doppeladler.com\" title=\"North Americans: B-25J Mitchell und T-28B Trojan \u00a9 Doppeladler.com\"><\/a><a class=\"penci-gallery-ite item-gallery-justified\" href=\"https:\/\/www.doppeladler.com\/da\/wp-content\/uploads\/2024\/10\/traktor-2.jpg\" data-cap=\"Flugzeugschlepper Tigerstaffel \u00a9 Doppeladler.com\"><img decoding=\"async\" src=\"https:\/\/www.doppeladler.com\/da\/wp-content\/uploads\/2024\/10\/traktor-2-585x390.jpg\" alt=\"Flugzeugschlepper Tigerstaffel \u00a9 Doppeladler.com\" title=\"Flugzeugschlepper Tigerstaffel \u00a9 Doppeladler.com\"><\/a><a class=\"penci-gallery-ite item-gallery-justified\" href=\"https:\/\/www.doppeladler.com\/da\/wp-content\/uploads\/2024\/10\/ef-aut-10b.jpg\" data-cap=\"7L-WD | Eurofighter Typhoon \u00a9 Doppeladler.com\"><img decoding=\"async\" src=\"https:\/\/www.doppeladler.com\/da\/wp-content\/uploads\/2024\/10\/ef-aut-10b-585x390.jpg\" alt=\"7L-WD | Eurofighter Typhoon \u00a9 Doppeladler.com\" title=\"7L-WD | Eurofighter Typhoon \u00a9 Doppeladler.com\"><\/a><a class=\"penci-gallery-ite item-gallery-justified\" href=\"https:\/\/www.doppeladler.com\/da\/wp-content\/uploads\/2024\/10\/trojan-1.jpg\" data-cap=\"OE-EMM | North American T-28B Trojan aus 1955 \u00a9 Doppeladler.com\"><img decoding=\"async\" src=\"https:\/\/www.doppeladler.com\/da\/wp-content\/uploads\/2024\/10\/trojan-1-585x390.jpg\" alt=\"OE-EMM | North American T-28B Trojan aus 1955 \u00a9 Doppeladler.com\" title=\"OE-EMM | North American T-28B Trojan aus 1955 \u00a9 Doppeladler.com\"><\/a><a class=\"penci-gallery-ite item-gallery-justified\" href=\"https:\/\/www.doppeladler.com\/da\/wp-content\/uploads\/2024\/10\/c-130-5.jpg\" data-cap=\"Lockheed C-130K Hercules \u00a9 Doppeladler.com\"><img decoding=\"async\" src=\"https:\/\/www.doppeladler.com\/da\/wp-content\/uploads\/2024\/10\/c-130-5-585x390.jpg\" alt=\"Lockheed C-130K Hercules \u00a9 Doppeladler.com\" title=\"Lockheed C-130K Hercules \u00a9 Doppeladler.com\"><\/a><\/div>\n\n\n<p>Weitere Bilder folgen &#8230;<\/p>\n\n\n\n<h2 class=\"wp-block-heading\"><strong>Wichtiges Recruiting-Instrument<\/strong><\/h2>\n\n\n\n<p>Ein Gro\u00dfteil aller heutigen Piloten des Bundesheeres hat als Kind eine AIRPOWER besucht und sich vielleicht genau dabei in die Fliegerei verliebt. Gerade heute, in einer Wiederaufbauphase der heimischen Luftstreitkr\u00e4fte, ist die Airshow als Recruiting-Instrument wichtig. Daher wurde nicht verabs\u00e4umt, ausf\u00fchrlich \u00fcber den Weg zum Milit\u00e4rpiloten zu informieren. Nat\u00fcrlich inklusive der Pr\u00e4sentation der in der Pilotenausbildung eingesetzten Typen: Diamond Aircraft DA-40, Pilatus PC-7 und mit der Leonardo M-346 MASTER jenen Jet, der derzeit in Italien auch \u00f6sterreichischen Piloten als Jet-Trainer dient. Als besonders fortschrittlicher Trainer und als leichtes Kampfflugzeug ist die M-346 ein aussichtsreicher Kandidat, beim Bundesheer der Saab 105 nachzufolgen.<\/p>\n\n\n\n<h2 class=\"wp-block-heading\"><strong>Wirtschaftsfaktor AIRPOWER<\/strong><\/h2>\n\n\n\n<p>Das AIRPOWER-Wochenende brachte trotz Gratiseintritt aufgrund der zus\u00e4tzlichen Nachfrage in den Bereichen Tourismus, Freizeitwirtschaft, Handel und Gastronomie eine Wertsch\u00f6pfung von rund 10 Millionen Euro in der Steiermark. \u201eZehntausende G\u00e4ste\u201c generierten zus\u00e4tzliche N\u00e4chtigungen. Das Land freute sich, die Steiermark als Tourismusdestination und Technologiestandort in ein internationales Schaufenster stellen zu k\u00f6nnen. Zum Beispiel auch im Ausstellungsbereich zur Luftfahrtindustrie, Forschung und Lehre. Der mediale Werbegegenwert alleine in nationalen Medien wird mit \u00fcber vier Millionen Euro beziffert.<\/p>\n\n\n\n<p>In einer repr\u00e4sentativen&nbsp;<a href=\"https:\/\/www.ots.at\/presseaussendung\/OTS_20240926_OTS0050\/hohe-zustimmung-zu-airpower-veranstaltung\">Umfrage<\/a>, welche nach der Veranstaltung durchgef\u00fchrt wurde, findet die AIRPOWER \u00f6sterreichweit bei 79% der Befragten Zustimmung (56% finden die Veranstaltung sehr wichtig bzw. 23% eher wichtig). In der Region Murtal sind es gar 98% (75% sehr wichtig bzw. 23% eher wichtig). 94% der Murtalerinnen und Murtaler sehen im Fliegerhorst Hinterstoisser einen wichtigen Arbeitgeber f\u00fcr die Region.<\/p>\n\n\n\n<h2 class=\"wp-block-heading\"><strong>Umweltauswirkungen im Fokus<\/strong><\/h2>\n\n\n\n<p>Wie schon 2022 wurde die Reduktion der Umweltauswirkungen des Gro\u00dfevents gro\u00df geschrieben. Ein \u00fcberraschender Fakt hierzu: Da Milit\u00e4rpiloten ein Jahreskontingent an Flugstunden jedenfalls aufbrauchen m\u00fcssen, um ihre Qualifikation aufrecht zu erhalten, machen nicht die Jets, sondern die Anreise und Abreise der Zuschauerinnen und Zuschauer den L\u00f6wenanteil der Emissionen aus. Das Verkehrskonzept setzte daher wieder auf Sonderz\u00fcge, Shuttlebusse usw., um Alternativen zur Anreise mit dem eigenen Auto zu bieten. Bei der AIRPOWER22 wurde das Konzept noch kritisiert &#8211; heuer hat es wesentlich besser geklappt. Doch bei 150.000 Personen, die gleichzeitig den gleichen Platz erreichen und dann wieder verlassen wollen, sind keine Wunder m\u00f6glich.<\/p>\n\n\n\n<figure class=\"wp-block-image size-large\"><img decoding=\"async\" width=\"1546\" height=\"1024\" src=\"https:\/\/www.doppeladler.com\/da\/wp-content\/uploads\/2024\/10\/ap-logo-2-1546x1024.jpg\" alt=\"AIRPOWER24\" class=\"wp-image-18597\" srcset=\"https:\/\/www.doppeladler.com\/da\/wp-content\/uploads\/2024\/10\/ap-logo-2-1546x1024.jpg 1546w, https:\/\/www.doppeladler.com\/da\/wp-content\/uploads\/2024\/10\/ap-logo-2-300x199.jpg 300w, https:\/\/www.doppeladler.com\/da\/wp-content\/uploads\/2024\/10\/ap-logo-2-768x509.jpg 768w, https:\/\/www.doppeladler.com\/da\/wp-content\/uploads\/2024\/10\/ap-logo-2-1536x1018.jpg 1536w, https:\/\/www.doppeladler.com\/da\/wp-content\/uploads\/2024\/10\/ap-logo-2-1170x775.jpg 1170w, https:\/\/www.doppeladler.com\/da\/wp-content\/uploads\/2024\/10\/ap-logo-2-780x516.jpg 780w, https:\/\/www.doppeladler.com\/da\/wp-content\/uploads\/2024\/10\/ap-logo-2-585x388.jpg 585w, https:\/\/www.doppeladler.com\/da\/wp-content\/uploads\/2024\/10\/ap-logo-2-263x175.jpg 263w, https:\/\/www.doppeladler.com\/da\/wp-content\/uploads\/2024\/10\/ap-logo-2.jpg 1600w\" sizes=\"(max-width: 1546px) 100vw, 1546px\" \/><\/figure>\n\n\n\n<p><strong>Weiterf\u00fchrende Links:<\/strong><\/p>\n\n\n\n<ul>\n<li><a href=\"https:\/\/www.airpower.gv.at\/\">AIRPOWER24 \u2013 Offizielle Website der Airshow<\/a><\/li>\n\n\n\n<li><a href=\"https:\/\/www.ots.at\/presseaussendung\/OTS_20240907_OTS0028\/airpower24-mit-zufriedener-bilanz-der-veranstalter\">AIRPOWER24 mit zufriedener Bilanz der Veranstalter; APA OTS; 07.09.2024<\/a><\/li>\n\n\n\n<li><a href=\"https:\/\/www.ots.at\/presseaussendung\/OTS_20240926_OTS0050\/hohe-zustimmung-zu-airpower-veranstaltung\">Hohe Zustimmung zu AIRPOWER-Veranstaltung; APA-OTS; 26.09.2024<\/a><\/li>\n<\/ul>\n\n\n\n<p><strong>Unsere Reportagen aus vergangenen Jahren<\/strong><br>Wir waren bei acht fr\u00fcheren AIRPOWER Shows vor Ort und haben flei\u00dfig berichtet:<\/p>\n\n\n\n<ul>\n<li><a href=\"https:\/\/www.doppeladler.com\/da\/misc\/airshows-misc\/airpower22\/\">Unsere Reportage von der AIRPOWER 22<\/a><\/li>\n\n\n\n<li><a href=\"https:\/\/www.doppeladler.com\/da\/misc\/die-fotoreportage-von-der-airpower19-teil-2\/\">Unsere Reportage von der AIRPOWER 19 &#8211; mit Fotowettbewerb<\/a><\/li>\n\n\n\n<li><a href=\"https:\/\/www.doppeladler.com\/da\/misc\/airpower16-teil-1\/\">Unsere Reportage von der AIRPOWER 16 \u2013 mit Fotowettbewerb<\/a><\/li>\n\n\n\n<li><a href=\"https:\/\/www.doppeladler.com\/da\/oebh\/airpower13\/\" rel=\"noreferrer noopener\" target=\"_blank\">Unsere Reportage von der AIRPOWER 13 \u2013 mit Fotowettbewerb<\/a><\/li>\n\n\n\n<li><a href=\"https:\/\/www.doppeladler.com\/da\/oebh\/airpower11\/\">Unsere Reportage von der AIRPOWER 11 \u2013 mit Fotowettbewerb<\/a><\/li>\n\n\n\n<li><a href=\"http:\/\/www.doppeladler.com\/misc\/airpower09.htm\">Unsere Reportage von der AIRPOWER 09 \u2013 mit Fotowettbewerb<\/a><\/li>\n\n\n\n<li><a href=\"http:\/\/www.doppeladler.com\/misc\/airpower05.htm\">Unsere Reportage von der AIRPOWER 05 \u2013 mit Fotowettbewerb<\/a><\/li>\n\n\n\n<li><a href=\"http:\/\/www.doppeladler.com\/misc\/airpower03.htm\">Unsere Reportage von der AIRPOWER 03 \u2013 mit Fotowettbewerb<\/a><\/li>\n<\/ul>\n\n\n\n<p>Titelbild: Lockheed Martin F-35A Lightning II und Douglas DC-6B, Baujahr 1958 \u00a9 Doppeladler.com<\/p>\n\n\n\n<figure class=\"wp-block-image size-full\"><img decoding=\"async\" width=\"2560\" height=\"379\" src=\"https:\/\/www.doppeladler.com\/da\/wp-content\/uploads\/2024\/09\/ap24-linie-scaled.jpg\" alt=\"Morgenstimmung am Fliegerhorst Hinterstoisser \u00a9 Doppeladler.com\" class=\"wp-image-18582\" srcset=\"https:\/\/www.doppeladler.com\/da\/wp-content\/uploads\/2024\/09\/ap24-linie-scaled.jpg 2560w, https:\/\/www.doppeladler.com\/da\/wp-content\/uploads\/2024\/09\/ap24-linie-300x44.jpg 300w, https:\/\/www.doppeladler.com\/da\/wp-content\/uploads\/2024\/09\/ap24-linie-768x114.jpg 768w, https:\/\/www.doppeladler.com\/da\/wp-content\/uploads\/2024\/09\/ap24-linie-1536x227.jpg 1536w, https:\/\/www.doppeladler.com\/da\/wp-content\/uploads\/2024\/09\/ap24-linie-2048x303.jpg 2048w, https:\/\/www.doppeladler.com\/da\/wp-content\/uploads\/2024\/09\/ap24-linie-1920x284.jpg 1920w, https:\/\/www.doppeladler.com\/da\/wp-content\/uploads\/2024\/09\/ap24-linie-1170x173.jpg 1170w, https:\/\/www.doppeladler.com\/da\/wp-content\/uploads\/2024\/09\/ap24-linie-585x87.jpg 585w\" sizes=\"(max-width: 2560px) 100vw, 2560px\" \/><\/figure>\n","protected":false},"excerpt":{"rendered":"<p>Die AIRPOWER fand heuer am 6. und 7. September 2024 in Zeltweg statt. Etwa 250.000 Luftfahrtbegeisterte besuchten die Airshow.<\/p>\n","protected":false},"author":1,"featured_media":18591,"comment_status":"closed","ping_status":"open","sticky":true,"template":"","format":"standard","meta":{"footnotes":""},"categories":[100,37,99,7],"tags":[93,1051,920,74,46,95],"yoast_head":"<!-- This site is optimized with the Yoast SEO plugin v23.3 - https:\/\/yoast.com\/wordpress\/plugins\/seo\/ -->\n<title>AIRPOWER24 - Fliegen. Freiheit. Begeisterung. | DOPPELADLER.COM<\/title>\n<meta name=\"description\" content=\"Die AIRPOWER fand heuer am 6. und 7. September 2024 in Zeltweg statt. Etwa 250.000 Luftfahrtbegeisterte besuchten die Airshow.\" \/>\n<meta name=\"robots\" content=\"index, follow, max-snippet:-1, max-image-preview:large, max-video-preview:-1\" \/>\n<link rel=\"canonical\" href=\"https:\/\/www.doppeladler.com\/da\/misc\/airshows-misc\/airpower24\/\" \/>\n<meta name=\"twitter:label1\" content=\"Verfasst von\" \/>\n\t<meta name=\"twitter:data1\" content=\"Doppeladler\" \/>\n\t<meta name=\"twitter:label2\" content=\"Gesch\u00e4tzte Lesezeit\" \/>\n\t<meta name=\"twitter:data2\" content=\"7\u00a0Minuten\" \/>\n<script type=\"application\/ld+json\" class=\"yoast-schema-graph\">{\"@context\":\"https:\/\/schema.org\",\"@graph\":[{\"@type\":\"WebPage\",\"@id\":\"https:\/\/www.doppeladler.com\/da\/misc\/airshows-misc\/airpower24\/\",\"url\":\"https:\/\/www.doppeladler.com\/da\/misc\/airshows-misc\/airpower24\/\",\"name\":\"AIRPOWER24 - Fliegen. Freiheit. Begeisterung. | DOPPELADLER.COM\",\"isPartOf\":{\"@id\":\"https:\/\/www.doppeladler.com\/da\/#website\"},\"primaryImageOfPage\":{\"@id\":\"https:\/\/www.doppeladler.com\/da\/misc\/airshows-misc\/airpower24\/#primaryimage\"},\"image\":{\"@id\":\"https:\/\/www.doppeladler.com\/da\/misc\/airshows-misc\/airpower24\/#primaryimage\"},\"thumbnailUrl\":\"https:\/\/www.doppeladler.com\/da\/wp-content\/uploads\/2024\/09\/f35-1.jpg\",\"datePublished\":\"2024-10-18T16:21:05+00:00\",\"dateModified\":\"2024-10-18T16:43:58+00:00\",\"author\":{\"@id\":\"https:\/\/www.doppeladler.com\/da\/#\/schema\/person\/232b998b629b89b24a916becce3e9476\"},\"description\":\"Die AIRPOWER fand heuer am 6. und 7. September 2024 in Zeltweg statt. Etwa 250.000 Luftfahrtbegeisterte besuchten die Airshow.\",\"breadcrumb\":{\"@id\":\"https:\/\/www.doppeladler.com\/da\/misc\/airshows-misc\/airpower24\/#breadcrumb\"},\"inLanguage\":\"de\",\"potentialAction\":[{\"@type\":\"ReadAction\",\"target\":[\"https:\/\/www.doppeladler.com\/da\/misc\/airshows-misc\/airpower24\/\"]}]},{\"@type\":\"ImageObject\",\"inLanguage\":\"de\",\"@id\":\"https:\/\/www.doppeladler.com\/da\/misc\/airshows-misc\/airpower24\/#primaryimage\",\"url\":\"https:\/\/www.doppeladler.com\/da\/wp-content\/uploads\/2024\/09\/f35-1.jpg\",\"contentUrl\":\"https:\/\/www.doppeladler.com\/da\/wp-content\/uploads\/2024\/09\/f35-1.jpg\",\"width\":2000,\"height\":1333},{\"@type\":\"BreadcrumbList\",\"@id\":\"https:\/\/www.doppeladler.com\/da\/misc\/airshows-misc\/airpower24\/#breadcrumb\",\"itemListElement\":[{\"@type\":\"ListItem\",\"position\":1,\"name\":\"Startseite\",\"item\":\"https:\/\/www.doppeladler.com\/da\/\"},{\"@type\":\"ListItem\",\"position\":2,\"name\":\"AIRPOWER24 &#8211; Fliegen. Freiheit. Begeisterung.\"}]},{\"@type\":\"WebSite\",\"@id\":\"https:\/\/www.doppeladler.com\/da\/#website\",\"url\":\"https:\/\/www.doppeladler.com\/da\/\",\"name\":\"DOPPELADLER.COM\",\"description\":\"Plattform f\u00fcr \u00d6sterreichs Milit\u00e4rgeschichte\",\"potentialAction\":[{\"@type\":\"SearchAction\",\"target\":{\"@type\":\"EntryPoint\",\"urlTemplate\":\"https:\/\/www.doppeladler.com\/da\/?s={search_term_string}\"},\"query-input\":\"required name=search_term_string\"}],\"inLanguage\":\"de\"},{\"@type\":\"Person\",\"@id\":\"https:\/\/www.doppeladler.com\/da\/#\/schema\/person\/232b998b629b89b24a916becce3e9476\",\"name\":\"Doppeladler\",\"sameAs\":[\"http:\/\/www.doppeladler.com\"]}]}<\/script>\n<!-- \/ Yoast SEO plugin. -->","yoast_head_json":{"title":"AIRPOWER24 - Fliegen. Freiheit. Begeisterung. | DOPPELADLER.COM","description":"Die AIRPOWER fand heuer am 6. und 7. September 2024 in Zeltweg statt. Etwa 250.000 Luftfahrtbegeisterte besuchten die Airshow.","robots":{"index":"index","follow":"follow","max-snippet":"max-snippet:-1","max-image-preview":"max-image-preview:large","max-video-preview":"max-video-preview:-1"},"canonical":"https:\/\/www.doppeladler.com\/da\/misc\/airshows-misc\/airpower24\/","twitter_misc":{"Verfasst von":"Doppeladler","Gesch\u00e4tzte Lesezeit":"7\u00a0Minuten"},"schema":{"@context":"https:\/\/schema.org","@graph":[{"@type":"WebPage","@id":"https:\/\/www.doppeladler.com\/da\/misc\/airshows-misc\/airpower24\/","url":"https:\/\/www.doppeladler.com\/da\/misc\/airshows-misc\/airpower24\/","name":"AIRPOWER24 - Fliegen. Freiheit. Begeisterung. | DOPPELADLER.COM","isPartOf":{"@id":"https:\/\/www.doppeladler.com\/da\/#website"},"primaryImageOfPage":{"@id":"https:\/\/www.doppeladler.com\/da\/misc\/airshows-misc\/airpower24\/#primaryimage"},"image":{"@id":"https:\/\/www.doppeladler.com\/da\/misc\/airshows-misc\/airpower24\/#primaryimage"},"thumbnailUrl":"https:\/\/www.doppeladler.com\/da\/wp-content\/uploads\/2024\/09\/f35-1.jpg","datePublished":"2024-10-18T16:21:05+00:00","dateModified":"2024-10-18T16:43:58+00:00","author":{"@id":"https:\/\/www.doppeladler.com\/da\/#\/schema\/person\/232b998b629b89b24a916becce3e9476"},"description":"Die AIRPOWER fand heuer am 6. und 7. September 2024 in Zeltweg statt. Etwa 250.000 Luftfahrtbegeisterte besuchten die Airshow.","breadcrumb":{"@id":"https:\/\/www.doppeladler.com\/da\/misc\/airshows-misc\/airpower24\/#breadcrumb"},"inLanguage":"de","potentialAction":[{"@type":"ReadAction","target":["https:\/\/www.doppeladler.com\/da\/misc\/airshows-misc\/airpower24\/"]}]},{"@type":"ImageObject","inLanguage":"de","@id":"https:\/\/www.doppeladler.com\/da\/misc\/airshows-misc\/airpower24\/#primaryimage","url":"https:\/\/www.doppeladler.com\/da\/wp-content\/uploads\/2024\/09\/f35-1.jpg","contentUrl":"https:\/\/www.doppeladler.com\/da\/wp-content\/uploads\/2024\/09\/f35-1.jpg","width":2000,"height":1333},{"@type":"BreadcrumbList","@id":"https:\/\/www.doppeladler.com\/da\/misc\/airshows-misc\/airpower24\/#breadcrumb","itemListElement":[{"@type":"ListItem","position":1,"name":"Startseite","item":"https:\/\/www.doppeladler.com\/da\/"},{"@type":"ListItem","position":2,"name":"AIRPOWER24 &#8211; Fliegen. Freiheit. Begeisterung."}]},{"@type":"WebSite","@id":"https:\/\/www.doppeladler.com\/da\/#website","url":"https:\/\/www.doppeladler.com\/da\/","name":"DOPPELADLER.COM","description":"Plattform f\u00fcr \u00d6sterreichs Milit\u00e4rgeschichte","potentialAction":[{"@type":"SearchAction","target":{"@type":"EntryPoint","urlTemplate":"https:\/\/www.doppeladler.com\/da\/?s={search_term_string}"},"query-input":"required name=search_term_string"}],"inLanguage":"de"},{"@type":"Person","@id":"https:\/\/www.doppeladler.com\/da\/#\/schema\/person\/232b998b629b89b24a916becce3e9476","name":"Doppeladler","sameAs":["http:\/\/www.doppeladler.com"]}]}},"_links":{"self":[{"href":"https:\/\/www.doppeladler.com\/da\/wp-json\/wp\/v2\/posts\/18581"}],"collection":[{"href":"https:\/\/www.doppeladler.com\/da\/wp-json\/wp\/v2\/posts"}],"about":[{"href":"https:\/\/www.doppeladler.com\/da\/wp-json\/wp\/v2\/types\/post"}],"author":[{"embeddable":true,"href":"https:\/\/www.doppeladler.com\/da\/wp-json\/wp\/v2\/users\/1"}],"replies":[{"embeddable":true,"href":"https:\/\/www.doppeladler.com\/da\/wp-json\/wp\/v2\/comments?post=18581"}],"version-history":[{"count":22,"href":"https:\/\/www.doppeladler.com\/da\/wp-json\/wp\/v2\/posts\/18581\/revisions"}],"predecessor-version":[{"id":18739,"href":"https:\/\/www.doppeladler.com\/da\/wp-json\/wp\/v2\/posts\/18581\/revisions\/18739"}],"wp:featuredmedia":[{"embeddable":true,"href":"https:\/\/www.doppeladler.com\/da\/wp-json\/wp\/v2\/media\/18591"}],"wp:attachment":[{"href":"https:\/\/www.doppeladler.com\/da\/wp-json\/wp\/v2\/media?parent=18581"}],"wp:term":[{"taxonomy":"category","embeddable":true,"href":"https:\/\/www.doppeladler.com\/da\/wp-json\/wp\/v2\/categories?post=18581"},{"taxonomy":"post_tag","embeddable":true,"href":"https:\/\/www.doppeladler.com\/da\/wp-json\/wp\/v2\/tags?post=18581"}],"curies":[{"name":"wp","href":"https:\/\/api.w.org\/{rel}","templated":true}]}}