{"id":18548,"date":"2024-08-25T16:40:05","date_gmt":"2024-08-25T14:40:05","guid":{"rendered":"https:\/\/www.doppeladler.com\/da\/?p=18548"},"modified":"2024-08-25T23:24:44","modified_gmt":"2024-08-25T21:24:44","slug":"oesterreich-kauft-4-embraer-c-390-transporter","status":"publish","type":"post","link":"https:\/\/www.doppeladler.com\/da\/news\/oesterreich-kauft-4-embraer-c-390-transporter\/","title":{"rendered":"Unterzeichnet: \u00d6sterreich kauft 4 EMBRAER C-390 Transporter"},"content":{"rendered":"\n<p>Am 22. Juli 2024 erfolgte im Rahmen der Farnborough International Airshow die <strong>Vertragsunterzeichnung <\/strong>zwischen der Niederlande und Hersteller EMBRAER f\u00fcr neun <strong>Transportflugzeuge vom Typ EMBRAER C-390 MILLENNIUM<\/strong> (auch C-390M). Vier Maschinen davon sind f\u00fcr das \u00f6sterreichische Bundesheer bestimmt. Wie berichtet soll die Kooperation bei der Beschaffung dabei helfen, Kosten zu senken. \u00d6sterreich war in Farnborough mit R\u00fcstungsdirektor Generalmajor Harald Vodosek, Referatsleiter Luft Brigadier J\u00f6rg Freist\u00e4tter und dessen Stellvertreter Michael Freiga\u00dfner vertreten.<\/p>\n\n\n\n<p>Die Vertragsunterzeichnung erfolgte medienwirksam etwa 10 Monate nachdem die <strong><a href=\"https:\/\/www.doppeladler.com\/da\/oebh\/embraer-c-390-millennium-als-hercules-nachfolger\/\">Typenentscheidung<\/a> <\/strong>zur Nachfolge der C-130K Hercules bekanntgegeben. Im April 2024 wurde das <a href=\"https:\/\/www.doppeladler.com\/da\/oebh\/kleine-schritte-richtung-embraer-c-390\/\">Memorandum of Understanding (MoU)<\/a> zur gemeinsamen Beschaffung von Transportflugzeugen EMBRAER C-390 MILLENNIUM unterfertigt.<\/p>\n\n\n\n<p>Verteidigungsministerin Tanner zur Vertragsunterzeichnung: &#8222;<em>Die heutige Vertragsunterzeichnung und damit der nun fixierte Kauf der vier St\u00fcck der neuen Transportflieger ist ein Meilenstein f\u00fcr das \u00f6sterreichische Verteidigungsministerium. Mit dieser Beschaffung werden unsere Luftstreitkr\u00e4fte in Zukunft nicht nur auf dem neuesten Stand der Technik sein, sondern k\u00f6nnen ihren Auftrag f\u00fcr milit\u00e4rische und humanit\u00e4re Operationen wieder im vollen Umfang erf\u00fcllen.<\/em>&#8220; Zur Kooperation mit den Niederlanden erg\u00e4nzt sie: &#8222;<em>Neben der kosteng\u00fcnstigeren Beschaffung der neuen Transportflieger haben wir auch den Vorteil, dass wir unsere Piloten und Techniker k\u00fcnftig gemeinsam schulen und im Bereich der Wartung zusammenarbeiten k\u00f6nnen.<\/em>\u201c<\/p>\n\n\n\n<figure class=\"wp-block-image size-large is-resized\"><img fetchpriority=\"high\" decoding=\"async\" width=\"2000\" height=\"1250\" src=\"https:\/\/www.doppeladler.com\/da\/wp-content\/uploads\/2024\/08\/c390-unterzeichnung-2-edited.jpg\" alt=\"\" class=\"wp-image-18554\" style=\"width:780px;height:auto\" srcset=\"https:\/\/www.doppeladler.com\/da\/wp-content\/uploads\/2024\/08\/c390-unterzeichnung-2-edited.jpg 2000w, https:\/\/www.doppeladler.com\/da\/wp-content\/uploads\/2024\/08\/c390-unterzeichnung-2-edited-300x188.jpg 300w, https:\/\/www.doppeladler.com\/da\/wp-content\/uploads\/2024\/08\/c390-unterzeichnung-2-edited-1638x1024.jpg 1638w, https:\/\/www.doppeladler.com\/da\/wp-content\/uploads\/2024\/08\/c390-unterzeichnung-2-edited-768x480.jpg 768w, https:\/\/www.doppeladler.com\/da\/wp-content\/uploads\/2024\/08\/c390-unterzeichnung-2-edited-1536x960.jpg 1536w, https:\/\/www.doppeladler.com\/da\/wp-content\/uploads\/2024\/08\/c390-unterzeichnung-2-edited-1920x1200.jpg 1920w, https:\/\/www.doppeladler.com\/da\/wp-content\/uploads\/2024\/08\/c390-unterzeichnung-2-edited-1170x731.jpg 1170w, https:\/\/www.doppeladler.com\/da\/wp-content\/uploads\/2024\/08\/c390-unterzeichnung-2-edited-585x366.jpg 585w\" sizes=\"(max-width: 2000px) 100vw, 2000px\" \/><figcaption class=\"wp-element-caption\">Vertragsunterzeichnung mit Embraer-Vertreter Jose Gustavo (Mitte) und Generalmajor Vodosek (rechts) \u00a9 Embraer<\/figcaption><\/figure>\n\n\n\n<h2 class=\"wp-block-heading\">Der Kaufvertrag<\/h2>\n\n\n\n<p>Der geplante Budgetrahmen liegt bei <strong>rund einer Milliarde Euro<\/strong>. Darin sind neben den vier C-390 auch logistische Leistungen, Missionsausstattung und die erforderlichen Ausbildungen f\u00fcr Piloten und Techniker enthalten. Ebenso sind die notwendige Infrastruktur sowie Ersatzteile ber\u00fccksichtigt. \u00d6sterreich beschafft die C-390 mit der F\u00e4higkeit, in der Luft betankt zu werden. Die Niederlande beschaffen KC-390 die ihrerseits auch als Tankflugzeuge eingesetzt werden k\u00f6nnen. Die Endausr\u00fcstung mit NATO-kompatibler Navigations- und Kommunikationsausstattung sowie Freund-Feind-Erkennung erfolgt bei Fokker in den Niederlanden.<\/p>\n\n\n\n<p><strong>Die ersten beiden Transportflieger sollen ab 2028 in \u00d6sterreich landen<\/strong>. Bis zum Jahr 2030 wird die Auslieferung abgeschlossen sein. Das neue Luftfahrzeugsystem wird in H\u00f6rsching stationiert sein und soll zumindest f\u00fcr 30 Jahre als Lufttransportsystem der \u00f6sterreichischen Luftstreitkr\u00e4fte zur Verf\u00fcgung stehen.<\/p>\n\n\n\n<figure class=\"wp-block-embed is-type-video is-provider-youtube wp-block-embed-youtube wp-embed-aspect-16-9 wp-has-aspect-ratio\"><div class=\"wp-block-embed__wrapper\">\n<iframe title=\"Dutch Ministry of Defense signed contract for the acquisition of nine C-390 Millennium\" width=\"1170\" height=\"658\" src=\"https:\/\/www.youtube.com\/embed\/mCAB6A2QKfc?feature=oembed\" frameborder=\"0\" allow=\"accelerometer; autoplay; clipboard-write; encrypted-media; gyroscope; picture-in-picture; web-share\" referrerpolicy=\"strict-origin-when-cross-origin\" allowfullscreen><\/iframe>\n<\/div><figcaption class=\"wp-element-caption\">Werbevideo von EMBRAER zur Beschaffung aus dem <a href=\"https:\/\/youtu.be\/mCAB6A2QKfc?si=n2cOBWKaCapTb32k\">Youtube-Kanal<\/a> des Unternehmens<\/figcaption><\/figure>\n\n\n\n<h2 class=\"wp-block-heading\">Vorab-Miete eines Werksflugzeuges?<\/h2>\n\n\n\n<p>Angesichts des bescheidenen Zustands der C-130K Transportflieger des Bundesheeres ist die Einsatzf\u00e4higkeit derzeit stark eingeschr\u00e4nkt. Au\u00dferdem w\u00fcrde man sich gerne demn\u00e4chst anstehende und besonders umfangreiche und teure Wartungsereignisse sparen. Darum gibt es auch Gespr\u00e4che zu einer m\u00f6glichen Vorab-Miete einer C-390 Werksmaschine von EMBRAER, bis eigene Maschinen zur Verf\u00fcgung stehen. Eine offizielle Anfrage f\u00fcr eine Interimsl\u00f6sung wurde Anfang Juli 2024 gestellt. EMBRAER w\u00fcrde dieser gerne nachkommen.<\/p>\n\n\n\n<p>Die EMBRAER C-390 MILLENNIUM haben wir bereits <a href=\"https:\/\/www.doppeladler.com\/da\/oebh\/embraer-c-390-millennium-als-hercules-nachfolger\/\">in fr\u00fcheren Beitr\u00e4gen<\/a> vorgestellt und die Typenentscheidung begr\u00fcndet. Die <strong>Einsatzm\u00f6glichkeiten <\/strong>umfassen Lufttransport (Personal, Material), Patiententransport, Evakuierungen, Landung auf unbefestigten Pisten oder auch das Absetzen von Fallschirmspringern aus der Luft. Der Transportflieger kann f\u00fcr den Transport von Lasten bis zu 26.000 kg oder Fahrzeugtransporten bis zu einer Gr\u00f6\u00dfe eines Pandur Evolution mit aufgebauter Waffenstation, 80 Passagieren, 60 Fallschirmspringern und auch medizinische Evakuierungseins\u00e4tzen (MEDEVAC) eingesetzt werden.<\/p>\n\n\n\n<p>Derzeit betreiben Brasilien und Portugal die C-390. Ungarn hat erst im April 2024 die erste Maschine \u00fcbernommen. Neben den Niederlanden und \u00d6sterreich, die nun fix bestellt haben, gelten auch Tschechien und S\u00fcdkorea als k\u00fcnftige Mitglieder im Millennium-Klub. Schweden k\u00f6nnte bald folgen.<br>Die derzeit in Betrieb befindlichen Flugzeuge haben laut EMBRAER bis Juli 2024 mehr als 13.000 Flugstunden absolviert, sind bisher zu 93 % einsatzf\u00e4hig (mission capable) und die Einsatzaufgaben werden zu \u00fcber 99 % erfolgreich abgeschlossen.<\/p>\n\n\n\n<p><strong>Weiterf\u00fchrende Links:<\/strong><\/p>\n\n\n\n<ul>\n<li><a href=\"https:\/\/www.ots.at\/presseaussendung\/OTS_20240722_OTS0068\/oesterreich-kauft-vier-transportflugzeuge\">\u00d6sterreich kauft vier Transportflugzeuge; OTS; 22.07.2024<\/a><\/li>\n\n\n\n<li><a href=\"https:\/\/embraer.com\/global\/en\/news?slug=1207409-the-netherlands-to-acquire-nine-multi-mission-airlift-embraer-c-390-millennium-in-joint-order-with-austria\">The Netherlands to acquire nine Multi-Mission Airlift Embraer C-390 Millennium in joint order with Austria; Embraer.com; 22.07.2024<\/a><\/li>\n\n\n\n<li><a href=\"https:\/\/aviationweek.com\/defense-space\/multi-mission-aircraft\/austria-eyes-embraer-c-390-test-aircraft-airlift-gap-filler\">Austria Eyes Embraer C-390 Test Aircraft As Airlift Gap-Filler; Aviation Week; 09.07.2024<\/a><\/li>\n<\/ul>\n\n\n\n<p>Titelbild: Gruppenbild von der Vertragsunterzeichnung im Rahmen der Farnborough International Airshow \u00a9 Embraer<\/p>\n","protected":false},"excerpt":{"rendered":"<p>Am 22.07.2024 erfolgte im Rahmen der Farnborough International Airshow die Vertragsunterzeichnung  f\u00fcr vier Transportflugzeuge vom Typ EMBRAER C-390 MILLENNIUM.<\/p>\n","protected":false},"author":1,"featured_media":18551,"comment_status":"closed","ping_status":"open","sticky":true,"template":"","format":"standard","meta":{"footnotes":""},"categories":[3,9],"tags":[1053,1054],"yoast_head":"<!-- This site is optimized with the Yoast SEO plugin v23.3 - https:\/\/yoast.com\/wordpress\/plugins\/seo\/ -->\n<title>Unterzeichnet: \u00d6sterreich kauft 4 EMBRAER C-390 Transporter | DOPPELADLER.COM<\/title>\n<meta name=\"description\" content=\"Am 22.07.2024 erfolgte im Rahmen der Farnborough International Airshow die Vertragsunterzeichnung f\u00fcr vier Transportflugzeuge vom Typ EMBRAER C-390 MILLENNIUM.\" \/>\n<meta name=\"robots\" content=\"index, follow, max-snippet:-1, max-image-preview:large, max-video-preview:-1\" \/>\n<link rel=\"canonical\" href=\"https:\/\/www.doppeladler.com\/da\/oebh\/oesterreich-kauft-4-embraer-c-390-transporter\/\" \/>\n<meta name=\"twitter:label1\" content=\"Verfasst von\" \/>\n\t<meta name=\"twitter:data1\" content=\"Doppeladler\" \/>\n\t<meta name=\"twitter:label2\" content=\"Gesch\u00e4tzte Lesezeit\" \/>\n\t<meta name=\"twitter:data2\" content=\"4\u00a0Minuten\" \/>\n<script type=\"application\/ld+json\" class=\"yoast-schema-graph\">{\"@context\":\"https:\/\/schema.org\",\"@graph\":[{\"@type\":\"WebPage\",\"@id\":\"https:\/\/www.doppeladler.com\/da\/oebh\/oesterreich-kauft-4-embraer-c-390-transporter\/\",\"url\":\"https:\/\/www.doppeladler.com\/da\/oebh\/oesterreich-kauft-4-embraer-c-390-transporter\/\",\"name\":\"Unterzeichnet: \u00d6sterreich kauft 4 EMBRAER C-390 Transporter | DOPPELADLER.COM\",\"isPartOf\":{\"@id\":\"https:\/\/www.doppeladler.com\/da\/#website\"},\"primaryImageOfPage\":{\"@id\":\"https:\/\/www.doppeladler.com\/da\/oebh\/oesterreich-kauft-4-embraer-c-390-transporter\/#primaryimage\"},\"image\":{\"@id\":\"https:\/\/www.doppeladler.com\/da\/oebh\/oesterreich-kauft-4-embraer-c-390-transporter\/#primaryimage\"},\"thumbnailUrl\":\"https:\/\/www.doppeladler.com\/da\/wp-content\/uploads\/2024\/08\/c390-unterzeichnung-1.jpg\",\"datePublished\":\"2024-08-25T14:40:05+00:00\",\"dateModified\":\"2024-08-25T21:24:44+00:00\",\"author\":{\"@id\":\"https:\/\/www.doppeladler.com\/da\/#\/schema\/person\/232b998b629b89b24a916becce3e9476\"},\"description\":\"Am 22.07.2024 erfolgte im Rahmen der Farnborough International Airshow die Vertragsunterzeichnung f\u00fcr vier Transportflugzeuge vom Typ EMBRAER C-390 MILLENNIUM.\",\"breadcrumb\":{\"@id\":\"https:\/\/www.doppeladler.com\/da\/oebh\/oesterreich-kauft-4-embraer-c-390-transporter\/#breadcrumb\"},\"inLanguage\":\"de\",\"potentialAction\":[{\"@type\":\"ReadAction\",\"target\":[\"https:\/\/www.doppeladler.com\/da\/oebh\/oesterreich-kauft-4-embraer-c-390-transporter\/\"]}]},{\"@type\":\"ImageObject\",\"inLanguage\":\"de\",\"@id\":\"https:\/\/www.doppeladler.com\/da\/oebh\/oesterreich-kauft-4-embraer-c-390-transporter\/#primaryimage\",\"url\":\"https:\/\/www.doppeladler.com\/da\/wp-content\/uploads\/2024\/08\/c390-unterzeichnung-1.jpg\",\"contentUrl\":\"https:\/\/www.doppeladler.com\/da\/wp-content\/uploads\/2024\/08\/c390-unterzeichnung-1.jpg\",\"width\":2000,\"height\":1377},{\"@type\":\"BreadcrumbList\",\"@id\":\"https:\/\/www.doppeladler.com\/da\/oebh\/oesterreich-kauft-4-embraer-c-390-transporter\/#breadcrumb\",\"itemListElement\":[{\"@type\":\"ListItem\",\"position\":1,\"name\":\"Startseite\",\"item\":\"https:\/\/www.doppeladler.com\/da\/\"},{\"@type\":\"ListItem\",\"position\":2,\"name\":\"Unterzeichnet: \u00d6sterreich kauft 4 EMBRAER C-390 Transporter\"}]},{\"@type\":\"WebSite\",\"@id\":\"https:\/\/www.doppeladler.com\/da\/#website\",\"url\":\"https:\/\/www.doppeladler.com\/da\/\",\"name\":\"DOPPELADLER.COM\",\"description\":\"Plattform f\u00fcr \u00d6sterreichs Milit\u00e4rgeschichte\",\"potentialAction\":[{\"@type\":\"SearchAction\",\"target\":{\"@type\":\"EntryPoint\",\"urlTemplate\":\"https:\/\/www.doppeladler.com\/da\/?s={search_term_string}\"},\"query-input\":\"required name=search_term_string\"}],\"inLanguage\":\"de\"},{\"@type\":\"Person\",\"@id\":\"https:\/\/www.doppeladler.com\/da\/#\/schema\/person\/232b998b629b89b24a916becce3e9476\",\"name\":\"Doppeladler\",\"sameAs\":[\"http:\/\/www.doppeladler.com\"]}]}<\/script>\n<!-- \/ Yoast SEO plugin. -->","yoast_head_json":{"title":"Unterzeichnet: \u00d6sterreich kauft 4 EMBRAER C-390 Transporter | DOPPELADLER.COM","description":"Am 22.07.2024 erfolgte im Rahmen der Farnborough International Airshow die Vertragsunterzeichnung f\u00fcr vier Transportflugzeuge vom Typ EMBRAER C-390 MILLENNIUM.","robots":{"index":"index","follow":"follow","max-snippet":"max-snippet:-1","max-image-preview":"max-image-preview:large","max-video-preview":"max-video-preview:-1"},"canonical":"https:\/\/www.doppeladler.com\/da\/oebh\/oesterreich-kauft-4-embraer-c-390-transporter\/","twitter_misc":{"Verfasst von":"Doppeladler","Gesch\u00e4tzte Lesezeit":"4\u00a0Minuten"},"schema":{"@context":"https:\/\/schema.org","@graph":[{"@type":"WebPage","@id":"https:\/\/www.doppeladler.com\/da\/oebh\/oesterreich-kauft-4-embraer-c-390-transporter\/","url":"https:\/\/www.doppeladler.com\/da\/oebh\/oesterreich-kauft-4-embraer-c-390-transporter\/","name":"Unterzeichnet: \u00d6sterreich kauft 4 EMBRAER C-390 Transporter | DOPPELADLER.COM","isPartOf":{"@id":"https:\/\/www.doppeladler.com\/da\/#website"},"primaryImageOfPage":{"@id":"https:\/\/www.doppeladler.com\/da\/oebh\/oesterreich-kauft-4-embraer-c-390-transporter\/#primaryimage"},"image":{"@id":"https:\/\/www.doppeladler.com\/da\/oebh\/oesterreich-kauft-4-embraer-c-390-transporter\/#primaryimage"},"thumbnailUrl":"https:\/\/www.doppeladler.com\/da\/wp-content\/uploads\/2024\/08\/c390-unterzeichnung-1.jpg","datePublished":"2024-08-25T14:40:05+00:00","dateModified":"2024-08-25T21:24:44+00:00","author":{"@id":"https:\/\/www.doppeladler.com\/da\/#\/schema\/person\/232b998b629b89b24a916becce3e9476"},"description":"Am 22.07.2024 erfolgte im Rahmen der Farnborough International Airshow die Vertragsunterzeichnung f\u00fcr vier Transportflugzeuge vom Typ EMBRAER C-390 MILLENNIUM.","breadcrumb":{"@id":"https:\/\/www.doppeladler.com\/da\/oebh\/oesterreich-kauft-4-embraer-c-390-transporter\/#breadcrumb"},"inLanguage":"de","potentialAction":[{"@type":"ReadAction","target":["https:\/\/www.doppeladler.com\/da\/oebh\/oesterreich-kauft-4-embraer-c-390-transporter\/"]}]},{"@type":"ImageObject","inLanguage":"de","@id":"https:\/\/www.doppeladler.com\/da\/oebh\/oesterreich-kauft-4-embraer-c-390-transporter\/#primaryimage","url":"https:\/\/www.doppeladler.com\/da\/wp-content\/uploads\/2024\/08\/c390-unterzeichnung-1.jpg","contentUrl":"https:\/\/www.doppeladler.com\/da\/wp-content\/uploads\/2024\/08\/c390-unterzeichnung-1.jpg","width":2000,"height":1377},{"@type":"BreadcrumbList","@id":"https:\/\/www.doppeladler.com\/da\/oebh\/oesterreich-kauft-4-embraer-c-390-transporter\/#breadcrumb","itemListElement":[{"@type":"ListItem","position":1,"name":"Startseite","item":"https:\/\/www.doppeladler.com\/da\/"},{"@type":"ListItem","position":2,"name":"Unterzeichnet: \u00d6sterreich kauft 4 EMBRAER C-390 Transporter"}]},{"@type":"WebSite","@id":"https:\/\/www.doppeladler.com\/da\/#website","url":"https:\/\/www.doppeladler.com\/da\/","name":"DOPPELADLER.COM","description":"Plattform f\u00fcr \u00d6sterreichs Milit\u00e4rgeschichte","potentialAction":[{"@type":"SearchAction","target":{"@type":"EntryPoint","urlTemplate":"https:\/\/www.doppeladler.com\/da\/?s={search_term_string}"},"query-input":"required name=search_term_string"}],"inLanguage":"de"},{"@type":"Person","@id":"https:\/\/www.doppeladler.com\/da\/#\/schema\/person\/232b998b629b89b24a916becce3e9476","name":"Doppeladler","sameAs":["http:\/\/www.doppeladler.com"]}]}},"_links":{"self":[{"href":"https:\/\/www.doppeladler.com\/da\/wp-json\/wp\/v2\/posts\/18548"}],"collection":[{"href":"https:\/\/www.doppeladler.com\/da\/wp-json\/wp\/v2\/posts"}],"about":[{"href":"https:\/\/www.doppeladler.com\/da\/wp-json\/wp\/v2\/types\/post"}],"author":[{"embeddable":true,"href":"https:\/\/www.doppeladler.com\/da\/wp-json\/wp\/v2\/users\/1"}],"replies":[{"embeddable":true,"href":"https:\/\/www.doppeladler.com\/da\/wp-json\/wp\/v2\/comments?post=18548"}],"version-history":[{"count":6,"href":"https:\/\/www.doppeladler.com\/da\/wp-json\/wp\/v2\/posts\/18548\/revisions"}],"predecessor-version":[{"id":18558,"href":"https:\/\/www.doppeladler.com\/da\/wp-json\/wp\/v2\/posts\/18548\/revisions\/18558"}],"wp:featuredmedia":[{"embeddable":true,"href":"https:\/\/www.doppeladler.com\/da\/wp-json\/wp\/v2\/media\/18551"}],"wp:attachment":[{"href":"https:\/\/www.doppeladler.com\/da\/wp-json\/wp\/v2\/media?parent=18548"}],"wp:term":[{"taxonomy":"category","embeddable":true,"href":"https:\/\/www.doppeladler.com\/da\/wp-json\/wp\/v2\/categories?post=18548"},{"taxonomy":"post_tag","embeddable":true,"href":"https:\/\/www.doppeladler.com\/da\/wp-json\/wp\/v2\/tags?post=18548"}],"curies":[{"name":"wp","href":"https:\/\/api.w.org\/{rel}","templated":true}]}}