{"id":18469,"date":"2024-04-19T13:21:21","date_gmt":"2024-04-19T11:21:21","guid":{"rendered":"https:\/\/www.doppeladler.com\/da\/?p=18469"},"modified":"2024-04-19T13:43:01","modified_gmt":"2024-04-19T11:43:01","slug":"kleine-schritte-richtung-embraer-c-390","status":"publish","type":"post","link":"https:\/\/www.doppeladler.com\/da\/oebh\/kleine-schritte-richtung-embraer-c-390\/","title":{"rendered":"Kleine Schritte Richtung EMBRAER C-390"},"content":{"rendered":"\n<p>Das \u00f6sterreichische und das niederl\u00e4ndische Verteidigungsministerium haben ein Memorandum of Understanding (MoU) zur gemeinsamen Beschaffung von Transportflugzeugen <strong>EMBRAER C-390 MILLENNIUM<\/strong> unterfertigt. Die Niederlande beschaffen demnach 9 St\u00fcck C-390 vom brasilianischen Hersteller.<strong> 4 St\u00fcck werden an das Bundesheer weitergegeben.<\/strong> Die 39-seitige Grundsatzvereinbarung bekr\u00e4ftigt auch die Absicht beider L\u00e4nder in den Bereichen Ausbildung und Wartung zusammenzuarbeiten. Auf dieser Grundlage k\u00f6nnen nun die eigentlichen Vertragsverhandlungen finalisiert werden. Die weiteren Schritte sind ein Vorvertrag (Project Arrangement) und schlie\u00dflich die Vertragsunterzeichnung des Kauvertrags.<\/p>\n\n\n\n<p>Nach der <strong><a href=\"https:\/\/www.doppeladler.com\/da\/oebh\/embraer-c-390-millennium-als-hercules-nachfolger\/\">Ank\u00fcndigung der Typenentscheidung am 20. September 2023<\/a><\/strong>, wonach die EMBRAER C-390 der C-130 Hercules als Transportflugzeug des Bundesheeres nachfolgen soll, war viel zu viel Zeit verstrichen. Das war wohl auch den Wahlen in den Niederlanden im November 2023 geschuldet, denn die Regierungsbildung beim Partnerstaat verlief schwierig. Und auch jetzt k\u00f6nnte es noch bis in den Sommer dauern, bis die Vertragsdetails im niederl\u00e4ndischen Parlament durch sind. Erst danach kann die Vertragsunterzeichnung erfolgen. Fr\u00fchestens ab 2027 k\u00f6nnte dann die erste C-390 in \u00d6sterreich landen. Doch auch in \u00d6sterreich lauert im September 2024 eine Nationalratswahl samt Regierungsverhandlungen \u2026<\/p>\n\n\n\n<p>Am Bem\u00fchen von EMBRAER wird es wohl nicht scheitern: Anfang M\u00e4rz war eine hochrangige Delegation in Wien, um vom Programmstand C-390 zu berichten und technische Vorgaben abzukl\u00e4ren. Es wurde betont, dass die gew\u00fcnschte Ausstattung bis Jahresmitte feststehen muss, damit die Maschinen auch rasch geliefert werden k\u00f6nnen. Laut Jo\u00e3o Bosco da Costa Junior, Pr\u00e4sident Embraer Defense &amp; Security, sind bereits <strong>Slots auf den Fertigungslinien<\/strong> f\u00fcr die Niederlande und \u00d6sterreich <strong>reserviert<\/strong>. Doch wenn der Vertrag nicht bald komme, w\u00fcrden andere Auftr\u00e4ge vorgereiht. Au\u00dferdem ist EMBRAER bereit, \u00fcber \u00dcbergangsl\u00f6sungen nachzudenken, um die altersschwachen C-130K fr\u00fcher aus dem Betrieb nehmen zu k\u00f6nnen.<\/p>\n\n\n\n<h2 class=\"wp-block-heading\">Ungarn erhielt erste Maschine<\/h2>\n\n\n\n<p>Zwischenzeitlich hat Nachbar Ungarn am 12.04.2024 die erste von zwei bestellten C-390 \u00fcbernommen. Die Bestellung erfolgte im November 2022.<\/p>\n\n\n\n<figure class=\"wp-block-embed is-type-rich is-provider-twitter wp-block-embed-twitter\"><div class=\"wp-block-embed__wrapper\">\nhttps:\/\/twitter.com\/praisethesteph\/status\/1778728340477587549\n<\/div><\/figure>\n\n\n\n<h2 class=\"wp-block-heading\">EMBRAER und die \u00f6sterreichisch-brasilianischen Wirtschaftsbeziehungen<\/h2>\n\n\n\n<p>Am 18. April 2024 wurde au\u00dferdem ein MoU zwischen EMBAER und der AICAT (Austrian Industrial Cooperation &amp; Aviation Technology) zur Intensivierung der Zusammenarbeit unterzeichnet. Die AICAT ist eine ARGE der Wirtschaftskammer \u00d6sterreich, welche rund 100 Unternehmen im Luftfahrt-Bereich vertritt. Die heimische Wirtschaft ist also fest entschlossen, die Aufmerksamkeit des drittgr\u00f6\u00dften Flugzeugherstellers bestm\u00f6glich zu nutzen. EMBRAER-Chef Gomes Neto rechnet damit das Auftragsvolumen f\u00fcr Zulieferer aus \u00d6sterreich von rund 300 Mio. EUR in den letzten 5 Jahren auf rund 600 Mio. EUR in den kommenden f\u00fcnf Jahren zu verdoppeln. Beide Seiten stellen jedoch klar, dass es sich hierbei nicht um Gegengesch\u00e4fte oder Vertragsbedingungen zum beabsichtigten C-390 Ankauf handelt. EMBRAER ist auf Wachstumskurs und m\u00f6chte bis 2030 seinen Umsatz verdoppeln. Eine Verdoppelung der Auftragsvolumen w\u00e4re daher ein anteilsm\u00e4\u00dfiges Mitwachsen der Gesch\u00e4ftsbeziehungen. \u00d6sterreichs wirtschaftliche Beziehungen mit Brasilien, dem wichtigsten Markt S\u00fcdamerikas, sind ausbauf\u00e4hig. Nur 0,5 Prozent der heimischen Exporte gingen im vergangenen Jahr nach Brasilien.<\/p>\n\n\n\n<p><strong>Weiterf\u00fchrende Links:<\/strong><\/p>\n\n\n\n<ul>\n<li><a href=\"https:\/\/www.bundesheer.at\/aktuelles\/detail\/naechster-schritt-bei-nachbeschaffung-der-c-130-hercules-gesetzt\">N\u00e4chster Schritt bei Nachbeschaffung der C-130 Hercules gesetzt; bundesheer.at; 19.04.2024<\/a><\/li>\n\n\n\n<li><a href=\"https:\/\/www.derstandard.at\/story\/3000000211132\/draengen-auf-vertrag-fuer-hercules-ersatz\">Dr\u00e4ngen auf Vertrag f\u00fcr Hercules-Ersatz; derstandard.at; 12.03.2024<\/a><\/li>\n\n\n\n<li><a href=\"https:\/\/embraer.com\/global\/en\/news?slug=1207375-embraer-signs-mou-with-aicat-to-improve-cooperation-with-the-austrian-aerospace-industry\">Embraer signs MoU with AICAT to improve cooperation with the Austrian aerospace industry; embraer.com; 18.04.2024<\/a><\/li>\n\n\n\n<li><a href=\"https:\/\/www.derstandard.at\/story\/3000000216400\/embraer-chef-oesterreichs-unternehmen-winken-auftraege-im-volumen-von-600-millionen-euro\">Embraer-Chef: \u00d6sterreichs Unternehmen winken Auftr\u00e4ge im Volumen von 600 Millionen Euro; derstandard.at; 18.04.2024<\/a><\/li>\n<\/ul>\n\n\n\n<p>Titelbild: EMBRAER KC-390 MILLENNIUM (Transporter\/Tanker) der brasilianischen Luftstreitkr\u00e4fte \u00a9 EMBRAER<\/p>\n","protected":false},"excerpt":{"rendered":"<p>Das \u00f6sterreichische und das niederl\u00e4ndische Verteidigungsministerium haben ein Memorandum of Understanding (MoU) zur gemeinsamen Beschaffung von Transportflugzeugen EMBRAER C-390 MILLENNIUM unterfertigt.<\/p>\n","protected":false},"author":1,"featured_media":18471,"comment_status":"closed","ping_status":"open","sticky":true,"template":"","format":"standard","meta":{"footnotes":""},"categories":[3,9],"tags":[1052,1053,1054],"yoast_head":"<!-- This site is optimized with the Yoast SEO plugin v23.3 - https:\/\/yoast.com\/wordpress\/plugins\/seo\/ -->\n<title>Kleine Schritte Richtung EMBRAER C-390 | DOPPELADLER.COM<\/title>\n<meta name=\"description\" content=\"Das \u00f6sterreichische und das niederl\u00e4ndische Verteidigungsministerium haben ein Memorandum of Understanding (MoU) zur gemeinsamen Beschaffung von Transportflugzeugen EMBRAER C-390 MILLENNIUM unterfertigt.\" \/>\n<meta name=\"robots\" content=\"index, follow, max-snippet:-1, max-image-preview:large, max-video-preview:-1\" \/>\n<link rel=\"canonical\" href=\"https:\/\/www.doppeladler.com\/da\/oebh\/kleine-schritte-richtung-embraer-c-390\/\" \/>\n<meta name=\"twitter:label1\" content=\"Verfasst von\" \/>\n\t<meta name=\"twitter:data1\" content=\"Doppeladler\" \/>\n\t<meta name=\"twitter:label2\" content=\"Gesch\u00e4tzte Lesezeit\" \/>\n\t<meta name=\"twitter:data2\" content=\"4\u00a0Minuten\" \/>\n<script type=\"application\/ld+json\" class=\"yoast-schema-graph\">{\"@context\":\"https:\/\/schema.org\",\"@graph\":[{\"@type\":\"WebPage\",\"@id\":\"https:\/\/www.doppeladler.com\/da\/oebh\/kleine-schritte-richtung-embraer-c-390\/\",\"url\":\"https:\/\/www.doppeladler.com\/da\/oebh\/kleine-schritte-richtung-embraer-c-390\/\",\"name\":\"Kleine Schritte Richtung EMBRAER C-390 | DOPPELADLER.COM\",\"isPartOf\":{\"@id\":\"https:\/\/www.doppeladler.com\/da\/#website\"},\"primaryImageOfPage\":{\"@id\":\"https:\/\/www.doppeladler.com\/da\/oebh\/kleine-schritte-richtung-embraer-c-390\/#primaryimage\"},\"image\":{\"@id\":\"https:\/\/www.doppeladler.com\/da\/oebh\/kleine-schritte-richtung-embraer-c-390\/#primaryimage\"},\"thumbnailUrl\":\"https:\/\/www.doppeladler.com\/da\/wp-content\/uploads\/2024\/04\/KC-390-FAB.jpg\",\"datePublished\":\"2024-04-19T11:21:21+00:00\",\"dateModified\":\"2024-04-19T11:43:01+00:00\",\"author\":{\"@id\":\"https:\/\/www.doppeladler.com\/da\/#\/schema\/person\/232b998b629b89b24a916becce3e9476\"},\"description\":\"Das \u00f6sterreichische und das niederl\u00e4ndische Verteidigungsministerium haben ein Memorandum of Understanding (MoU) zur gemeinsamen Beschaffung von Transportflugzeugen EMBRAER C-390 MILLENNIUM unterfertigt.\",\"breadcrumb\":{\"@id\":\"https:\/\/www.doppeladler.com\/da\/oebh\/kleine-schritte-richtung-embraer-c-390\/#breadcrumb\"},\"inLanguage\":\"de\",\"potentialAction\":[{\"@type\":\"ReadAction\",\"target\":[\"https:\/\/www.doppeladler.com\/da\/oebh\/kleine-schritte-richtung-embraer-c-390\/\"]}]},{\"@type\":\"ImageObject\",\"inLanguage\":\"de\",\"@id\":\"https:\/\/www.doppeladler.com\/da\/oebh\/kleine-schritte-richtung-embraer-c-390\/#primaryimage\",\"url\":\"https:\/\/www.doppeladler.com\/da\/wp-content\/uploads\/2024\/04\/KC-390-FAB.jpg\",\"contentUrl\":\"https:\/\/www.doppeladler.com\/da\/wp-content\/uploads\/2024\/04\/KC-390-FAB.jpg\",\"width\":2560,\"height\":1707,\"caption\":\"EMBRAER KC-390 der brasilianischen Luftstreitkr\u00e4fte \u00a9 Embraer\"},{\"@type\":\"BreadcrumbList\",\"@id\":\"https:\/\/www.doppeladler.com\/da\/oebh\/kleine-schritte-richtung-embraer-c-390\/#breadcrumb\",\"itemListElement\":[{\"@type\":\"ListItem\",\"position\":1,\"name\":\"Startseite\",\"item\":\"https:\/\/www.doppeladler.com\/da\/\"},{\"@type\":\"ListItem\",\"position\":2,\"name\":\"Kleine Schritte Richtung EMBRAER C-390\"}]},{\"@type\":\"WebSite\",\"@id\":\"https:\/\/www.doppeladler.com\/da\/#website\",\"url\":\"https:\/\/www.doppeladler.com\/da\/\",\"name\":\"DOPPELADLER.COM\",\"description\":\"Plattform f\u00fcr \u00d6sterreichs Milit\u00e4rgeschichte\",\"potentialAction\":[{\"@type\":\"SearchAction\",\"target\":{\"@type\":\"EntryPoint\",\"urlTemplate\":\"https:\/\/www.doppeladler.com\/da\/?s={search_term_string}\"},\"query-input\":\"required name=search_term_string\"}],\"inLanguage\":\"de\"},{\"@type\":\"Person\",\"@id\":\"https:\/\/www.doppeladler.com\/da\/#\/schema\/person\/232b998b629b89b24a916becce3e9476\",\"name\":\"Doppeladler\",\"sameAs\":[\"http:\/\/www.doppeladler.com\"]}]}<\/script>\n<!-- \/ Yoast SEO plugin. -->","yoast_head_json":{"title":"Kleine Schritte Richtung EMBRAER C-390 | DOPPELADLER.COM","description":"Das \u00f6sterreichische und das niederl\u00e4ndische Verteidigungsministerium haben ein Memorandum of Understanding (MoU) zur gemeinsamen Beschaffung von Transportflugzeugen EMBRAER C-390 MILLENNIUM unterfertigt.","robots":{"index":"index","follow":"follow","max-snippet":"max-snippet:-1","max-image-preview":"max-image-preview:large","max-video-preview":"max-video-preview:-1"},"canonical":"https:\/\/www.doppeladler.com\/da\/oebh\/kleine-schritte-richtung-embraer-c-390\/","twitter_misc":{"Verfasst von":"Doppeladler","Gesch\u00e4tzte Lesezeit":"4\u00a0Minuten"},"schema":{"@context":"https:\/\/schema.org","@graph":[{"@type":"WebPage","@id":"https:\/\/www.doppeladler.com\/da\/oebh\/kleine-schritte-richtung-embraer-c-390\/","url":"https:\/\/www.doppeladler.com\/da\/oebh\/kleine-schritte-richtung-embraer-c-390\/","name":"Kleine Schritte Richtung EMBRAER C-390 | DOPPELADLER.COM","isPartOf":{"@id":"https:\/\/www.doppeladler.com\/da\/#website"},"primaryImageOfPage":{"@id":"https:\/\/www.doppeladler.com\/da\/oebh\/kleine-schritte-richtung-embraer-c-390\/#primaryimage"},"image":{"@id":"https:\/\/www.doppeladler.com\/da\/oebh\/kleine-schritte-richtung-embraer-c-390\/#primaryimage"},"thumbnailUrl":"https:\/\/www.doppeladler.com\/da\/wp-content\/uploads\/2024\/04\/KC-390-FAB.jpg","datePublished":"2024-04-19T11:21:21+00:00","dateModified":"2024-04-19T11:43:01+00:00","author":{"@id":"https:\/\/www.doppeladler.com\/da\/#\/schema\/person\/232b998b629b89b24a916becce3e9476"},"description":"Das \u00f6sterreichische und das niederl\u00e4ndische Verteidigungsministerium haben ein Memorandum of Understanding (MoU) zur gemeinsamen Beschaffung von Transportflugzeugen EMBRAER C-390 MILLENNIUM unterfertigt.","breadcrumb":{"@id":"https:\/\/www.doppeladler.com\/da\/oebh\/kleine-schritte-richtung-embraer-c-390\/#breadcrumb"},"inLanguage":"de","potentialAction":[{"@type":"ReadAction","target":["https:\/\/www.doppeladler.com\/da\/oebh\/kleine-schritte-richtung-embraer-c-390\/"]}]},{"@type":"ImageObject","inLanguage":"de","@id":"https:\/\/www.doppeladler.com\/da\/oebh\/kleine-schritte-richtung-embraer-c-390\/#primaryimage","url":"https:\/\/www.doppeladler.com\/da\/wp-content\/uploads\/2024\/04\/KC-390-FAB.jpg","contentUrl":"https:\/\/www.doppeladler.com\/da\/wp-content\/uploads\/2024\/04\/KC-390-FAB.jpg","width":2560,"height":1707,"caption":"EMBRAER KC-390 der brasilianischen Luftstreitkr\u00e4fte \u00a9 Embraer"},{"@type":"BreadcrumbList","@id":"https:\/\/www.doppeladler.com\/da\/oebh\/kleine-schritte-richtung-embraer-c-390\/#breadcrumb","itemListElement":[{"@type":"ListItem","position":1,"name":"Startseite","item":"https:\/\/www.doppeladler.com\/da\/"},{"@type":"ListItem","position":2,"name":"Kleine Schritte Richtung EMBRAER C-390"}]},{"@type":"WebSite","@id":"https:\/\/www.doppeladler.com\/da\/#website","url":"https:\/\/www.doppeladler.com\/da\/","name":"DOPPELADLER.COM","description":"Plattform f\u00fcr \u00d6sterreichs Milit\u00e4rgeschichte","potentialAction":[{"@type":"SearchAction","target":{"@type":"EntryPoint","urlTemplate":"https:\/\/www.doppeladler.com\/da\/?s={search_term_string}"},"query-input":"required name=search_term_string"}],"inLanguage":"de"},{"@type":"Person","@id":"https:\/\/www.doppeladler.com\/da\/#\/schema\/person\/232b998b629b89b24a916becce3e9476","name":"Doppeladler","sameAs":["http:\/\/www.doppeladler.com"]}]}},"_links":{"self":[{"href":"https:\/\/www.doppeladler.com\/da\/wp-json\/wp\/v2\/posts\/18469"}],"collection":[{"href":"https:\/\/www.doppeladler.com\/da\/wp-json\/wp\/v2\/posts"}],"about":[{"href":"https:\/\/www.doppeladler.com\/da\/wp-json\/wp\/v2\/types\/post"}],"author":[{"embeddable":true,"href":"https:\/\/www.doppeladler.com\/da\/wp-json\/wp\/v2\/users\/1"}],"replies":[{"embeddable":true,"href":"https:\/\/www.doppeladler.com\/da\/wp-json\/wp\/v2\/comments?post=18469"}],"version-history":[{"count":5,"href":"https:\/\/www.doppeladler.com\/da\/wp-json\/wp\/v2\/posts\/18469\/revisions"}],"predecessor-version":[{"id":18476,"href":"https:\/\/www.doppeladler.com\/da\/wp-json\/wp\/v2\/posts\/18469\/revisions\/18476"}],"wp:featuredmedia":[{"embeddable":true,"href":"https:\/\/www.doppeladler.com\/da\/wp-json\/wp\/v2\/media\/18471"}],"wp:attachment":[{"href":"https:\/\/www.doppeladler.com\/da\/wp-json\/wp\/v2\/media?parent=18469"}],"wp:term":[{"taxonomy":"category","embeddable":true,"href":"https:\/\/www.doppeladler.com\/da\/wp-json\/wp\/v2\/categories?post=18469"},{"taxonomy":"post_tag","embeddable":true,"href":"https:\/\/www.doppeladler.com\/da\/wp-json\/wp\/v2\/tags?post=18469"}],"curies":[{"name":"wp","href":"https:\/\/api.w.org\/{rel}","templated":true}]}}