{"id":15571,"date":"2020-10-14T21:01:25","date_gmt":"2020-10-14T19:01:25","guid":{"rendered":"http:\/\/www.doppeladler.com\/da\/?p=15571"},"modified":"2025-02-20T16:51:43","modified_gmt":"2025-02-20T15:51:43","slug":"eurofighter-typhoon-die-wahren-kosten","status":"publish","type":"post","link":"https:\/\/www.doppeladler.com\/da\/oebh\/eurofighter-typhoon-die-wahren-kosten\/","title":{"rendered":"Eurofighter Typhoon \u2013 die wahren Kosten"},"content":{"rendered":"\n<p>Geht es um das Reizthema Abfangj\u00e4ger wird seitens der Politik und in den Medien sehr oft mit falschen Zahlen operiert. Wir haben daher die wichtigsten Zahlen aufbereitet und st\u00fctzen uns dabei nicht auf Presseinformationen und Ger\u00fcchte, sondern auf Angaben aus Rechnungshofberichten und aus parlamentarischen Anfragebeantwortungen. Unterlagen, die mit h\u00f6herer Sorgfalt erstellt werden als eine Pressemeldung oder ein Text f\u00fcr eine Rede.<\/p>\n\n\n\n<h2 class=\"wp-block-heading\">DIE BESCHAFFUNGSKOSTEN<\/h2>\n\n\n\n<p>Nach dem sogenannten Darabos-Vergleich betrugen die <strong>Anschaffungskosten f\u00fcr 15 EUROFIGHTER TYPHOON der Tranche I \/ Block 5 rund 1,709 Mrd. EUR<\/strong> (Gesamtpreis der beiden Kaufvertr\u00e4ge vom Juli 2003). Dieser Betrag versteht sich inklusive der Finanzierungskosten, der Simulatorkosten, eines Logistikpakets und der Kosten der f\u00fcr die Wartung und den Flugbetrieb erforderlichen Ausr\u00fcstung (Systempreis). Sechs Flugzeuge wurden leicht gebraucht von der Luftwaffe \u00fcbernommen. Gegen\u00fcber dem urspr\u00fcnglichen Kaufvertr\u00e4gen f\u00fcr 18 St\u00fcck fabrikneuen Tranche II \/ Block 8 in der H\u00f6he von 1,959 Mrd. EUR ergab das eine Reduktion um 250 Mio. EUR. Dar\u00fcber hinausgehende Einsparungen waren f\u00fcr den Rechnungshof nicht nachvollziehbar. [1]<br>Vertragsgem\u00e4\u00df erfolgte die Zahlung des Kaufpreises ab 2007 in 18 gleichbleibenden Halbjahresraten von jeweils rd. 109 Mio. EUR an die Eurofighter GmbH, wobei 2007 eine doppelte Rate anfiel. Die letzte Rate fiel im Jahr 2014 an. <strong>Seither sind die Flugzeuge abbezahlt<\/strong> und es fallen keine Beschaffungskosten mehr an.<\/p>\n\n\n\n<p>Ein Vergleich: Das eingereichte Angebot f\u00fcr den SAAB JAS-39C GRIPEN war in der gew\u00e4hlten Finanzierungsvariante um 3,4 % g\u00fcnstiger. Der GRIPEN unterlag in der Technik-Bewertung deutlich.<\/p>\n\n\n\n<figure class=\"wp-block-image size-large\"><img fetchpriority=\"high\" decoding=\"async\" width=\"1484\" height=\"1024\" src=\"https:\/\/www.doppeladler.com\/da\/wp-content\/uploads\/2020\/10\/ef-57-1484x1024.jpg\" alt=\"Eurofighter Typhoon der \u00f6sterreichischen Luftstreitkr\u00e4fte \u00a9 Doppeladler.com\" class=\"wp-image-15578\" srcset=\"https:\/\/www.doppeladler.com\/da\/wp-content\/uploads\/2020\/10\/ef-57-1484x1024.jpg 1484w, https:\/\/www.doppeladler.com\/da\/wp-content\/uploads\/2020\/10\/ef-57-300x207.jpg 300w, https:\/\/www.doppeladler.com\/da\/wp-content\/uploads\/2020\/10\/ef-57-768x530.jpg 768w, https:\/\/www.doppeladler.com\/da\/wp-content\/uploads\/2020\/10\/ef-57-1536x1060.jpg 1536w, https:\/\/www.doppeladler.com\/da\/wp-content\/uploads\/2020\/10\/ef-57-1170x807.jpg 1170w, https:\/\/www.doppeladler.com\/da\/wp-content\/uploads\/2020\/10\/ef-57-585x404.jpg 585w, https:\/\/www.doppeladler.com\/da\/wp-content\/uploads\/2020\/10\/ef-57.jpg 1600w\" sizes=\"(max-width: 1484px) 100vw, 1484px\" \/><figcaption class=\"wp-element-caption\">Eurofighter Typhoon der \u00f6sterreichischen Luftstreitkr\u00e4fte \u00a9 Doppeladler.com<\/figcaption><\/figure>\n\n\n\n<h2 class=\"wp-block-heading\">DIE BETRIEBSKOSTEN<\/h2>\n\n\n\n<p>Bei der Darstellung der Betriebskosten gibt es eine gewisse Unsch\u00e4rfe, weil die Abgrenzung von Kosten des Systems EUROFIGHTER zu anderen Kostenpositionen des BMLV nur so gut sein kann, wie es das bestehende Controlling erm\u00f6glicht und sich im Zeitablauf auch \u00c4nderungen ergeben. Die nach au\u00dfen kommunizierten Angaben weichen allerdings vor allem aus politischen Gr\u00fcnden ab.<\/p>\n\n\n\n<p>Aktuelle Zahlen zu den Betriebskosten liefert die Beantwortung einer parlamentarischen Anfrage vom 04.02.2020 durch Verteidigungsministerin Tanner, welche den j\u00e4hrlichen Betriebsaufwand f\u00fcr das System EUROFIGHTER TYPHOON mit 60 bis 65 Mio. EUR beziffert [2]. Im September 2020 wird der <strong>Gesamtbetriebsaufwand <\/strong>f\u00fcr den Weiterbetrieb der Flotte mit rund <strong>64 Mio. Euro pro Jahr<\/strong> angegeben [3]. Diese Zahl ist glaubhaft, denn nach anf\u00e4nglicher Kritik durch den Rechnungshof m\u00fcssten mittlerweile die anfallenden Kosten recht gut zugeordnet sein und schriftliche Beantwortungen an das Parlament m\u00fcssen wahrheitsgem\u00e4\u00df erfolgen. Dazu ist es mittlerweile auch politischer Mainstream, die Kosten des EUROFIGHTERS nicht sch\u00f6nzuf\u00e4rben. <\/p>\n\n\n\n<p>In der Anfragebeantwortung vom September 2020 wird zudem angegeben, dass die <strong>Kosten pro Flugstunde rund 56.000 Euro<\/strong> betragen. Diese Betr\u00e4ge ergeben sich aus den Kosten f\u00fcr Treibstoff, Ersatz- und Umlaufteile, Betriebsmittel, Instandsetzung und technische Unterst\u00fctzungsleistungen [3].<\/p>\n\n\n\n<p><mark style=\"background-color:rgba(0, 0, 0, 0)\" class=\"has-inline-color has-luminous-vivid-orange-color\">Update 02\/2025: Laut einer Anfragebeantwortung im Februar 2025 waren f\u00fcr eine <strong>Flugstunde im Jahr 2023 rund 66.000 Euro<\/strong> zu veranschlagen [5]. Die Kostenentwicklung 2020 bis 2023 liegt daher unter dem Verbraucherpreisindex (VPI +22,3%).<\/mark><\/p>\n\n\n\n<p>In Medienberichten und Politikerreden sind freilich andere Zahlen zu lesen. Auch zwischen zwei relativ gleichlautenden Aussagen aus glaubhaften Unterlagen wird mit abweichenden Zahlen operiert. Verteidigungsminister Doskozil (SP\u00d6) lie\u00df aufhorchen, als er im Juli 2017 den <a rel=\"noreferrer noopener\" href=\"https:\/\/www.sn.at\/politik\/innenpolitik\/doskozil-aus-fuer-eurofighter-umstieg-ab-2020-14877148\" target=\"_blank\">Ausstieg<\/a> aus dem System EUROFIGHTER verk\u00fcndete und dies auch mit den Kosten einer Flugstunde von bis zu 80.000 EUR begr\u00fcndete. Doskozils Nachfolger Kunasek (FP\u00d6) und Starlinger (Unabh.) relativierten diese Angaben. Laut dem &#8222;Internen Bericht der Evaluierungskommission aktive Luftraum\u00fcberwachung&#8220;, welcher unter Kunasek erstellt wurde, wurden die Betriebskosten des TYPHOONS von Doskozil <a rel=\"noreferrer noopener\" href=\"https:\/\/www.derstandard.at\/story\/2000118426756\/eurofighter-laut-kunasek-kommission-weniger-teuer-als-bisher-behauptet\" target=\"_blank\">\u00fcbertrieben dargestellt<\/a>, um den Ausstieg zu rechtfertigen. <\/p>\n\n\n\n<p>Ein Vergleich: Der Rechnungshof erlaubt einen spannenden Vergleich zum SAAB DRAKEN, denn laut einem Pr\u00fcfungsbericht kostete im Jahr 2000 eine Flugstunde des DRAKEN 37.600 EUR [4]. Nach heutiger Kaufkraft entspricht das \u00fcber 55.000 EUR pro Stunde (Inflationsrechner fxtop.com).<\/p>\n\n\n\n<p>Selbstverst\u00e4ndlich sind die Betriebskosten von der Anzahl der Flugstunden und der angestrebten Flotten-Verf\u00fcgbarkeit abh\u00e4ngig. Durch zus\u00e4tzliche Flugstunden steigt der Gesamtbetriebsaufwand, doch aufgrund des Fixkostenanteils sinken die Kosten pro Flugstunde. <\/p>\n\n\n\n<p><strong>Frisst nun der EUROFIGHTER TYPHOON dem \u00fcbrigen Bundesheer die Haare vom Kopf? <\/strong><\/p>\n\n\n\n<p>Diesen Eindruck bekommt man angesichts der \u00f6ffentlichen Diskussion. Tats\u00e4chlich handelt es sich selbst am Mini-Budget des Bundesheeres gemessen nur um einen kleinen Teil der Heeresausgaben. Das Budget 2020 betrug laut Finanzierungsvoranschlag 2.545,7 Mio. EUR. Davon entsprechen 64 Mio. EUR einem <strong>Anteil von 2,51 %<\/strong>. Gemessen an den gesamten Staatsausgaben 2019 in der H\u00f6he von 192,2 Mrd. EUR w\u00e4ren das 0,033 %. Der EUROFIGHTER nimmt daher einen extrem \u00fcberproportionalen hohen Anteil an der \u00f6ffentlichen Diskussion in Anspruch. Und das ist vermutlich kein Zufall, l\u00e4sst es sich doch mit einer neuen Abfangj\u00e4gerdiskussion herrlich von aktuellen Problemen ablenken.<\/p>\n\n\n\n<p>Ein letzter Vergleich: Ministerien, L\u00e4nder, Gemeinden und staatsnahe Stellen geben j\u00e4hrlich fast die 3-fache Summe f\u00fcr Print-\/TV-\/Internet-Werbung aus &#8211; <a href=\"https:\/\/www.derstandard.at\/story\/2000104880347\/oeffentliche-hand-buchte-werbung-um-35-millionen\" target=\"_blank\" rel=\"noreferrer noopener\">2019 etwa 178 Mio. Euro<\/a>. Gr\u00f6\u00dfter Empf\u00e4nger: die Kronenzeitung, die besonders gerne \u00fcber den &#8222;Teurofighter&#8220; berichtet.<\/p>\n\n\n\n<p><strong>Quellen:<\/strong><\/p>\n\n\n\n<ul>\n<li>[1] <a rel=\"noreferrer noopener\" href=\"https:\/\/www.rechnungshof.gv.at\/rh\/home\/home\/home_7\/Luftraumueberwachung_Vergleich_Oesterreich_Eurofighter_FU.pdf\" target=\"_blank\">Luftraum\u00fcberwachungsflugzeuge \u2013 Vergleich der Republik \u00d6sterreich mit der Eurofighter Jagdflugzeug GmbH; Follow\u2013up\u2013\u00dcberpr\u00fcfung, Rechnungshofbericht Bund 2013\/2<\/a><\/li>\n\n\n\n<li>[2] <a rel=\"noreferrer noopener\" href=\"https:\/\/www.parlament.gv.at\/PAKT\/VHG\/XXVII\/AB\/AB_00275\/imfname_780475.pdf\" target=\"_blank\">Beantwortung der parlamentarischen Anfrage betreffend &#8222;Luftraum\u00fcberwachung in \u00d6sterreich&#8220; vom 04.03.2020<\/a><\/li>\n\n\n\n<li>[3] <a rel=\"noreferrer noopener\" href=\"https:\/\/www.parlament.gv.at\/PAKT\/VHG\/XXVII\/J\/J_02834\/index.shtml\" target=\"_blank\">Beantwortung der parlamentarischen Anfrage betreffend &#8222;Keine Nachbeschaffung der Saab 105 und weitere Ma\u00dfnahmen der Luftraum\u00fcberwachung&#8220; vom 09.09.2020<\/a><\/li>\n\n\n\n<li>[4] <a href=\"https:\/\/www.rechnungshof.gv.at\/rh\/home\/home\/Nachfolge_Eurofighter.pdf\" target=\"_blank\" rel=\"noreferrer noopener\">Wahrnehmungsbericht des Rechnungshofes Bund 2002\/3<\/a><\/li>\n\n\n\n<li>[5] <a href=\"https:\/\/www.parlament.gv.at\/dokument\/XXVIII\/AB\/317\/imfname_1668944.pdf\">Beantwortung der parlamentarischen Anfrage &#8222;\u201eLuftraum\u00fcberwachung in \u00d6sterreich 2023 und 2024&#8220; vom 18.02.2025<\/a><\/li>\n<\/ul>\n\n\n\n<p><strong>Weiterf\u00fchrende Links:<\/strong><\/p>\n\n\n\n<ul>\n<li><a rel=\"noreferrer noopener\" href=\"https:\/\/www.austrianwings.info\/2020\/07\/luftraumueberwachungs-mikado\/\" target=\"_blank\">Luftraum\u00fcberwachungs-Mikado; austrianwings.info, 09.07.2020<\/a><\/li>\n\n\n\n<li><a href=\"https:\/\/orf.at\/stories\/3173725\/\">Eurofighter-Update w\u00fcrde bis zu 210 Mio. Euro kosten; orf.at; 15.07.2020<\/a><\/li>\n\n\n\n<li><a rel=\"noreferrer noopener\" href=\"https:\/\/www.yumpu.com\/de\/document\/read\/63140754\/militaer-aktuell-1-2020\" target=\"_blank\">Was geht noch in die Luft?; Milit\u00e4r Aktuell 1\/2020<\/a><\/li>\n<\/ul>\n","protected":false},"excerpt":{"rendered":"<p>Wir haben die wichtigsten Zahlen aufbereitet und st\u00fctzen uns dabei auf Rechnungshofberichte und parlamentarische Anfragebeantwortungen.<\/p>\n","protected":false},"author":1,"featured_media":15577,"comment_status":"closed","ping_status":"open","sticky":false,"template":"","format":"standard","meta":{"footnotes":""},"categories":[3,9],"tags":[242,865],"yoast_head":"<!-- This site is optimized with the Yoast SEO plugin v23.3 - https:\/\/yoast.com\/wordpress\/plugins\/seo\/ -->\n<title>Eurofighter Typhoon \u2013 die wahren Kosten | DOPPELADLER.COM<\/title>\n<meta name=\"description\" content=\"Wir haben die wichtigsten Zahlen aufbereitet und st\u00fctzen uns dabei auf Rechnungshofberichte und parlamentarische Anfragebeantwortungen.\" \/>\n<meta name=\"robots\" content=\"index, follow, max-snippet:-1, max-image-preview:large, max-video-preview:-1\" \/>\n<link rel=\"canonical\" href=\"https:\/\/www.doppeladler.com\/da\/oebh\/eurofighter-typhoon-die-wahren-kosten\/\" \/>\n<meta name=\"twitter:label1\" content=\"Verfasst von\" \/>\n\t<meta name=\"twitter:data1\" content=\"Doppeladler\" \/>\n\t<meta name=\"twitter:label2\" content=\"Gesch\u00e4tzte Lesezeit\" \/>\n\t<meta name=\"twitter:data2\" content=\"6\u00a0Minuten\" \/>\n<script type=\"application\/ld+json\" class=\"yoast-schema-graph\">{\"@context\":\"https:\/\/schema.org\",\"@graph\":[{\"@type\":\"WebPage\",\"@id\":\"https:\/\/www.doppeladler.com\/da\/oebh\/eurofighter-typhoon-die-wahren-kosten\/\",\"url\":\"https:\/\/www.doppeladler.com\/da\/oebh\/eurofighter-typhoon-die-wahren-kosten\/\",\"name\":\"Eurofighter Typhoon \u2013 die wahren Kosten | DOPPELADLER.COM\",\"isPartOf\":{\"@id\":\"https:\/\/www.doppeladler.com\/da\/#website\"},\"primaryImageOfPage\":{\"@id\":\"https:\/\/www.doppeladler.com\/da\/oebh\/eurofighter-typhoon-die-wahren-kosten\/#primaryimage\"},\"image\":{\"@id\":\"https:\/\/www.doppeladler.com\/da\/oebh\/eurofighter-typhoon-die-wahren-kosten\/#primaryimage\"},\"thumbnailUrl\":\"https:\/\/www.doppeladler.com\/da\/wp-content\/uploads\/2020\/10\/ef-74.jpg\",\"datePublished\":\"2020-10-14T19:01:25+00:00\",\"dateModified\":\"2025-02-20T15:51:43+00:00\",\"author\":{\"@id\":\"https:\/\/www.doppeladler.com\/da\/#\/schema\/person\/232b998b629b89b24a916becce3e9476\"},\"description\":\"Wir haben die wichtigsten Zahlen aufbereitet und st\u00fctzen uns dabei auf Rechnungshofberichte und parlamentarische Anfragebeantwortungen.\",\"breadcrumb\":{\"@id\":\"https:\/\/www.doppeladler.com\/da\/oebh\/eurofighter-typhoon-die-wahren-kosten\/#breadcrumb\"},\"inLanguage\":\"de\",\"potentialAction\":[{\"@type\":\"ReadAction\",\"target\":[\"https:\/\/www.doppeladler.com\/da\/oebh\/eurofighter-typhoon-die-wahren-kosten\/\"]}]},{\"@type\":\"ImageObject\",\"inLanguage\":\"de\",\"@id\":\"https:\/\/www.doppeladler.com\/da\/oebh\/eurofighter-typhoon-die-wahren-kosten\/#primaryimage\",\"url\":\"https:\/\/www.doppeladler.com\/da\/wp-content\/uploads\/2020\/10\/ef-74.jpg\",\"contentUrl\":\"https:\/\/www.doppeladler.com\/da\/wp-content\/uploads\/2020\/10\/ef-74.jpg\",\"width\":1600,\"height\":1200,\"caption\":\"Eurofighter Typhoon der \u00f6sterreichischen Luftstreitkr\u00e4fte \u00a9 Doppeladler.com\"},{\"@type\":\"BreadcrumbList\",\"@id\":\"https:\/\/www.doppeladler.com\/da\/oebh\/eurofighter-typhoon-die-wahren-kosten\/#breadcrumb\",\"itemListElement\":[{\"@type\":\"ListItem\",\"position\":1,\"name\":\"Startseite\",\"item\":\"https:\/\/www.doppeladler.com\/da\/\"},{\"@type\":\"ListItem\",\"position\":2,\"name\":\"Eurofighter Typhoon \u2013 die wahren Kosten\"}]},{\"@type\":\"WebSite\",\"@id\":\"https:\/\/www.doppeladler.com\/da\/#website\",\"url\":\"https:\/\/www.doppeladler.com\/da\/\",\"name\":\"DOPPELADLER.COM\",\"description\":\"Plattform f\u00fcr \u00d6sterreichs Milit\u00e4rgeschichte\",\"potentialAction\":[{\"@type\":\"SearchAction\",\"target\":{\"@type\":\"EntryPoint\",\"urlTemplate\":\"https:\/\/www.doppeladler.com\/da\/?s={search_term_string}\"},\"query-input\":\"required name=search_term_string\"}],\"inLanguage\":\"de\"},{\"@type\":\"Person\",\"@id\":\"https:\/\/www.doppeladler.com\/da\/#\/schema\/person\/232b998b629b89b24a916becce3e9476\",\"name\":\"Doppeladler\",\"sameAs\":[\"http:\/\/www.doppeladler.com\"]}]}<\/script>\n<!-- \/ Yoast SEO plugin. -->","yoast_head_json":{"title":"Eurofighter Typhoon \u2013 die wahren Kosten | DOPPELADLER.COM","description":"Wir haben die wichtigsten Zahlen aufbereitet und st\u00fctzen uns dabei auf Rechnungshofberichte und parlamentarische Anfragebeantwortungen.","robots":{"index":"index","follow":"follow","max-snippet":"max-snippet:-1","max-image-preview":"max-image-preview:large","max-video-preview":"max-video-preview:-1"},"canonical":"https:\/\/www.doppeladler.com\/da\/oebh\/eurofighter-typhoon-die-wahren-kosten\/","twitter_misc":{"Verfasst von":"Doppeladler","Gesch\u00e4tzte Lesezeit":"6\u00a0Minuten"},"schema":{"@context":"https:\/\/schema.org","@graph":[{"@type":"WebPage","@id":"https:\/\/www.doppeladler.com\/da\/oebh\/eurofighter-typhoon-die-wahren-kosten\/","url":"https:\/\/www.doppeladler.com\/da\/oebh\/eurofighter-typhoon-die-wahren-kosten\/","name":"Eurofighter Typhoon \u2013 die wahren Kosten | DOPPELADLER.COM","isPartOf":{"@id":"https:\/\/www.doppeladler.com\/da\/#website"},"primaryImageOfPage":{"@id":"https:\/\/www.doppeladler.com\/da\/oebh\/eurofighter-typhoon-die-wahren-kosten\/#primaryimage"},"image":{"@id":"https:\/\/www.doppeladler.com\/da\/oebh\/eurofighter-typhoon-die-wahren-kosten\/#primaryimage"},"thumbnailUrl":"https:\/\/www.doppeladler.com\/da\/wp-content\/uploads\/2020\/10\/ef-74.jpg","datePublished":"2020-10-14T19:01:25+00:00","dateModified":"2025-02-20T15:51:43+00:00","author":{"@id":"https:\/\/www.doppeladler.com\/da\/#\/schema\/person\/232b998b629b89b24a916becce3e9476"},"description":"Wir haben die wichtigsten Zahlen aufbereitet und st\u00fctzen uns dabei auf Rechnungshofberichte und parlamentarische Anfragebeantwortungen.","breadcrumb":{"@id":"https:\/\/www.doppeladler.com\/da\/oebh\/eurofighter-typhoon-die-wahren-kosten\/#breadcrumb"},"inLanguage":"de","potentialAction":[{"@type":"ReadAction","target":["https:\/\/www.doppeladler.com\/da\/oebh\/eurofighter-typhoon-die-wahren-kosten\/"]}]},{"@type":"ImageObject","inLanguage":"de","@id":"https:\/\/www.doppeladler.com\/da\/oebh\/eurofighter-typhoon-die-wahren-kosten\/#primaryimage","url":"https:\/\/www.doppeladler.com\/da\/wp-content\/uploads\/2020\/10\/ef-74.jpg","contentUrl":"https:\/\/www.doppeladler.com\/da\/wp-content\/uploads\/2020\/10\/ef-74.jpg","width":1600,"height":1200,"caption":"Eurofighter Typhoon der \u00f6sterreichischen Luftstreitkr\u00e4fte \u00a9 Doppeladler.com"},{"@type":"BreadcrumbList","@id":"https:\/\/www.doppeladler.com\/da\/oebh\/eurofighter-typhoon-die-wahren-kosten\/#breadcrumb","itemListElement":[{"@type":"ListItem","position":1,"name":"Startseite","item":"https:\/\/www.doppeladler.com\/da\/"},{"@type":"ListItem","position":2,"name":"Eurofighter Typhoon \u2013 die wahren Kosten"}]},{"@type":"WebSite","@id":"https:\/\/www.doppeladler.com\/da\/#website","url":"https:\/\/www.doppeladler.com\/da\/","name":"DOPPELADLER.COM","description":"Plattform f\u00fcr \u00d6sterreichs Milit\u00e4rgeschichte","potentialAction":[{"@type":"SearchAction","target":{"@type":"EntryPoint","urlTemplate":"https:\/\/www.doppeladler.com\/da\/?s={search_term_string}"},"query-input":"required name=search_term_string"}],"inLanguage":"de"},{"@type":"Person","@id":"https:\/\/www.doppeladler.com\/da\/#\/schema\/person\/232b998b629b89b24a916becce3e9476","name":"Doppeladler","sameAs":["http:\/\/www.doppeladler.com"]}]}},"_links":{"self":[{"href":"https:\/\/www.doppeladler.com\/da\/wp-json\/wp\/v2\/posts\/15571"}],"collection":[{"href":"https:\/\/www.doppeladler.com\/da\/wp-json\/wp\/v2\/posts"}],"about":[{"href":"https:\/\/www.doppeladler.com\/da\/wp-json\/wp\/v2\/types\/post"}],"author":[{"embeddable":true,"href":"https:\/\/www.doppeladler.com\/da\/wp-json\/wp\/v2\/users\/1"}],"replies":[{"embeddable":true,"href":"https:\/\/www.doppeladler.com\/da\/wp-json\/wp\/v2\/comments?post=15571"}],"version-history":[{"count":2,"href":"https:\/\/www.doppeladler.com\/da\/wp-json\/wp\/v2\/posts\/15571\/revisions"}],"predecessor-version":[{"id":18785,"href":"https:\/\/www.doppeladler.com\/da\/wp-json\/wp\/v2\/posts\/15571\/revisions\/18785"}],"wp:featuredmedia":[{"embeddable":true,"href":"https:\/\/www.doppeladler.com\/da\/wp-json\/wp\/v2\/media\/15577"}],"wp:attachment":[{"href":"https:\/\/www.doppeladler.com\/da\/wp-json\/wp\/v2\/media?parent=15571"}],"wp:term":[{"taxonomy":"category","embeddable":true,"href":"https:\/\/www.doppeladler.com\/da\/wp-json\/wp\/v2\/categories?post=15571"},{"taxonomy":"post_tag","embeddable":true,"href":"https:\/\/www.doppeladler.com\/da\/wp-json\/wp\/v2\/tags?post=15571"}],"curies":[{"name":"wp","href":"https:\/\/api.w.org\/{rel}","templated":true}]}}