{"id":15497,"date":"2020-09-24T19:04:59","date_gmt":"2020-09-24T17:04:59","guid":{"rendered":"http:\/\/www.doppeladler.com\/da\/?p=15497"},"modified":"2024-10-18T12:47:19","modified_gmt":"2024-10-18T10:47:19","slug":"leonardo-aw169m-im-portrait","status":"publish","type":"post","link":"https:\/\/www.doppeladler.com\/da\/oebh\/leonardo-aw169m-im-portrait\/","title":{"rendered":"Leonardo Helicopters AW169M im Portrait"},"content":{"rendered":"\n<p>Der Leonardo Helicopters AW169M wird als Nachfolger der ALOUETTE III beim Bundesheer eingef\u00fchrt. Aus diesem Anlass stellen wir hier den Typ in einem Portrait vor. \u00dcber die Einf\u00fchrung und Verwendung des Hubschraubers beim Bundesheer informieren wir im Beitrag <a href=\"https:\/\/www.doppeladler.com\/da\/oebh\/leonardo-aw169m-fuer-das-bundesheer\/\">Leonardo AW169M f\u00fcr das Bundesheer<\/a>.<\/p>\n\n\n\n<h2 class=\"wp-block-heading\">TYPENBESCHREIBUNG<\/h2>\n\n\n\n<p>Der AW169M ist die neu entwickelte Milit\u00e4rversion des zivilen AW169, welcher gro\u00dfteils als Rettungshubschrauber, im Polizei- und Offshore-Bereich gekauft wird. Beim AW169M handelt sich um einen <strong>leichten bis mittleren Mehrzweckhubschrauber<\/strong> in der 4,6 Tonnen Klasse. Angetrieben wird der Hubschrauber von zwei Pratt &amp; Whitney Canada PW210A Triebwerken. Diese k\u00f6nnen aus Sicherheitsgr\u00fcnden auch 33 min lang trockenlaufen. Eine Besonderheit ist, dass das linke Triebwerk vom Rotor entkoppelt und am Boden zur Energieversorgung herangezogen werden kann (APU Modus). Ein 5-Blatt Rotor mit Drehschwingungsd\u00e4mpfern aus Elastomerwerkstoff sorgt f\u00fcr Auftrieb bei geringen Vibrationen. Bereits in der Zivilversion wurde auf \u201ehohe Absturzsicherheit\u201c von Rumpf, Treibstofftanks und den Sitzen geachtet.<\/p>\n\n\n\n<p>Der Hubschrauber ist f\u00fcr den Instrumentenflug geeignet (VFR\/IFR), Nacht- und Allwetter-tauglich. Er kann auch von nur einem Besatzungsmitglied geflogen werden. Das <strong>Cockpit <\/strong>von Rockwell-Collins ist um drei gro\u00dfe AMLCD Touch-Screens angeordnet und Nachtsichtbrillen-kompatibel.<\/p>\n\n\n\n<p>Der <strong>Innenraum <\/strong>des AW169M ist der bislang gr\u00f6\u00dfte seiner Klasse, frei von Hindernissen und kann daher leicht adaptiert werden. In der Kabine k\u00f6nnen bis zu 10 Passagiere oder 2 Krankentragen plus ein bis zu 4-k\u00f6pfiges \u00c4rzteteam bef\u00f6rdert werden. Diese Maximalzahlen werden im Normalbetrieb jedoch selten ausgenutzt. Der Zugang erfolgt \u00fcber zwei gro\u00dfz\u00fcgige Schiebet\u00fcren, die sich 1,6 m weit \u00f6ffnen.<\/p>\n\n\n<p><\/p>\n<div id=\"penci-post-gallery__88025\" class=\"penci-post-gallery-container justified column-3\" data-height=\"150\" data-margin=\"3\"><a class=\"penci-gallery-ite item-gallery-justified\" href=\"https:\/\/www.doppeladler.com\/da\/wp-content\/uploads\/2020\/09\/aw169-skids.jpg\" data-cap=\"Die Hubschrauber des Bundesheeres und der italienischen Heeresflieger werden voraussichtlich mit Kufenlandegestell ausgestattet. Hier der Prototyp I-AWCM des AW169 mit Kufen \u00a9 Simone Previdi\"><img decoding=\"async\" src=\"https:\/\/www.doppeladler.com\/da\/wp-content\/uploads\/2020\/09\/aw169-skids-585x390.jpg\" alt=\"Die Hubschrauber des Bundesheeres und der italienischen Heeresflieger werden voraussichtlich mit Kufenlandegestell ausgestattet. Hier der Prototyp I-AWCM des AW169 mit Kufen \u00a9 Simone Previdi\" title=\"Die Hubschrauber des Bundesheeres und der italienischen Heeresflieger werden voraussichtlich mit Kufenlandegestell ausgestattet. Hier der Prototyp I-AWCM des AW169 mit Kufen \u00a9 Simone Previdi\"><\/a><a class=\"penci-gallery-ite item-gallery-justified\" href=\"https:\/\/www.doppeladler.com\/da\/wp-content\/uploads\/2020\/09\/aw169-winde.jpg\" data-cap=\"AW169 bei einer Windenbergung im Gebirge \u00a9 Leonardo\"><img decoding=\"async\" src=\"https:\/\/www.doppeladler.com\/da\/wp-content\/uploads\/2020\/09\/aw169-winde-585x410.jpg\" alt=\"AW169 bei einer Windenbergung im Gebirge \u00a9 Leonardo\" title=\"AW169 bei einer Windenbergung im Gebirge \u00a9 Leonardo\"><\/a><a class=\"penci-gallery-ite item-gallery-justified\" href=\"https:\/\/www.doppeladler.com\/da\/wp-content\/uploads\/2020\/09\/aw169m-armed3.jpg\" data-cap=\"Mockup eines AW169M mit Bewaffnung und Selbstschutz \u00a9 Internet\"><img decoding=\"async\" src=\"https:\/\/www.doppeladler.com\/da\/wp-content\/uploads\/2020\/09\/aw169m-armed3-585x404.jpg\" alt=\"Mockup eines AW169M mit Bewaffnung und Selbstschutz \u00a9 Internet\" title=\"Mockup eines AW169M mit Bewaffnung und Selbstschutz \u00a9 Internet\"><\/a><a class=\"penci-gallery-ite item-gallery-justified\" href=\"https:\/\/www.doppeladler.com\/da\/wp-content\/uploads\/2020\/09\/cockpit.jpg\" data-cap=\"Cockpit von Rockwell-Collins einer zivilen AW169 \u00a9 Leonardo\"><img decoding=\"async\" src=\"https:\/\/www.doppeladler.com\/da\/wp-content\/uploads\/2020\/09\/cockpit-585x366.jpg\" alt=\"Cockpit von Rockwell-Collins einer zivilen AW169 \u00a9 Leonardo\" title=\"Cockpit von Rockwell-Collins einer zivilen AW169 \u00a9 Leonardo\"><\/a><a class=\"penci-gallery-ite item-gallery-justified\" href=\"https:\/\/www.doppeladler.com\/da\/wp-content\/uploads\/2020\/09\/interior1.jpg\" data-cap=\"Der gr\u00f6\u00dfte Innenraum seiner Klasse und ein Gep\u00e4ckabteil \u00a9 Leonardo\"><img decoding=\"async\" src=\"https:\/\/www.doppeladler.com\/da\/wp-content\/uploads\/2020\/09\/interior1-585x374.jpg\" alt=\"Der gr\u00f6\u00dfte Innenraum seiner Klasse und ein Gep\u00e4ckabteil \u00a9 Leonardo\" title=\"Der gr\u00f6\u00dfte Innenraum seiner Klasse und ein Gep\u00e4ckabteil \u00a9 Leonardo\"><\/a><a class=\"penci-gallery-ite item-gallery-justified\" href=\"https:\/\/www.doppeladler.com\/da\/wp-content\/uploads\/2020\/09\/aw169rettung.jpg\" data-cap=\"Ausstattungsvariante f\u00fcr AW169 Rettungshubschrauber \u00a9 Leonardo\"><img decoding=\"async\" src=\"https:\/\/www.doppeladler.com\/da\/wp-content\/uploads\/2020\/09\/aw169rettung-585x384.jpg\" alt=\"Ausstattungsvariante f\u00fcr AW169 Rettungshubschrauber \u00a9 Leonardo\" title=\"Ausstattungsvariante f\u00fcr AW169 Rettungshubschrauber \u00a9 Leonardo\"><\/a><\/div>\n\n\n<p>Der AW169M ist wahlweise mit <strong>R\u00e4derfahrwerk oder Kufenlandegestell<\/strong> erh\u00e4ltlich und kann mit umfangreicher Zusatz- und Missionsausstattung ausger\u00fcstet werden. Zum Schutz der Besatzung k\u00f6nnen ein ballistischer Schutz f\u00fcr das Cockpit und die Kabine, schusssichere Tanks und eine elektronische Selbstschutzanlage einger\u00fcstet werden.<\/p>\n\n\n\n<p>Erh\u00e4ltlich ist auch ein <strong>Full Ice Protection System (FIPS)<\/strong>, wodurch der AW169 zum weltweit ersten Helikopter unter f\u00fcnf Tonnen mit integrierter Enteisungsanlage wird. Mit diesem System sollten drei AW169 f\u00fcr die Schweizer Flugrettung REGA ausgestattet werden und deren Allwettertauglichkeit im Hochgebirge deutlich verbessern. Allerdings f\u00fchrte das hohe Gewicht des Systems dazu, dass die vertraglich geforderte Leistung nicht erreicht und die REGA-Bestellung storniert wurde.<\/p>\n\n\n\n<h2 class=\"wp-block-heading\">TECHNISCHE DATEN<\/h2>\n\n\n\n<p><strong>Leermasse<\/strong>: ca. 2.800 kg (ohne Zusatzausstattung)<br><strong>Maximales Abfluggewicht<\/strong>: 4.600 kg \/ Option auf 4.800 kg; in Diskussion 5.100 kg<br><strong>Nutzlast<\/strong>: 1.800 kg \/ Option auf 2.000 kg<br><strong>Abmessungen <\/strong>bei laufendem Rotor: L\u00e4nge \u00fc.a.: 14,65 m (Rumpfl\u00e4nge: 12,19 m) \/ Breite \u00fc.a.: 4,50 m<br><strong>Innenraum<\/strong>: L: 2,77 m \/ B: 2,05 m \/ H: 1,32 m \/ Zus\u00e4tzlicher Gep\u00e4ckraum: 1,4 m\u00b3<br><strong>Triebwerke<\/strong>: 2 x Pratt &amp; Whitney PW210A mit je 826 kW bzw. 1124 PS; volldigitaler 2-Kanal Triebwerksregler FADEC (Full Authority Digital Electronic Control)<br><strong>Rotoren<\/strong>: Hauptrotor: 5-Blatt-Rotor; Durchmesser: 12,12 m \/ Heckrotordurchmesser 2,40 m<br><strong>Geschwindigkeit<\/strong>: maximale Reisegeschwindigkeit: 268 km\/h \/ H\u00f6chstgeschwindigkeit: 306 km\/h<br><strong>Reichweite<\/strong>: 820 km \/ max. Einsatzdauer: 4 h 20 min<br><strong>Dienstgipfelh\u00f6he<\/strong>: 4.500 m (hovering in ground effect HIGE: \u00fcber 4.400 m \/ hovering out of ground effect HOGE: \u00fcber 3.350 m)<br><strong>Besatzung<\/strong>: 2 + 8 bis 10 Passagiere oder max. 2 Tragen + 4 Personen oder 1 Trage + max. 5 Personen<br><strong>Ausstattung<\/strong>: 4-Achsen Autopilot mit \u201eHover-Automatik\u201c<\/p>\n\n\n<div class=\"wp-block-image\">\n<figure class=\"aligncenter size-large is-resized\"><img fetchpriority=\"high\" decoding=\"async\" src=\"https:\/\/www.doppeladler.com\/da\/wp-content\/uploads\/2020\/09\/vergleich.jpg\" alt=\"Der AW169M im Vergleich \u00a9 Doppeladler.com\" class=\"wp-image-15520\" width=\"643\" height=\"210\" srcset=\"https:\/\/www.doppeladler.com\/da\/wp-content\/uploads\/2020\/09\/vergleich.jpg 681w, https:\/\/www.doppeladler.com\/da\/wp-content\/uploads\/2020\/09\/vergleich-300x98.jpg 300w, https:\/\/www.doppeladler.com\/da\/wp-content\/uploads\/2020\/09\/vergleich-585x191.jpg 585w\" sizes=\"(max-width: 643px) 100vw, 643px\" \/><figcaption class=\"wp-element-caption\">Der AW169M im Vergleich \u00a9 Doppeladler.com<\/figcaption><\/figure><\/div>\n\n\n<h2 class=\"wp-block-heading\">ENTWICKLUNG<\/h2>\n\n\n<div class=\"wp-block-image\">\n<figure class=\"alignleft size-large is-resized\"><a href=\"https:\/\/www.doppeladler.com\/da\/wp-content\/uploads\/2020\/09\/maiden-1.jpg\" data-rel=\"penci-gallery-image-content\" ><img decoding=\"async\" src=\"https:\/\/www.doppeladler.com\/da\/wp-content\/uploads\/2020\/09\/maiden-1-1281x1024.jpg\" alt=\"Der Erstflug am 10. Mai 2012 \u00a9 Leonardo\" class=\"wp-image-15499\" width=\"308\" height=\"246\" srcset=\"https:\/\/www.doppeladler.com\/da\/wp-content\/uploads\/2020\/09\/maiden-1-1281x1024.jpg 1281w, https:\/\/www.doppeladler.com\/da\/wp-content\/uploads\/2020\/09\/maiden-1-300x240.jpg 300w, https:\/\/www.doppeladler.com\/da\/wp-content\/uploads\/2020\/09\/maiden-1-768x614.jpg 768w, https:\/\/www.doppeladler.com\/da\/wp-content\/uploads\/2020\/09\/maiden-1-1536x1228.jpg 1536w, https:\/\/www.doppeladler.com\/da\/wp-content\/uploads\/2020\/09\/maiden-1-1170x935.jpg 1170w, https:\/\/www.doppeladler.com\/da\/wp-content\/uploads\/2020\/09\/maiden-1-585x468.jpg 585w, https:\/\/www.doppeladler.com\/da\/wp-content\/uploads\/2020\/09\/maiden-1.jpg 1600w\" sizes=\"(max-width: 308px) 100vw, 308px\" \/><\/a><figcaption class=\"wp-element-caption\">Der Erstflug am 10. Mai 2012 \u00a9 Leonardo<\/figcaption><\/figure><\/div>\n\n\n<p>Die <strong>Zivilversion AW169<\/strong> wurde am 19. Juli 2010 auf der 47. Farnborough International Airshow von AgustaWestland (heute Leonardo Helicopters) der \u00d6ffentlichkeit vorgestellt.<br>Einem Familiengedanken folgend wurde eine hohe technische \u00dcbereinstimmung mit den gr\u00f6\u00dferen Modellen AW139 und AW189 angestrebt. Am 10. Mai 2012 erfolgte der Erstflug des Prototypen im Werk Cascina Costa beim Flughafen Mailand-Malpensa nordwestlich von Mailand. Am 15. Juli 2015 erfolgte die Typenzulassung durch die European Aviation Safety Agency (EASA). Noch im September 2015 erfolgte die Auslieferung des ersten Hubschraubers. Im November 2019 waren bereits 90 Maschinen ausgeliefert. 300 Bestellungen von 80 Kunden aus 30 L\u00e4ndern lagen bis zu diesem Zeitpunkt vor.<\/p>\n\n\n\n<p>Eine Milit\u00e4rversion war bereits fr\u00fch vorgesehen: Mit dem AW169 AAS bewarb sich Leonardo um die OH-58 Kiowa Nachfolge bei der US Army. Das Armed Aerial Scout (AAS) Programm wurde allerdings 2013 eingestellt. Die eigentliche <strong>Milit\u00e4rversion AW169M<\/strong> erhielt die milit\u00e4rische Zulassung im September 2019. Erstkunde f\u00fcr die AW169M \/ UH-169A war die Guardia di Finanza, die italienische Finanzpolizei, welche die erste Maschine am 12. November 2019 erhielt. Weitere 21 Exemplare sollen bis 2024 ausgeliefert werden.<\/p>\n\n\n\n<p>Der Erfolg der Milit\u00e4rversion am Heimatmarkt steht bereits fest, denn am 10. September 2019 wurde die Version AW169MA (Multiruolo Avanzato, Multirole Advanced) im <strong>Light Utility Helicopter (LUH)<\/strong> Programm ausgew\u00e4hlt, die leichten und mittleren Hubschrauber der italienischen Heeresflieger (A109, AB205, AB206, AB212 und AB412) zu ersetzen. Die vorgesehene Nutzung umfasst Verbindungs- und Transportaufgaben, Such- und Rettungseins\u00e4tze und bewaffnete Aufkl\u00e4rung. Die Hubschrauber werden mit Kufen ausgestattet. Zwei Maschinen f\u00fcr die Ausbildung und die ersten 15 AW169MA wurden bereits bestellt. Am 10. Juli 2020 wurde die erste Schulungsmaschine (mit R\u00e4derfahrwerk) mit der Bezeichnung UH-169B an die Esercito Italiano ausgeliefert. An das LUH Programm h\u00e4ngt sich \u00d6sterreich nun an.<\/p>\n\n\n<div id=\"penci-post-gallery__92874\" class=\"penci-post-gallery-container justified column-3\" data-height=\"150\" data-margin=\"3\"><a class=\"penci-gallery-ite item-gallery-justified\" href=\"https:\/\/www.doppeladler.com\/da\/wp-content\/uploads\/2020\/09\/uh169b.jpg\" data-cap=\"\u00dcbergabe des ersten AW169M (UH-169B) an die Esercito Italiano \u00a9 Leonardo\"><img decoding=\"async\" src=\"https:\/\/www.doppeladler.com\/da\/wp-content\/uploads\/2020\/09\/uh169b-585x451.jpg\" alt=\"\u00dcbergabe des ersten AW169M (UH-169B) an die Esercito Italiano \u00a9 Leonardo\" title=\"\u00dcbergabe des ersten AW169M (UH-169B) an die Esercito Italiano \u00a9 Leonardo\"><\/a><a class=\"penci-gallery-ite item-gallery-justified\" href=\"https:\/\/www.doppeladler.com\/da\/wp-content\/uploads\/2020\/09\/leonardo-1.jpg\" data-cap=\"AW169M \/ UH-169A der Guardia di Finanza \u00a9 Doppeladler.com\"><img decoding=\"async\" src=\"https:\/\/www.doppeladler.com\/da\/wp-content\/uploads\/2020\/09\/leonardo-1-585x390.jpg\" alt=\"AW169M \/ UH-169A der Guardia di Finanza \u00a9 Doppeladler.com\" title=\"AW169M \/ UH-169A der Guardia di Finanza \u00a9 Doppeladler.com\"><\/a><a class=\"penci-gallery-ite item-gallery-justified\" href=\"https:\/\/www.doppeladler.com\/da\/wp-content\/uploads\/2020\/09\/aw169m-armed2.jpg\" data-cap=\"Konzeptgrafik f\u00fcr einen bewaffneten AW169M \u00a9 Leonardo\"><img decoding=\"async\" src=\"https:\/\/www.doppeladler.com\/da\/wp-content\/uploads\/2020\/09\/aw169m-armed2-585x414.jpg\" alt=\"Konzeptgrafik f\u00fcr einen bewaffneten AW169M \u00a9 Leonardo\" title=\"Konzeptgrafik f\u00fcr einen bewaffneten AW169M \u00a9 Leonardo\"><\/a><\/div>\n\n\n<h2 class=\"wp-block-heading\">LEONARDO S.p.A.<\/h2>\n\n\n\n<p>Der italienische Luft-, Raumfahrt und R\u00fcstungskonzern Leonardo S.p.A. ist in \u00d6sterreich bisher noch nicht einer breiten \u00d6ffentlichkeit bekannt. Leonardo (fr\u00fcher Finmeccanica) vereint mittlerweile den Hubschrauberkonzern AgustaWestland, das Flugzeugbauunternehmen Alenia Aermacchi, das R\u00fcstungs- und Elektronikunternehmen Selex ES sowie die R\u00fcstungsunternehmen Oto Melara und Whitehead Alenia Sistemi Subacquei unter einem Dach. Leonardo ist ein weltweit f\u00fchrender Hubschrauber-Produzent und baut am Eurofighter Typhoon und der Lockheed Martin F-35 mit. Leonardo ist der Hersteller der RAT 31DL Radarger\u00e4te der Goldhaube sowie der beim Bundesheer verwendeten Hubschrauber Agusta Bell AB-212 (au\u00dferdem: AB-206A Jet Ranger, AB-204).<\/p>\n\n\n\n<figure class=\"wp-block-embed is-type-video is-provider-youtube wp-block-embed-youtube wp-embed-aspect-16-9 wp-has-aspect-ratio\"><div class=\"wp-block-embed__wrapper\">\n<iframe title=\"AW169 EMS - Valle d&#039;Aosta Rescue Mission\" width=\"1170\" height=\"658\" src=\"https:\/\/www.youtube.com\/embed\/CG6AmSgW1JA?feature=oembed\" frameborder=\"0\" allow=\"accelerometer; autoplay; clipboard-write; encrypted-media; gyroscope; picture-in-picture; web-share\" allowfullscreen><\/iframe>\n<\/div><figcaption class=\"wp-element-caption\">Video_ AW169 bei einer Windenbergung<\/figcaption><\/figure>\n\n\n<div class=\"wp-block-image\">\n<figure class=\"alignleft size-large\"><img decoding=\"async\" width=\"300\" height=\"200\" src=\"https:\/\/www.doppeladler.com\/da\/wp-content\/uploads\/2020\/09\/mini.jpg\" alt=\"AW169M \u00a9 Esercito Italiano\" class=\"wp-image-15545\" srcset=\"https:\/\/www.doppeladler.com\/da\/wp-content\/uploads\/2020\/09\/mini.jpg 300w, https:\/\/www.doppeladler.com\/da\/wp-content\/uploads\/2020\/09\/mini-263x175.jpg 263w\" sizes=\"(max-width: 300px) 100vw, 300px\" \/><\/figure><\/div>\n\n\n<p><a href=\"https:\/\/www.doppeladler.com\/da\/oebh\/leonardo-aw169m-fuer-das-bundesheer\/\"><strong>Weiter zum Beitrag \u00fcber die Einf\u00fchrung des AW169M beim Bundesheer<\/strong>.<\/a><\/p>\n\n\n\n<div style=\"height:20px\" aria-hidden=\"true\" class=\"wp-block-spacer\"><\/div>\n\n\n\n<p><strong>Weiterf\u00fchrende Links:<\/strong><\/p>\n\n\n\n<ul>\n<li><a rel=\"noreferrer noopener\" href=\"https:\/\/www.leonardocompany.com\/en\/products\/aw169m\" target=\"_blank\">Produktwebsite AW169M von Leonardo; 21.09.2020<\/a><\/li>\n\n\n\n<li><a rel=\"noreferrer noopener\" href=\"http:\/\/www.esercito.difesa.it\/comunicazione\/Pagine\/Esercito-prende-forma-il-nuovo-Light-Utility-Helicopter200716.aspx\" target=\"_blank\">Esercito: prende forma il nuovo Light Utility Helicopter (LUH); esercito.difesa.it; 16.07.2020<\/a><\/li>\n\n\n\n<li><a href=\"https:\/\/www.defense-aerospace.com\/articles-view\/release\/3\/210692\/italy-approves-%E2%82%AC337m-order-for-aw169ma-multirole-helicopters%3B-contract-to-follow.html\" target=\"_blank\" rel=\"noreferrer noopener\">Italy to Order 15 AW169MA Multirole Helicopters for Army; Defense-Aerospace.com; 20.04.2020<\/a><\/li>\n<\/ul>\n\n\n\n<p>Titelbild: Leonardo Helicopters AW169M \/ UH-169B \u00a9 Esercito Italiano<\/p>\n","protected":false},"excerpt":{"rendered":"<p>Der Leonardo Helicopters AW169M wird beim Bundesheer eingef\u00fchrt. Aus diesem Anlass stellen wir den Typ in einem Portrait vor.<\/p>\n","protected":false},"author":1,"featured_media":15502,"comment_status":"closed","ping_status":"open","sticky":false,"template":"","format":"standard","meta":{"footnotes":""},"categories":[3,99],"tags":[869,1030,1029,303],"yoast_head":"<!-- This site is optimized with the Yoast SEO plugin v23.3 - https:\/\/yoast.com\/wordpress\/plugins\/seo\/ -->\n<title>Leonardo Helicopters AW169M im Portrait | DOPPELADLER.COM<\/title>\n<meta name=\"description\" content=\"Der Leonardo Helicopters AW169M wird beim Bundesheer eingef\u00fchrt. Aus diesem Anlass stellen wir den Typ in einem Portrait vor.\" \/>\n<meta name=\"robots\" content=\"index, follow, max-snippet:-1, max-image-preview:large, max-video-preview:-1\" \/>\n<link rel=\"canonical\" href=\"https:\/\/www.doppeladler.com\/da\/oebh\/leonardo-aw169m-im-portrait\/\" \/>\n<meta name=\"twitter:label1\" content=\"Verfasst von\" \/>\n\t<meta name=\"twitter:data1\" content=\"Doppeladler\" \/>\n\t<meta name=\"twitter:label2\" content=\"Gesch\u00e4tzte Lesezeit\" \/>\n\t<meta name=\"twitter:data2\" content=\"6\u00a0Minuten\" \/>\n<script type=\"application\/ld+json\" class=\"yoast-schema-graph\">{\"@context\":\"https:\/\/schema.org\",\"@graph\":[{\"@type\":\"WebPage\",\"@id\":\"https:\/\/www.doppeladler.com\/da\/oebh\/leonardo-aw169m-im-portrait\/\",\"url\":\"https:\/\/www.doppeladler.com\/da\/oebh\/leonardo-aw169m-im-portrait\/\",\"name\":\"Leonardo Helicopters AW169M im Portrait | DOPPELADLER.COM\",\"isPartOf\":{\"@id\":\"https:\/\/www.doppeladler.com\/da\/#website\"},\"primaryImageOfPage\":{\"@id\":\"https:\/\/www.doppeladler.com\/da\/oebh\/leonardo-aw169m-im-portrait\/#primaryimage\"},\"image\":{\"@id\":\"https:\/\/www.doppeladler.com\/da\/oebh\/leonardo-aw169m-im-portrait\/#primaryimage\"},\"thumbnailUrl\":\"https:\/\/www.doppeladler.com\/da\/wp-content\/uploads\/2020\/09\/uh169b-2.jpg\",\"datePublished\":\"2020-09-24T17:04:59+00:00\",\"dateModified\":\"2024-10-18T10:47:19+00:00\",\"author\":{\"@id\":\"https:\/\/www.doppeladler.com\/da\/#\/schema\/person\/232b998b629b89b24a916becce3e9476\"},\"description\":\"Der Leonardo Helicopters AW169M wird beim Bundesheer eingef\u00fchrt. Aus diesem Anlass stellen wir den Typ in einem Portrait vor.\",\"breadcrumb\":{\"@id\":\"https:\/\/www.doppeladler.com\/da\/oebh\/leonardo-aw169m-im-portrait\/#breadcrumb\"},\"inLanguage\":\"de\",\"potentialAction\":[{\"@type\":\"ReadAction\",\"target\":[\"https:\/\/www.doppeladler.com\/da\/oebh\/leonardo-aw169m-im-portrait\/\"]}]},{\"@type\":\"ImageObject\",\"inLanguage\":\"de\",\"@id\":\"https:\/\/www.doppeladler.com\/da\/oebh\/leonardo-aw169m-im-portrait\/#primaryimage\",\"url\":\"https:\/\/www.doppeladler.com\/da\/wp-content\/uploads\/2020\/09\/uh169b-2.jpg\",\"contentUrl\":\"https:\/\/www.doppeladler.com\/da\/wp-content\/uploads\/2020\/09\/uh169b-2.jpg\",\"width\":2000,\"height\":1333,\"caption\":\"Leonardo Helicopters AW169M \/ UH-169B \u00a9 Esercito Italiano\"},{\"@type\":\"BreadcrumbList\",\"@id\":\"https:\/\/www.doppeladler.com\/da\/oebh\/leonardo-aw169m-im-portrait\/#breadcrumb\",\"itemListElement\":[{\"@type\":\"ListItem\",\"position\":1,\"name\":\"Startseite\",\"item\":\"https:\/\/www.doppeladler.com\/da\/\"},{\"@type\":\"ListItem\",\"position\":2,\"name\":\"Leonardo Helicopters AW169M im Portrait\"}]},{\"@type\":\"WebSite\",\"@id\":\"https:\/\/www.doppeladler.com\/da\/#website\",\"url\":\"https:\/\/www.doppeladler.com\/da\/\",\"name\":\"DOPPELADLER.COM\",\"description\":\"Plattform f\u00fcr \u00d6sterreichs Milit\u00e4rgeschichte\",\"potentialAction\":[{\"@type\":\"SearchAction\",\"target\":{\"@type\":\"EntryPoint\",\"urlTemplate\":\"https:\/\/www.doppeladler.com\/da\/?s={search_term_string}\"},\"query-input\":\"required name=search_term_string\"}],\"inLanguage\":\"de\"},{\"@type\":\"Person\",\"@id\":\"https:\/\/www.doppeladler.com\/da\/#\/schema\/person\/232b998b629b89b24a916becce3e9476\",\"name\":\"Doppeladler\",\"sameAs\":[\"http:\/\/www.doppeladler.com\"]}]}<\/script>\n<!-- \/ Yoast SEO plugin. -->","yoast_head_json":{"title":"Leonardo Helicopters AW169M im Portrait | DOPPELADLER.COM","description":"Der Leonardo Helicopters AW169M wird beim Bundesheer eingef\u00fchrt. Aus diesem Anlass stellen wir den Typ in einem Portrait vor.","robots":{"index":"index","follow":"follow","max-snippet":"max-snippet:-1","max-image-preview":"max-image-preview:large","max-video-preview":"max-video-preview:-1"},"canonical":"https:\/\/www.doppeladler.com\/da\/oebh\/leonardo-aw169m-im-portrait\/","twitter_misc":{"Verfasst von":"Doppeladler","Gesch\u00e4tzte Lesezeit":"6\u00a0Minuten"},"schema":{"@context":"https:\/\/schema.org","@graph":[{"@type":"WebPage","@id":"https:\/\/www.doppeladler.com\/da\/oebh\/leonardo-aw169m-im-portrait\/","url":"https:\/\/www.doppeladler.com\/da\/oebh\/leonardo-aw169m-im-portrait\/","name":"Leonardo Helicopters AW169M im Portrait | DOPPELADLER.COM","isPartOf":{"@id":"https:\/\/www.doppeladler.com\/da\/#website"},"primaryImageOfPage":{"@id":"https:\/\/www.doppeladler.com\/da\/oebh\/leonardo-aw169m-im-portrait\/#primaryimage"},"image":{"@id":"https:\/\/www.doppeladler.com\/da\/oebh\/leonardo-aw169m-im-portrait\/#primaryimage"},"thumbnailUrl":"https:\/\/www.doppeladler.com\/da\/wp-content\/uploads\/2020\/09\/uh169b-2.jpg","datePublished":"2020-09-24T17:04:59+00:00","dateModified":"2024-10-18T10:47:19+00:00","author":{"@id":"https:\/\/www.doppeladler.com\/da\/#\/schema\/person\/232b998b629b89b24a916becce3e9476"},"description":"Der Leonardo Helicopters AW169M wird beim Bundesheer eingef\u00fchrt. Aus diesem Anlass stellen wir den Typ in einem Portrait vor.","breadcrumb":{"@id":"https:\/\/www.doppeladler.com\/da\/oebh\/leonardo-aw169m-im-portrait\/#breadcrumb"},"inLanguage":"de","potentialAction":[{"@type":"ReadAction","target":["https:\/\/www.doppeladler.com\/da\/oebh\/leonardo-aw169m-im-portrait\/"]}]},{"@type":"ImageObject","inLanguage":"de","@id":"https:\/\/www.doppeladler.com\/da\/oebh\/leonardo-aw169m-im-portrait\/#primaryimage","url":"https:\/\/www.doppeladler.com\/da\/wp-content\/uploads\/2020\/09\/uh169b-2.jpg","contentUrl":"https:\/\/www.doppeladler.com\/da\/wp-content\/uploads\/2020\/09\/uh169b-2.jpg","width":2000,"height":1333,"caption":"Leonardo Helicopters AW169M \/ UH-169B \u00a9 Esercito Italiano"},{"@type":"BreadcrumbList","@id":"https:\/\/www.doppeladler.com\/da\/oebh\/leonardo-aw169m-im-portrait\/#breadcrumb","itemListElement":[{"@type":"ListItem","position":1,"name":"Startseite","item":"https:\/\/www.doppeladler.com\/da\/"},{"@type":"ListItem","position":2,"name":"Leonardo Helicopters AW169M im Portrait"}]},{"@type":"WebSite","@id":"https:\/\/www.doppeladler.com\/da\/#website","url":"https:\/\/www.doppeladler.com\/da\/","name":"DOPPELADLER.COM","description":"Plattform f\u00fcr \u00d6sterreichs Milit\u00e4rgeschichte","potentialAction":[{"@type":"SearchAction","target":{"@type":"EntryPoint","urlTemplate":"https:\/\/www.doppeladler.com\/da\/?s={search_term_string}"},"query-input":"required name=search_term_string"}],"inLanguage":"de"},{"@type":"Person","@id":"https:\/\/www.doppeladler.com\/da\/#\/schema\/person\/232b998b629b89b24a916becce3e9476","name":"Doppeladler","sameAs":["http:\/\/www.doppeladler.com"]}]}},"_links":{"self":[{"href":"https:\/\/www.doppeladler.com\/da\/wp-json\/wp\/v2\/posts\/15497"}],"collection":[{"href":"https:\/\/www.doppeladler.com\/da\/wp-json\/wp\/v2\/posts"}],"about":[{"href":"https:\/\/www.doppeladler.com\/da\/wp-json\/wp\/v2\/types\/post"}],"author":[{"embeddable":true,"href":"https:\/\/www.doppeladler.com\/da\/wp-json\/wp\/v2\/users\/1"}],"replies":[{"embeddable":true,"href":"https:\/\/www.doppeladler.com\/da\/wp-json\/wp\/v2\/comments?post=15497"}],"version-history":[{"count":1,"href":"https:\/\/www.doppeladler.com\/da\/wp-json\/wp\/v2\/posts\/15497\/revisions"}],"predecessor-version":[{"id":17949,"href":"https:\/\/www.doppeladler.com\/da\/wp-json\/wp\/v2\/posts\/15497\/revisions\/17949"}],"wp:featuredmedia":[{"embeddable":true,"href":"https:\/\/www.doppeladler.com\/da\/wp-json\/wp\/v2\/media\/15502"}],"wp:attachment":[{"href":"https:\/\/www.doppeladler.com\/da\/wp-json\/wp\/v2\/media?parent=15497"}],"wp:term":[{"taxonomy":"category","embeddable":true,"href":"https:\/\/www.doppeladler.com\/da\/wp-json\/wp\/v2\/categories?post=15497"},{"taxonomy":"post_tag","embeddable":true,"href":"https:\/\/www.doppeladler.com\/da\/wp-json\/wp\/v2\/tags?post=15497"}],"curies":[{"name":"wp","href":"https:\/\/api.w.org\/{rel}","templated":true}]}}