{"id":13166,"date":"2019-01-17T11:48:28","date_gmt":"2019-01-17T10:48:28","guid":{"rendered":"http:\/\/www.doppeladler.com\/da\/?p=13166"},"modified":"2019-10-09T11:22:34","modified_gmt":"2019-10-09T09:22:34","slug":"uebergabe-pandur-evo","status":"publish","type":"post","link":"https:\/\/www.doppeladler.com\/da\/oebh\/uebergabe-pandur-evo\/","title":{"rendered":"\u00dcbergabe PANDUR EVO"},"content":{"rendered":"\n<p>Am 14. J\u00e4nner 2019 wurden die ersten f\u00fcnf\nMannschaftstransportpanzer PANDUR EVO (\u201eEvolution\u201c) von GDELS Steyr aus Wien-Simmering\nan das J\u00e4gerbataillon 17 in Stra\u00df \u00fcbergeben.<\/p>\n\n\n\n<p><a href=\"https:\/\/www.doppeladler.com\/da\/news\/projektstart-pandur-evo\/\">Wie berichtet<\/a>, handelt es sich beim PANDUR EVO um eine stark weiterentwickelte Version des beim Bundesheer ab 1996 eingef\u00fchrten Fahrzeugs. Der PANDUR EVO bietet vor allem ein hohes Schutzniveau gegen Minentreffer und Beschuss. Der implementierte Schutzlevel ist vertraulich, soll aber \u00fcber jenem des DINGO 2 liegen. Dar\u00fcber hinaus bietet der EVO mehr Platz im Innenraum, mehr Fahrsicherheit (Anti-Blockier-System), eine ABC-Anlage sowie eine leistungsf\u00e4higere Elektronik.<\/p>\n\n\n\n<p>Laut aktueller Planung werden dieser Einheit alle 34 bestellten PANDUR EVO zugeteilt. Der Zulauf soll bis Mitte 2020 abgeschlossen sein<\/p>\n\n\n\n<h2 class=\"wp-block-heading\">BILDER VON DER \u00dcBERGABE<\/h2>\n\n\n<div id=\"penci-post-gallery__68216\" class=\"penci-post-gallery-container justified column-3\" data-height=\"150\" data-margin=\"3\"><a class=\"penci-gallery-ite item-gallery-justified\" href=\"https:\/\/www.doppeladler.com\/da\/wp-content\/uploads\/2019\/01\/evo-8.jpg\" data-cap=\"Die ersten 5 PANDUR EVO (&quot;Evolution&quot;) wurden an das J\u00e4gerbataillon 17 \u00fcbergeben \u00a9 Bundesheer\"><img decoding=\"async\" src=\"https:\/\/www.doppeladler.com\/da\/wp-content\/uploads\/2019\/01\/evo-8.jpg\" alt=\"Die ersten 5 PANDUR EVO (&quot;Evolution&quot;) wurden an das J\u00e4gerbataillon 17 \u00fcbergeben \u00a9 Bundesheer\" title=\"Die ersten 5 PANDUR EVO (&#8222;Evolution&#8220;) wurden an das J\u00e4gerbataillon 17 \u00fcbergeben \u00a9 Bundesheer\"><\/a><a class=\"penci-gallery-ite item-gallery-justified\" href=\"https:\/\/www.doppeladler.com\/da\/wp-content\/uploads\/2019\/01\/evo-1.jpg\" data-cap=\"Die PANDUR EVO werden von GDELS Steyr in Wien-Simmering gefertigt \u00a9 Bundesheer\"><img decoding=\"async\" src=\"https:\/\/www.doppeladler.com\/da\/wp-content\/uploads\/2019\/01\/evo-1.jpg\" alt=\"Die PANDUR EVO werden von GDELS Steyr in Wien-Simmering gefertigt \u00a9 Bundesheer\" title=\"Die PANDUR EVO werden von GDELS Steyr in Wien-Simmering gefertigt \u00a9 Bundesheer\"><\/a><a class=\"penci-gallery-ite item-gallery-justified\" href=\"https:\/\/www.doppeladler.com\/da\/wp-content\/uploads\/2019\/01\/evo-2.jpg\" data-cap=\"Festakt zur \u00dcbergabe der PANDUR EVO \u00a9 Bundesheer\"><img decoding=\"async\" src=\"https:\/\/www.doppeladler.com\/da\/wp-content\/uploads\/2019\/01\/evo-2.jpg\" alt=\"Festakt zur \u00dcbergabe der PANDUR EVO \u00a9 Bundesheer\" title=\"Festakt zur \u00dcbergabe der PANDUR EVO \u00a9 Bundesheer\"><\/a><a class=\"penci-gallery-ite item-gallery-justified\" href=\"https:\/\/www.doppeladler.com\/da\/wp-content\/uploads\/2019\/01\/evo-3.jpg\" data-cap=\"Mannschaftstransportpanzer PANDUR EVO \u00a9 Bundesheer\"><img decoding=\"async\" src=\"https:\/\/www.doppeladler.com\/da\/wp-content\/uploads\/2019\/01\/evo-3.jpg\" alt=\"Mannschaftstransportpanzer PANDUR EVO \u00a9 Bundesheer\" title=\"Mannschaftstransportpanzer PANDUR EVO \u00a9 Bundesheer\"><\/a><a class=\"penci-gallery-ite item-gallery-justified\" href=\"https:\/\/www.doppeladler.com\/da\/wp-content\/uploads\/2019\/01\/evo-4.jpg\" data-cap=\"Verteidigungsminister Kunasek mit GDELS Steyr Gesch\u00e4ftsf\u00fchrer Martin Reischer \u00a9 Bundesheer\"><img decoding=\"async\" src=\"https:\/\/www.doppeladler.com\/da\/wp-content\/uploads\/2019\/01\/evo-4.jpg\" alt=\"Verteidigungsminister Kunasek mit GDELS Steyr Gesch\u00e4ftsf\u00fchrer Martin Reischer \u00a9 Bundesheer\" title=\"Verteidigungsminister Kunasek mit GDELS Steyr Gesch\u00e4ftsf\u00fchrer Martin Reischer \u00a9 Bundesheer\"><\/a><a class=\"penci-gallery-ite item-gallery-justified\" href=\"https:\/\/www.doppeladler.com\/da\/wp-content\/uploads\/2019\/01\/evo-5.jpg\" data-cap=\"Festakt zur \u00dcbergabe der PANDUR EVO \u00a9 Bundesheer\"><img decoding=\"async\" src=\"https:\/\/www.doppeladler.com\/da\/wp-content\/uploads\/2019\/01\/evo-5.jpg\" alt=\"Festakt zur \u00dcbergabe der PANDUR EVO \u00a9 Bundesheer\" title=\"Festakt zur \u00dcbergabe der PANDUR EVO \u00a9 Bundesheer\"><\/a><a class=\"penci-gallery-ite item-gallery-justified\" href=\"https:\/\/www.doppeladler.com\/da\/wp-content\/uploads\/2019\/01\/evo-6.jpg\" data-cap=\"Schl\u00fcssel\u00fcbergabe \u00a9 Bundesheer\"><img decoding=\"async\" src=\"https:\/\/www.doppeladler.com\/da\/wp-content\/uploads\/2019\/01\/evo-6.jpg\" alt=\"Schl\u00fcssel\u00fcbergabe \u00a9 Bundesheer\" title=\"Schl\u00fcssel\u00fcbergabe \u00a9 Bundesheer\"><\/a><a class=\"penci-gallery-ite item-gallery-justified\" href=\"https:\/\/www.doppeladler.com\/da\/wp-content\/uploads\/2019\/01\/evo-7.jpg\" data-cap=\"Mannschaftstransportpanzer PANDUR EVO \u00a9 Bundesheer\"><img decoding=\"async\" src=\"https:\/\/www.doppeladler.com\/da\/wp-content\/uploads\/2019\/01\/evo-7.jpg\" alt=\"Mannschaftstransportpanzer PANDUR EVO \u00a9 Bundesheer\" title=\"Mannschaftstransportpanzer PANDUR EVO \u00a9 Bundesheer\"><\/a><\/div>\n\n\n<h2 class=\"wp-block-heading\"><strong>K\u00dcNFTIGE PANDUR FLOTTE<\/strong><\/h2>\n\n\n\n<p>Die bestehenden PANDUR A2 werden auf die &nbsp;J\u00e4gerbataillone 19 (G\u00fcssing) und 33 (Zw\u00f6lfaxing) aufgeteilt. Damit sind die Radpanzer in der 3. J\u00e4gerbrigade (Brigade Schnelle Kr\u00e4fte) konzentriert.<br> Wenn der letzte PANDUR EVO wie geplant Mitte 2020 ausgeliefert worden ist, sollen 108 Mannschaftstransportpanter mit der Waffenstation WS4 Panther von ESL AIT sowie 4 gesch\u00fctzte Sanit\u00e4tsfahrzeuge SAN-PANDUR vorhanden sein.<\/p>\n\n\n\n<p>34 PANDUR EVO Neubeschaffung (Zulauf ab 2019)<br>68 PANDUR A2 als PANDUR MTPZ\/UN 1994 bestellt, Zulauf ab 1996<br>  6 PANDUR A2 wurden 2016 gebraucht aus belgischen Best\u00e4nden erworben<br><strong>108 Mannschaftstransportpanzer<\/strong><\/p>\n\n\n\n<p>3 SAN-PANDUR gesch\u00fctzte Sanit\u00e4tsfahrzeuge (Zulauf 2003)<br>1 SAN-PANDUR wurde 2016 gebraucht aus belgischen Best\u00e4nden erworben<br><strong>4 SAN-PANDUR gesch\u00fctzte Sanit\u00e4tsfahrzeuge<\/strong><\/p>\n\n\n\n<p>F\u00fcr die bestehende Flotte an Mannschaftstransportpanzern PANDUR A2 erhielt der Schweizer R\u00fcstungskonzern RUAG Defence bereits im Jahr 2015 einen Auftrag zur Entwicklung einer Zusatzpanzerung und eines Minenschutzes (<a href=\"https:\/\/www.doppeladler.com\/da\/oebh\/ruag-panzert-pandur\/\">Wir berichteten<\/a>). Im Stammwerk GDELS Steyr k\u00fcmmert man sich in Kooperation mit dem Amt f\u00fcr R\u00fcstung und Wehrtechnik (ARWT) um die Anpassung von Fahrwerk und Bremsanlage an das dadurch erforderliche neue h\u00f6chstzul\u00e4ssige Gesamtgewicht des Fahrzeuges. Um dieses Upgrade herum ist es im Moment recht still geworden. <\/p>\n\n\n\n<p><strong>Weiterf\u00fchrende Informationen:<\/strong><\/p>\n\n\n\n<ul><li><a href=\"https:\/\/www.doppeladler.com\/da\/news\/projektstart-pandur-evo\/\">PROJEKTSTART PANDUR EVO<\/a><\/li><li><a href=\"https:\/\/www.doppeladler.com\/da\/oebh\/neue-gepanzerte-fahrzeuge\/\">NEUE GEPANZERTE FAHRZEUGE<\/a><\/li><li><a href=\"https:\/\/www.doppeladler.com\/da\/oebh\/ruag-panzert-pandur\/\">RUAG PANZERT DEN PANDUR<\/a><\/li><li><a rel=\"noreferrer noopener\" aria-label=\"Verteidigungsminister Kunasek \u00fcbergibt neue Pandur-Evolution-Radpanzer an die Truppe; bundesheer.at; 14.01.2019 (\u00f6ffnet in neuem Tab)\" href=\"http:\/\/www.bundesheer.at\/cms\/artikel.php?ID=9842\" target=\"_blank\">Verteidigungsminister Kunasek \u00fcbergibt neue Pandur-Evolution-Radpanzer an die Truppe; bundesheer.at; 14.01.2019<\/a><\/li><\/ul>\n","protected":false},"excerpt":{"rendered":"<p>Am 14. J\u00e4nner 2019 wurden die ersten f\u00fcnf Mannschaftstransportpanzer PANDUR EVO (\u201eEvolution\u201c) von GDELS Steyr aus Wien-Simmering an das J\u00e4gerbataillon 17 in Stra\u00df \u00fcbergeben.<\/p>\n","protected":false},"author":1,"featured_media":13855,"comment_status":"closed","ping_status":"open","sticky":false,"template":"","format":"standard","meta":{"footnotes":""},"categories":[3,9],"tags":[63,267,42,591,864,929,169],"yoast_head":"<!-- This site is optimized with the Yoast SEO plugin v23.3 - https:\/\/yoast.com\/wordpress\/plugins\/seo\/ -->\n<title>\u00dcbergabe PANDUR EVO | DOPPELADLER.COM<\/title>\n<meta name=\"description\" content=\"Am 14. J\u00e4nner 2019 wurden die ersten f\u00fcnf Mannschaftstransportpanzer PANDUR EVO (\u201eEvolution\u201c) von GDELS Steyr aus Wien-Simmering an das J\u00e4gerbataillon 17 in Stra\u00df \u00fcbergeben.\" \/>\n<meta name=\"robots\" content=\"index, follow, max-snippet:-1, max-image-preview:large, max-video-preview:-1\" \/>\n<link rel=\"canonical\" href=\"https:\/\/www.doppeladler.com\/da\/oebh\/uebergabe-pandur-evo\/\" \/>\n<meta name=\"twitter:label1\" content=\"Verfasst von\" \/>\n\t<meta name=\"twitter:data1\" content=\"Doppeladler\" \/>\n\t<meta name=\"twitter:label2\" content=\"Gesch\u00e4tzte Lesezeit\" \/>\n\t<meta name=\"twitter:data2\" content=\"2\u00a0Minuten\" \/>\n<script type=\"application\/ld+json\" class=\"yoast-schema-graph\">{\"@context\":\"https:\/\/schema.org\",\"@graph\":[{\"@type\":\"WebPage\",\"@id\":\"https:\/\/www.doppeladler.com\/da\/oebh\/uebergabe-pandur-evo\/\",\"url\":\"https:\/\/www.doppeladler.com\/da\/oebh\/uebergabe-pandur-evo\/\",\"name\":\"\u00dcbergabe PANDUR EVO | DOPPELADLER.COM\",\"isPartOf\":{\"@id\":\"https:\/\/www.doppeladler.com\/da\/#website\"},\"primaryImageOfPage\":{\"@id\":\"https:\/\/www.doppeladler.com\/da\/oebh\/uebergabe-pandur-evo\/#primaryimage\"},\"image\":{\"@id\":\"https:\/\/www.doppeladler.com\/da\/oebh\/uebergabe-pandur-evo\/#primaryimage\"},\"thumbnailUrl\":\"https:\/\/www.doppeladler.com\/da\/wp-content\/uploads\/2019\/01\/evo-1-1.jpg\",\"datePublished\":\"2019-01-17T10:48:28+00:00\",\"dateModified\":\"2019-10-09T09:22:34+00:00\",\"author\":{\"@id\":\"https:\/\/www.doppeladler.com\/da\/#\/schema\/person\/232b998b629b89b24a916becce3e9476\"},\"description\":\"Am 14. J\u00e4nner 2019 wurden die ersten f\u00fcnf Mannschaftstransportpanzer PANDUR EVO (\u201eEvolution\u201c) von GDELS Steyr aus Wien-Simmering an das J\u00e4gerbataillon 17 in Stra\u00df \u00fcbergeben.\",\"breadcrumb\":{\"@id\":\"https:\/\/www.doppeladler.com\/da\/oebh\/uebergabe-pandur-evo\/#breadcrumb\"},\"inLanguage\":\"de\",\"potentialAction\":[{\"@type\":\"ReadAction\",\"target\":[\"https:\/\/www.doppeladler.com\/da\/oebh\/uebergabe-pandur-evo\/\"]}]},{\"@type\":\"ImageObject\",\"inLanguage\":\"de\",\"@id\":\"https:\/\/www.doppeladler.com\/da\/oebh\/uebergabe-pandur-evo\/#primaryimage\",\"url\":\"https:\/\/www.doppeladler.com\/da\/wp-content\/uploads\/2019\/01\/evo-1-1.jpg\",\"contentUrl\":\"https:\/\/www.doppeladler.com\/da\/wp-content\/uploads\/2019\/01\/evo-1-1.jpg\",\"width\":1600,\"height\":1063,\"caption\":\"Mannschaftstransportpanzer PANDUR EVO \u00a9 Bundesheer\"},{\"@type\":\"BreadcrumbList\",\"@id\":\"https:\/\/www.doppeladler.com\/da\/oebh\/uebergabe-pandur-evo\/#breadcrumb\",\"itemListElement\":[{\"@type\":\"ListItem\",\"position\":1,\"name\":\"Startseite\",\"item\":\"https:\/\/www.doppeladler.com\/da\/\"},{\"@type\":\"ListItem\",\"position\":2,\"name\":\"\u00dcbergabe PANDUR EVO\"}]},{\"@type\":\"WebSite\",\"@id\":\"https:\/\/www.doppeladler.com\/da\/#website\",\"url\":\"https:\/\/www.doppeladler.com\/da\/\",\"name\":\"DOPPELADLER.COM\",\"description\":\"Plattform f\u00fcr \u00d6sterreichs Milit\u00e4rgeschichte\",\"potentialAction\":[{\"@type\":\"SearchAction\",\"target\":{\"@type\":\"EntryPoint\",\"urlTemplate\":\"https:\/\/www.doppeladler.com\/da\/?s={search_term_string}\"},\"query-input\":\"required name=search_term_string\"}],\"inLanguage\":\"de\"},{\"@type\":\"Person\",\"@id\":\"https:\/\/www.doppeladler.com\/da\/#\/schema\/person\/232b998b629b89b24a916becce3e9476\",\"name\":\"Doppeladler\",\"sameAs\":[\"http:\/\/www.doppeladler.com\"]}]}<\/script>\n<!-- \/ Yoast SEO plugin. -->","yoast_head_json":{"title":"\u00dcbergabe PANDUR EVO | DOPPELADLER.COM","description":"Am 14. J\u00e4nner 2019 wurden die ersten f\u00fcnf Mannschaftstransportpanzer PANDUR EVO (\u201eEvolution\u201c) von GDELS Steyr aus Wien-Simmering an das J\u00e4gerbataillon 17 in Stra\u00df \u00fcbergeben.","robots":{"index":"index","follow":"follow","max-snippet":"max-snippet:-1","max-image-preview":"max-image-preview:large","max-video-preview":"max-video-preview:-1"},"canonical":"https:\/\/www.doppeladler.com\/da\/oebh\/uebergabe-pandur-evo\/","twitter_misc":{"Verfasst von":"Doppeladler","Gesch\u00e4tzte Lesezeit":"2\u00a0Minuten"},"schema":{"@context":"https:\/\/schema.org","@graph":[{"@type":"WebPage","@id":"https:\/\/www.doppeladler.com\/da\/oebh\/uebergabe-pandur-evo\/","url":"https:\/\/www.doppeladler.com\/da\/oebh\/uebergabe-pandur-evo\/","name":"\u00dcbergabe PANDUR EVO | DOPPELADLER.COM","isPartOf":{"@id":"https:\/\/www.doppeladler.com\/da\/#website"},"primaryImageOfPage":{"@id":"https:\/\/www.doppeladler.com\/da\/oebh\/uebergabe-pandur-evo\/#primaryimage"},"image":{"@id":"https:\/\/www.doppeladler.com\/da\/oebh\/uebergabe-pandur-evo\/#primaryimage"},"thumbnailUrl":"https:\/\/www.doppeladler.com\/da\/wp-content\/uploads\/2019\/01\/evo-1-1.jpg","datePublished":"2019-01-17T10:48:28+00:00","dateModified":"2019-10-09T09:22:34+00:00","author":{"@id":"https:\/\/www.doppeladler.com\/da\/#\/schema\/person\/232b998b629b89b24a916becce3e9476"},"description":"Am 14. J\u00e4nner 2019 wurden die ersten f\u00fcnf Mannschaftstransportpanzer PANDUR EVO (\u201eEvolution\u201c) von GDELS Steyr aus Wien-Simmering an das J\u00e4gerbataillon 17 in Stra\u00df \u00fcbergeben.","breadcrumb":{"@id":"https:\/\/www.doppeladler.com\/da\/oebh\/uebergabe-pandur-evo\/#breadcrumb"},"inLanguage":"de","potentialAction":[{"@type":"ReadAction","target":["https:\/\/www.doppeladler.com\/da\/oebh\/uebergabe-pandur-evo\/"]}]},{"@type":"ImageObject","inLanguage":"de","@id":"https:\/\/www.doppeladler.com\/da\/oebh\/uebergabe-pandur-evo\/#primaryimage","url":"https:\/\/www.doppeladler.com\/da\/wp-content\/uploads\/2019\/01\/evo-1-1.jpg","contentUrl":"https:\/\/www.doppeladler.com\/da\/wp-content\/uploads\/2019\/01\/evo-1-1.jpg","width":1600,"height":1063,"caption":"Mannschaftstransportpanzer PANDUR EVO \u00a9 Bundesheer"},{"@type":"BreadcrumbList","@id":"https:\/\/www.doppeladler.com\/da\/oebh\/uebergabe-pandur-evo\/#breadcrumb","itemListElement":[{"@type":"ListItem","position":1,"name":"Startseite","item":"https:\/\/www.doppeladler.com\/da\/"},{"@type":"ListItem","position":2,"name":"\u00dcbergabe PANDUR EVO"}]},{"@type":"WebSite","@id":"https:\/\/www.doppeladler.com\/da\/#website","url":"https:\/\/www.doppeladler.com\/da\/","name":"DOPPELADLER.COM","description":"Plattform f\u00fcr \u00d6sterreichs Milit\u00e4rgeschichte","potentialAction":[{"@type":"SearchAction","target":{"@type":"EntryPoint","urlTemplate":"https:\/\/www.doppeladler.com\/da\/?s={search_term_string}"},"query-input":"required name=search_term_string"}],"inLanguage":"de"},{"@type":"Person","@id":"https:\/\/www.doppeladler.com\/da\/#\/schema\/person\/232b998b629b89b24a916becce3e9476","name":"Doppeladler","sameAs":["http:\/\/www.doppeladler.com"]}]}},"_links":{"self":[{"href":"https:\/\/www.doppeladler.com\/da\/wp-json\/wp\/v2\/posts\/13166"}],"collection":[{"href":"https:\/\/www.doppeladler.com\/da\/wp-json\/wp\/v2\/posts"}],"about":[{"href":"https:\/\/www.doppeladler.com\/da\/wp-json\/wp\/v2\/types\/post"}],"author":[{"embeddable":true,"href":"https:\/\/www.doppeladler.com\/da\/wp-json\/wp\/v2\/users\/1"}],"replies":[{"embeddable":true,"href":"https:\/\/www.doppeladler.com\/da\/wp-json\/wp\/v2\/comments?post=13166"}],"version-history":[{"count":0,"href":"https:\/\/www.doppeladler.com\/da\/wp-json\/wp\/v2\/posts\/13166\/revisions"}],"wp:featuredmedia":[{"embeddable":true,"href":"https:\/\/www.doppeladler.com\/da\/wp-json\/wp\/v2\/media\/13855"}],"wp:attachment":[{"href":"https:\/\/www.doppeladler.com\/da\/wp-json\/wp\/v2\/media?parent=13166"}],"wp:term":[{"taxonomy":"category","embeddable":true,"href":"https:\/\/www.doppeladler.com\/da\/wp-json\/wp\/v2\/categories?post=13166"},{"taxonomy":"post_tag","embeddable":true,"href":"https:\/\/www.doppeladler.com\/da\/wp-json\/wp\/v2\/tags?post=13166"}],"curies":[{"name":"wp","href":"https:\/\/api.w.org\/{rel}","templated":true}]}}