{"id":11632,"date":"2017-11-02T10:56:11","date_gmt":"2017-11-02T09:56:11","guid":{"rendered":"http:\/\/www.doppeladler.com\/da\/?p=11632"},"modified":"2017-11-02T10:57:06","modified_gmt":"2017-11-02T09:57:06","slug":"positionspapier-generalstab","status":"publish","type":"post","link":"https:\/\/www.doppeladler.com\/da\/oebh\/positionspapier-generalstab\/","title":{"rendered":"POSITIONSPAPIER GENERALSTAB"},"content":{"rendered":"<p>Rechtzeitig zu den Koalitionsverhandlungen hat der Generalstab des \u00d6sterreichischen Bundesheeres unter dem Titel &#8222;<em><strong>Sicherheit verbessern &#8211; Bundesheer st\u00e4rken<\/strong><\/em>&#8220; ein Positionspapier zur Weiterentwicklung der Landesverteidigung ver\u00f6ffentlicht. In dieser amtlichen Publikation listen die &#8222;Obersten Milit\u00e4rs&#8220; des Bundesheeres unter der Leitung von General Mag. Othmar Commenda ihre W\u00fcnsche an die zukunftige Bundesregierung auf.<\/p>\n<p>Eine zentrale Forderung ist darin die schrittweise Anhebung des Verteidigungsbudgets von derzeit 0,61% auf 1% des Brutto-Inlandsprodukts (BiP). Diese Forderung wurde auch von Medien zitiert, die alle auf das Positionspapier verweisen, ohne es jedoch vorzustellen. Das wollen wir hier an dieser Stelle nachholen:<\/p>\n<p><strong>Das Dokument als PDF:<\/strong><\/p>\n<ul>\n<li><a href=\"https:\/\/www.doppeladler.com\/da\/wp-content\/uploads\/2017\/11\/20171000_Generalstab-Positionspapier.pdf\">Generalstab-Positionspapier, Oktober 2017<\/a><\/li>\n<\/ul>\n<p><strong>Kurzzusammenfassung:<\/strong><\/p>\n<p><a href=\"https:\/\/www.doppeladler.com\/da\/wp-content\/uploads\/2017\/11\/pos-gen-1.jpg\" data-rel=\"penci-gallery-image-content\" ><img fetchpriority=\"high\" decoding=\"async\" class=\"aligncenter wp-image-11634\" src=\"https:\/\/www.doppeladler.com\/da\/wp-content\/uploads\/2017\/11\/pos-gen-1.jpg\" alt=\"Positionspapier Generalstab - Teil 1 - Milit\u00e4rische Landesverteidigung, effektiver Grenzschutz\" width=\"540\" height=\"380\" srcset=\"https:\/\/www.doppeladler.com\/da\/wp-content\/uploads\/2017\/11\/pos-gen-1.jpg 1134w, https:\/\/www.doppeladler.com\/da\/wp-content\/uploads\/2017\/11\/pos-gen-1-300x211.jpg 300w, https:\/\/www.doppeladler.com\/da\/wp-content\/uploads\/2017\/11\/pos-gen-1-768x541.jpg 768w\" sizes=\"(max-width: 540px) 100vw, 540px\" \/><\/a> <a href=\"https:\/\/www.doppeladler.com\/da\/wp-content\/uploads\/2017\/11\/pos-gen-2.jpg\" data-rel=\"penci-gallery-image-content\" ><img decoding=\"async\" class=\"aligncenter wp-image-11635\" src=\"https:\/\/www.doppeladler.com\/da\/wp-content\/uploads\/2017\/11\/pos-gen-2.jpg\" alt=\"Positionspapier Generalstab - Teil 2 - Cyberangriffe, Terrorismus, Abwehr Gefahren aus der Luft\" width=\"540\" height=\"381\" srcset=\"https:\/\/www.doppeladler.com\/da\/wp-content\/uploads\/2017\/11\/pos-gen-2.jpg 1135w, https:\/\/www.doppeladler.com\/da\/wp-content\/uploads\/2017\/11\/pos-gen-2-300x211.jpg 300w, https:\/\/www.doppeladler.com\/da\/wp-content\/uploads\/2017\/11\/pos-gen-2-768x541.jpg 768w\" sizes=\"(max-width: 540px) 100vw, 540px\" \/><\/a> <a href=\"https:\/\/www.doppeladler.com\/da\/wp-content\/uploads\/2017\/11\/pos-gen-3.jpg\" data-rel=\"penci-gallery-image-content\" ><img decoding=\"async\" class=\"aligncenter wp-image-11636\" src=\"https:\/\/www.doppeladler.com\/da\/wp-content\/uploads\/2017\/11\/pos-gen-3.jpg\" alt=\"Positionspapier Generalstab - Teil 3 - Bev\u00f6lkerungsschutz, Internationales Engagement, Wehrdienst und Miliz\" width=\"540\" height=\"380\" srcset=\"https:\/\/www.doppeladler.com\/da\/wp-content\/uploads\/2017\/11\/pos-gen-3.jpg 1135w, https:\/\/www.doppeladler.com\/da\/wp-content\/uploads\/2017\/11\/pos-gen-3-300x211.jpg 300w, https:\/\/www.doppeladler.com\/da\/wp-content\/uploads\/2017\/11\/pos-gen-3-768x541.jpg 768w\" sizes=\"(max-width: 540px) 100vw, 540px\" \/><\/a> <a href=\"https:\/\/www.doppeladler.com\/da\/wp-content\/uploads\/2017\/11\/pos-gen-4.jpg\" data-rel=\"penci-gallery-image-content\" ><img loading=\"lazy\" decoding=\"async\" class=\"aligncenter wp-image-11637\" src=\"https:\/\/www.doppeladler.com\/da\/wp-content\/uploads\/2017\/11\/pos-gen-4.jpg\" alt=\"Positionspapier Generalstab - Teil 4 - Verteidigungsforschung, strategische Handlungsreserve, mehr Ressourcen\" width=\"540\" height=\"380\" srcset=\"https:\/\/www.doppeladler.com\/da\/wp-content\/uploads\/2017\/11\/pos-gen-4.jpg 1136w, https:\/\/www.doppeladler.com\/da\/wp-content\/uploads\/2017\/11\/pos-gen-4-300x211.jpg 300w, https:\/\/www.doppeladler.com\/da\/wp-content\/uploads\/2017\/11\/pos-gen-4-768x541.jpg 768w\" sizes=\"(max-width: 540px) 100vw, 540px\" \/><\/a><\/p>\n<p>An dieser Stelle noch der Hinweis, dass nat\u00fcrlich\u00a0auch der Generalstab nicht frei von politischen Einfl\u00fcssen ist. Eine amtliche Publikation des BMLVS legt einerseits eine grunds\u00e4tzliche\u00a0inhaltliche \u00dcbereinstimmung mit Positionen des derzeitigen Verteidigungsministers nahe, andererseits haben die h\u00f6chsten Berufsoffiziere des Bundesheeres nat\u00fcrlich auch Eigeninteressen. Das Positionspapier ist daher nicht als objektivierte und rein\u00a0fachliche Einsch\u00e4tzung des Bundesheeres anzusehen sondern &#8211; wie der Name schon sagt &#8211; als Darstellung der Position des Generalstabs.<\/p>\n","protected":false},"excerpt":{"rendered":"<p>Rechtzeitig zu den Koalitionsverhandlungen hat der Generalstab des \u00d6sterreichischen Bundesheeres im Oktober 2017 unter dem Titel \u201cSicherheit verbessern \u2013 Bundesheer st\u00e4rken\u201d ein Positionspapier zur Weiterentwicklung der Landesverteidigung ver\u00f6ffentlicht.<\/p>\n","protected":false},"author":1,"featured_media":8039,"comment_status":"closed","ping_status":"open","sticky":false,"template":"","format":"standard","meta":{"footnotes":""},"categories":[3,9],"tags":[250,424,957,326],"yoast_head":"<!-- This site is optimized with the Yoast SEO plugin v23.3 - https:\/\/yoast.com\/wordpress\/plugins\/seo\/ -->\n<title>POSITIONSPAPIER GENERALSTAB | DOPPELADLER.COM<\/title>\n<meta name=\"description\" content=\"Rechtzeitig zu den Koalitionsverhandlungen hat der Generalstab des \u00d6sterreichischen Bundesheeres im Oktober 2017 unter dem Titel \u201cSicherheit verbessern \u2013 Bundesheer st\u00e4rken\u201d ein Positionspapier zur Weiterentwicklung der Landesverteidigung ver\u00f6ffentlicht.\" \/>\n<meta name=\"robots\" content=\"index, follow, max-snippet:-1, max-image-preview:large, max-video-preview:-1\" \/>\n<link rel=\"canonical\" href=\"https:\/\/www.doppeladler.com\/da\/oebh\/positionspapier-generalstab\/\" \/>\n<meta name=\"twitter:label1\" content=\"Verfasst von\" \/>\n\t<meta name=\"twitter:data1\" content=\"Doppeladler\" \/>\n\t<meta name=\"twitter:label2\" content=\"Gesch\u00e4tzte Lesezeit\" \/>\n\t<meta name=\"twitter:data2\" content=\"1\u00a0Minute\" \/>\n<script type=\"application\/ld+json\" class=\"yoast-schema-graph\">{\"@context\":\"https:\/\/schema.org\",\"@graph\":[{\"@type\":\"WebPage\",\"@id\":\"https:\/\/www.doppeladler.com\/da\/oebh\/positionspapier-generalstab\/\",\"url\":\"https:\/\/www.doppeladler.com\/da\/oebh\/positionspapier-generalstab\/\",\"name\":\"POSITIONSPAPIER GENERALSTAB | DOPPELADLER.COM\",\"isPartOf\":{\"@id\":\"https:\/\/www.doppeladler.com\/da\/#website\"},\"primaryImageOfPage\":{\"@id\":\"https:\/\/www.doppeladler.com\/da\/oebh\/positionspapier-generalstab\/#primaryimage\"},\"image\":{\"@id\":\"https:\/\/www.doppeladler.com\/da\/oebh\/positionspapier-generalstab\/#primaryimage\"},\"thumbnailUrl\":\"https:\/\/www.doppeladler.com\/da\/wp-content\/uploads\/2015\/02\/telegraph.jpg\",\"datePublished\":\"2017-11-02T09:56:11+00:00\",\"dateModified\":\"2017-11-02T09:57:06+00:00\",\"author\":{\"@id\":\"https:\/\/www.doppeladler.com\/da\/#\/schema\/person\/232b998b629b89b24a916becce3e9476\"},\"description\":\"Rechtzeitig zu den Koalitionsverhandlungen hat der Generalstab des \u00d6sterreichischen Bundesheeres im Oktober 2017 unter dem Titel \u201cSicherheit verbessern \u2013 Bundesheer st\u00e4rken\u201d ein Positionspapier zur Weiterentwicklung der Landesverteidigung ver\u00f6ffentlicht.\",\"breadcrumb\":{\"@id\":\"https:\/\/www.doppeladler.com\/da\/oebh\/positionspapier-generalstab\/#breadcrumb\"},\"inLanguage\":\"de\",\"potentialAction\":[{\"@type\":\"ReadAction\",\"target\":[\"https:\/\/www.doppeladler.com\/da\/oebh\/positionspapier-generalstab\/\"]}]},{\"@type\":\"ImageObject\",\"inLanguage\":\"de\",\"@id\":\"https:\/\/www.doppeladler.com\/da\/oebh\/positionspapier-generalstab\/#primaryimage\",\"url\":\"https:\/\/www.doppeladler.com\/da\/wp-content\/uploads\/2015\/02\/telegraph.jpg\",\"contentUrl\":\"https:\/\/www.doppeladler.com\/da\/wp-content\/uploads\/2015\/02\/telegraph.jpg\",\"width\":540,\"height\":200,\"caption\":\"DOPPELADLER Telegraph\"},{\"@type\":\"BreadcrumbList\",\"@id\":\"https:\/\/www.doppeladler.com\/da\/oebh\/positionspapier-generalstab\/#breadcrumb\",\"itemListElement\":[{\"@type\":\"ListItem\",\"position\":1,\"name\":\"Startseite\",\"item\":\"https:\/\/www.doppeladler.com\/da\/\"},{\"@type\":\"ListItem\",\"position\":2,\"name\":\"POSITIONSPAPIER GENERALSTAB\"}]},{\"@type\":\"WebSite\",\"@id\":\"https:\/\/www.doppeladler.com\/da\/#website\",\"url\":\"https:\/\/www.doppeladler.com\/da\/\",\"name\":\"DOPPELADLER.COM\",\"description\":\"Plattform f\u00fcr \u00d6sterreichs Milit\u00e4rgeschichte\",\"potentialAction\":[{\"@type\":\"SearchAction\",\"target\":{\"@type\":\"EntryPoint\",\"urlTemplate\":\"https:\/\/www.doppeladler.com\/da\/?s={search_term_string}\"},\"query-input\":\"required name=search_term_string\"}],\"inLanguage\":\"de\"},{\"@type\":\"Person\",\"@id\":\"https:\/\/www.doppeladler.com\/da\/#\/schema\/person\/232b998b629b89b24a916becce3e9476\",\"name\":\"Doppeladler\",\"sameAs\":[\"http:\/\/www.doppeladler.com\"]}]}<\/script>\n<!-- \/ Yoast SEO plugin. -->","yoast_head_json":{"title":"POSITIONSPAPIER GENERALSTAB | DOPPELADLER.COM","description":"Rechtzeitig zu den Koalitionsverhandlungen hat der Generalstab des \u00d6sterreichischen Bundesheeres im Oktober 2017 unter dem Titel \u201cSicherheit verbessern \u2013 Bundesheer st\u00e4rken\u201d ein Positionspapier zur Weiterentwicklung der Landesverteidigung ver\u00f6ffentlicht.","robots":{"index":"index","follow":"follow","max-snippet":"max-snippet:-1","max-image-preview":"max-image-preview:large","max-video-preview":"max-video-preview:-1"},"canonical":"https:\/\/www.doppeladler.com\/da\/oebh\/positionspapier-generalstab\/","twitter_misc":{"Verfasst von":"Doppeladler","Gesch\u00e4tzte Lesezeit":"1\u00a0Minute"},"schema":{"@context":"https:\/\/schema.org","@graph":[{"@type":"WebPage","@id":"https:\/\/www.doppeladler.com\/da\/oebh\/positionspapier-generalstab\/","url":"https:\/\/www.doppeladler.com\/da\/oebh\/positionspapier-generalstab\/","name":"POSITIONSPAPIER GENERALSTAB | DOPPELADLER.COM","isPartOf":{"@id":"https:\/\/www.doppeladler.com\/da\/#website"},"primaryImageOfPage":{"@id":"https:\/\/www.doppeladler.com\/da\/oebh\/positionspapier-generalstab\/#primaryimage"},"image":{"@id":"https:\/\/www.doppeladler.com\/da\/oebh\/positionspapier-generalstab\/#primaryimage"},"thumbnailUrl":"https:\/\/www.doppeladler.com\/da\/wp-content\/uploads\/2015\/02\/telegraph.jpg","datePublished":"2017-11-02T09:56:11+00:00","dateModified":"2017-11-02T09:57:06+00:00","author":{"@id":"https:\/\/www.doppeladler.com\/da\/#\/schema\/person\/232b998b629b89b24a916becce3e9476"},"description":"Rechtzeitig zu den Koalitionsverhandlungen hat der Generalstab des \u00d6sterreichischen Bundesheeres im Oktober 2017 unter dem Titel \u201cSicherheit verbessern \u2013 Bundesheer st\u00e4rken\u201d ein Positionspapier zur Weiterentwicklung der Landesverteidigung ver\u00f6ffentlicht.","breadcrumb":{"@id":"https:\/\/www.doppeladler.com\/da\/oebh\/positionspapier-generalstab\/#breadcrumb"},"inLanguage":"de","potentialAction":[{"@type":"ReadAction","target":["https:\/\/www.doppeladler.com\/da\/oebh\/positionspapier-generalstab\/"]}]},{"@type":"ImageObject","inLanguage":"de","@id":"https:\/\/www.doppeladler.com\/da\/oebh\/positionspapier-generalstab\/#primaryimage","url":"https:\/\/www.doppeladler.com\/da\/wp-content\/uploads\/2015\/02\/telegraph.jpg","contentUrl":"https:\/\/www.doppeladler.com\/da\/wp-content\/uploads\/2015\/02\/telegraph.jpg","width":540,"height":200,"caption":"DOPPELADLER Telegraph"},{"@type":"BreadcrumbList","@id":"https:\/\/www.doppeladler.com\/da\/oebh\/positionspapier-generalstab\/#breadcrumb","itemListElement":[{"@type":"ListItem","position":1,"name":"Startseite","item":"https:\/\/www.doppeladler.com\/da\/"},{"@type":"ListItem","position":2,"name":"POSITIONSPAPIER GENERALSTAB"}]},{"@type":"WebSite","@id":"https:\/\/www.doppeladler.com\/da\/#website","url":"https:\/\/www.doppeladler.com\/da\/","name":"DOPPELADLER.COM","description":"Plattform f\u00fcr \u00d6sterreichs Milit\u00e4rgeschichte","potentialAction":[{"@type":"SearchAction","target":{"@type":"EntryPoint","urlTemplate":"https:\/\/www.doppeladler.com\/da\/?s={search_term_string}"},"query-input":"required name=search_term_string"}],"inLanguage":"de"},{"@type":"Person","@id":"https:\/\/www.doppeladler.com\/da\/#\/schema\/person\/232b998b629b89b24a916becce3e9476","name":"Doppeladler","sameAs":["http:\/\/www.doppeladler.com"]}]}},"_links":{"self":[{"href":"https:\/\/www.doppeladler.com\/da\/wp-json\/wp\/v2\/posts\/11632"}],"collection":[{"href":"https:\/\/www.doppeladler.com\/da\/wp-json\/wp\/v2\/posts"}],"about":[{"href":"https:\/\/www.doppeladler.com\/da\/wp-json\/wp\/v2\/types\/post"}],"author":[{"embeddable":true,"href":"https:\/\/www.doppeladler.com\/da\/wp-json\/wp\/v2\/users\/1"}],"replies":[{"embeddable":true,"href":"https:\/\/www.doppeladler.com\/da\/wp-json\/wp\/v2\/comments?post=11632"}],"version-history":[{"count":0,"href":"https:\/\/www.doppeladler.com\/da\/wp-json\/wp\/v2\/posts\/11632\/revisions"}],"wp:featuredmedia":[{"embeddable":true,"href":"https:\/\/www.doppeladler.com\/da\/wp-json\/wp\/v2\/media\/8039"}],"wp:attachment":[{"href":"https:\/\/www.doppeladler.com\/da\/wp-json\/wp\/v2\/media?parent=11632"}],"wp:term":[{"taxonomy":"category","embeddable":true,"href":"https:\/\/www.doppeladler.com\/da\/wp-json\/wp\/v2\/categories?post=11632"},{"taxonomy":"post_tag","embeddable":true,"href":"https:\/\/www.doppeladler.com\/da\/wp-json\/wp\/v2\/tags?post=11632"}],"curies":[{"name":"wp","href":"https:\/\/api.w.org\/{rel}","templated":true}]}}