{"id":11209,"date":"2017-05-26T16:27:10","date_gmt":"2017-05-26T14:27:10","guid":{"rendered":"http:\/\/www.doppeladler.com\/da\/?p=11209"},"modified":"2018-07-05T10:17:43","modified_gmt":"2018-07-05T08:17:43","slug":"melker-pioniere-2017","status":"publish","type":"post","link":"https:\/\/www.doppeladler.com\/da\/oebh\/melker-pioniere-2017\/","title":{"rendered":"MELKER PIONIERE 2017"},"content":{"rendered":"<p><img fetchpriority=\"high\" decoding=\"async\" class=\"aligncenter wp-image-11210 size-full\" style=\"margin-top: 0px; margin-bottom: 0px;\" title=\"Melker Pioniere \u00a9 Doppeladler.com\" src=\"https:\/\/www.doppeladler.com\/da\/wp-content\/uploads\/2017\/05\/title-melk2017.jpg\" alt=\"Melker Pioniere \u00a9 Doppeladler.com\" width=\"540\" height=\"200\" srcset=\"https:\/\/www.doppeladler.com\/da\/wp-content\/uploads\/2017\/05\/title-melk2017.jpg 540w, https:\/\/www.doppeladler.com\/da\/wp-content\/uploads\/2017\/05\/title-melk2017-300x111.jpg 300w\" sizes=\"(max-width: 540px) 100vw, 540px\" \/><span class=\"main-img-text\">Tag der offenen T\u00fcr bei den Melker Pionieren \u00a9 Doppeladler.com<\/span><\/p>\n<p>Am 20. Mai 2017 fand der heurige Besuchertag bzw. Tag der offenen T\u00fcr bei den Melker Pionieren (Pionierbataillon 3) am Wasser\u00fcbungsplatz am Fu\u00dfe des Stiftes Melk statt.\u00a0Das in der Birago-Kaserne untergebrachte PiB3 ist seit der j\u00fcngsten Reform dem Kommando Schnelle Eins\u00e4tze (ehem. 3. Panzergrenadierbrigade,\u00a0 Sitz in Mautern) unterstellt, welches rasch verf\u00fcgbare leichte Kr\u00e4fte f\u00fcr Eins\u00e4tze im In- und Ausland aufbringt. Melk ist auch die Heimat der Donauflottille des \u00d6sterreichischen Bundesheeres.<\/p>\n<p>Heuer nahmen neben zahlreichen Einsatzorganisationen auch das zur Panzerbrigade 12 \u201eOberpfalz\u201c geh\u00f6rende Panzerpionierbataillon 4 der Deutschen Bundeswehr mit zwei Transportpanzern Fuchs (TPz Fuchs) an der Veranstaltung teil.<\/p>\n<h2>IMPRESSIONEN<\/h2>\n<div id=\"penci-post-gallery__69808\" class=\"penci-post-gallery-container justified column-3\" data-height=\"150\" data-margin=\"3\"><a class=\"penci-gallery-ite item-gallery-justified\" href=\"https:\/\/www.doppeladler.com\/da\/wp-content\/uploads\/2017\/05\/crew1.jpg\" data-cap=\"Diese Soldaten des PiB3 sind mit dem neuen Sentry XP Mid Cut Helm ausgestattet \u00a9 Doppeladler.com\"><img decoding=\"async\" src=\"https:\/\/www.doppeladler.com\/da\/wp-content\/uploads\/2017\/05\/crew1.jpg\" alt=\"Diese Soldaten des PiB3 sind mit dem neuen Sentry XP Mid Cut Helm ausgestattet \u00a9 Doppeladler.com\" title=\"Diese Soldaten des PiB3 sind mit dem neuen Sentry XP Mid Cut Helm ausgestattet \u00a9 Doppeladler.com\"><\/a><a class=\"penci-gallery-ite item-gallery-justified\" href=\"https:\/\/www.doppeladler.com\/da\/wp-content\/uploads\/2017\/05\/faehre-7.jpg\" data-cap=\"25 t F\u00e4hre mit Bergepanzer Greif A1 - so entsteht eine stabile Plattform zur Bergung von Gegens\u00e4nden aus der Donau \u00a9 Doppeladler.com\"><img decoding=\"async\" src=\"https:\/\/www.doppeladler.com\/da\/wp-content\/uploads\/2017\/05\/faehre-7.jpg\" alt=\"25 t F\u00e4hre mit Bergepanzer Greif A1 - so entsteht eine stabile Plattform zur Bergung von Gegens\u00e4nden aus der Donau \u00a9 Doppeladler.com\" title=\"25 t F\u00e4hre mit Bergepanzer Greif A1 &#8211; so entsteht eine stabile Plattform zur Bergung von Gegens\u00e4nden aus der Donau \u00a9 Doppeladler.com\"><\/a><a class=\"penci-gallery-ite item-gallery-justified\" href=\"https:\/\/www.doppeladler.com\/da\/wp-content\/uploads\/2017\/05\/mv4-1.jpg\" data-cap=\"DOK-ING MV-4 mit Roboterarm und Greif- \/Schneidzange \u00a9 Doppeladler.com\"><img decoding=\"async\" src=\"https:\/\/www.doppeladler.com\/da\/wp-content\/uploads\/2017\/05\/mv4-1.jpg\" alt=\"DOK-ING MV-4 mit Roboterarm und Greif- \/Schneidzange \u00a9 Doppeladler.com\" title=\"DOK-ING MV-4 mit Roboterarm und Greif- \/Schneidzange \u00a9 Doppeladler.com\"><\/a><a class=\"penci-gallery-ite item-gallery-justified\" href=\"https:\/\/www.doppeladler.com\/da\/wp-content\/uploads\/2017\/05\/sboot-1.jpg\" data-cap=\"Sturm- und Flachwasserboote des Typs Watercat M9 des finnischen Herstellers \u201cMarine Alutech Oy Ab\u201d \u00a9 Doppeladler.com\"><img decoding=\"async\" src=\"https:\/\/www.doppeladler.com\/da\/wp-content\/uploads\/2017\/05\/sboot-1.jpg\" alt=\"Sturm- und Flachwasserboote des Typs Watercat M9 des finnischen Herstellers \u201cMarine Alutech Oy Ab\u201d \u00a9 Doppeladler.com\" title=\"Sturm- und Flachwasserboote des Typs Watercat M9 des finnischen Herstellers \u201cMarine Alutech Oy Ab\u201d \u00a9 Doppeladler.com\"><\/a><a class=\"penci-gallery-ite item-gallery-justified\" href=\"https:\/\/www.doppeladler.com\/da\/wp-content\/uploads\/2017\/05\/fuchs-1.jpg\" data-cap=\"Transportpanzer Fuchs der Bundeswehr \u00a9 Doppeladler.com\"><img decoding=\"async\" src=\"https:\/\/www.doppeladler.com\/da\/wp-content\/uploads\/2017\/05\/fuchs-1.jpg\" alt=\"Transportpanzer Fuchs der Bundeswehr \u00a9 Doppeladler.com\" title=\"Transportpanzer Fuchs der Bundeswehr \u00a9 Doppeladler.com\"><\/a><a class=\"penci-gallery-ite item-gallery-justified\" href=\"https:\/\/www.doppeladler.com\/da\/wp-content\/uploads\/2017\/05\/fuchs-15.jpg\" data-cap=\"Transportpanzer Fuchs der Bundeswehr \u00a9 Doppeladler.com\"><img decoding=\"async\" src=\"https:\/\/www.doppeladler.com\/da\/wp-content\/uploads\/2017\/05\/fuchs-15.jpg\" alt=\"Transportpanzer Fuchs der Bundeswehr \u00a9 Doppeladler.com\" title=\"Transportpanzer Fuchs der Bundeswehr \u00a9 Doppeladler.com\"><\/a><a class=\"penci-gallery-ite item-gallery-justified\" href=\"https:\/\/www.doppeladler.com\/da\/wp-content\/uploads\/2017\/05\/man-2.jpg\" data-cap=\"MAN TGS 41.480 8X8 \u00a9 Doppeladler.com\"><img decoding=\"async\" src=\"https:\/\/www.doppeladler.com\/da\/wp-content\/uploads\/2017\/05\/man-2.jpg\" alt=\"MAN TGS 41.480 8X8 \u00a9 Doppeladler.com\" title=\"MAN TGS 41.480 8X8 \u00a9 Doppeladler.com\"><\/a><a class=\"penci-gallery-ite item-gallery-justified\" href=\"https:\/\/www.doppeladler.com\/da\/wp-content\/uploads\/2017\/05\/40mm.jpg\" data-cap=\"40 mm Granatwerfer GrG LV von Madritsch \/ MWT Austria \u00a9 Doppeladler.com\"><img decoding=\"async\" src=\"https:\/\/www.doppeladler.com\/da\/wp-content\/uploads\/2017\/05\/40mm.jpg\" alt=\"40 mm Granatwerfer GrG LV von Madritsch \/ MWT Austria \u00a9 Doppeladler.com\" title=\"40 mm Granatwerfer GrG LV von Madritsch \/ MWT Austria \u00a9 Doppeladler.com\"><\/a><a class=\"penci-gallery-ite item-gallery-justified\" href=\"https:\/\/www.doppeladler.com\/da\/wp-content\/uploads\/2017\/05\/jcb-2.jpg\" data-cap=\"Radlader JCB 437 HT \u00a9 Doppeladler.com\"><img decoding=\"async\" src=\"https:\/\/www.doppeladler.com\/da\/wp-content\/uploads\/2017\/05\/jcb-2.jpg\" alt=\"Radlader JCB 437 HT \u00a9 Doppeladler.com\" title=\"Radlader JCB 437 HT \u00a9 Doppeladler.com\"><\/a><a class=\"penci-gallery-ite item-gallery-justified\" href=\"https:\/\/www.doppeladler.com\/da\/wp-content\/uploads\/2017\/05\/820-1.jpg\" data-cap=\"Kompaktlader Komatsu SK820-5 \u00a9 Doppeladler.com\"><img decoding=\"async\" src=\"https:\/\/www.doppeladler.com\/da\/wp-content\/uploads\/2017\/05\/820-1.jpg\" alt=\"Kompaktlader Komatsu SK820-5 \u00a9 Doppeladler.com\" title=\"Kompaktlader Komatsu SK820-5 \u00a9 Doppeladler.com\"><\/a><a class=\"penci-gallery-ite item-gallery-justified\" href=\"https:\/\/www.doppeladler.com\/da\/wp-content\/uploads\/2017\/05\/oeaf-2.jpg\" data-cap=\"Gel\u00e4ndeg\u00e4ngiger Zugkraftwagen \u00d6AF 34.440 VFA mit Tiefladesystem 55t Goldhofer \u00a9 Doppeladler.com\"><img decoding=\"async\" src=\"https:\/\/www.doppeladler.com\/da\/wp-content\/uploads\/2017\/05\/oeaf-2.jpg\" alt=\"Gel\u00e4ndeg\u00e4ngiger Zugkraftwagen \u00d6AF 34.440 VFA mit Tiefladesystem 55t Goldhofer \u00a9 Doppeladler.com\" title=\"Gel\u00e4ndeg\u00e4ngiger Zugkraftwagen \u00d6AF 34.440 VFA mit Tiefladesystem 55t Goldhofer \u00a9 Doppeladler.com\"><\/a><a class=\"penci-gallery-ite item-gallery-justified\" href=\"https:\/\/www.doppeladler.com\/da\/wp-content\/uploads\/2017\/05\/leo-6.jpg\" data-cap=\"Kampfpanzer Leopard 2A4 des Panzerbataillon 14 der 4. Panzergrenadierbrigade (&quot;Schwere Brigade&quot;) \u00a9 Doppeladler.com\"><img decoding=\"async\" src=\"https:\/\/www.doppeladler.com\/da\/wp-content\/uploads\/2017\/05\/leo-6.jpg\" alt=\"Kampfpanzer Leopard 2A4 des Panzerbataillon 14 der 4. Panzergrenadierbrigade (&quot;Schwere Brigade&quot;) \u00a9 Doppeladler.com\" title=\"Kampfpanzer Leopard 2A4 des Panzerbataillon 14 der 4. Panzergrenadierbrigade (&#8222;Schwere Brigade&#8220;) \u00a9 Doppeladler.com\"><\/a><a class=\"penci-gallery-ite item-gallery-justified\" href=\"https:\/\/www.doppeladler.com\/da\/wp-content\/uploads\/2017\/05\/sboot-7.jpg\" data-cap=\"Sturm- und Flachwasserboote Watercat M9 \u00a9 Doppeladler.com\"><img decoding=\"async\" src=\"https:\/\/www.doppeladler.com\/da\/wp-content\/uploads\/2017\/05\/sboot-7.jpg\" alt=\"Sturm- und Flachwasserboote Watercat M9 \u00a9 Doppeladler.com\" title=\"Sturm- und Flachwasserboote Watercat M9 \u00a9 Doppeladler.com\"><\/a><a class=\"penci-gallery-ite item-gallery-justified\" href=\"https:\/\/www.doppeladler.com\/da\/wp-content\/uploads\/2017\/05\/boarding-2.jpg\" data-cap=\"Das Boarding-Team durchsucht ein verd\u00e4chtiges Schiff \u00a9 Doppeladler.com\"><img decoding=\"async\" src=\"https:\/\/www.doppeladler.com\/da\/wp-content\/uploads\/2017\/05\/boarding-2.jpg\" alt=\"Das Boarding-Team durchsucht ein verd\u00e4chtiges Schiff \u00a9 Doppeladler.com\" title=\"Das Boarding-Team durchsucht ein verd\u00e4chtiges Schiff \u00a9 Doppeladler.com\"><\/a><a class=\"penci-gallery-ite item-gallery-justified\" href=\"https:\/\/www.doppeladler.com\/da\/wp-content\/uploads\/2017\/05\/aufgriff-2.jpg\" data-cap=\"Abtransport der aufgegriffenen Verd\u00e4chtigen \u00a9 Doppeladler.com\"><img decoding=\"async\" src=\"https:\/\/www.doppeladler.com\/da\/wp-content\/uploads\/2017\/05\/aufgriff-2.jpg\" alt=\"Abtransport der aufgegriffenen Verd\u00e4chtigen \u00a9 Doppeladler.com\" title=\"Abtransport der aufgegriffenen Verd\u00e4chtigen \u00a9 Doppeladler.com\"><\/a><a class=\"penci-gallery-ite item-gallery-justified\" href=\"https:\/\/www.doppeladler.com\/da\/wp-content\/uploads\/2017\/05\/aufgriff-1.jpg\" data-cap=\"Abtransport der aufgegriffenen Verd\u00e4chtigen \u00a9 Doppeladler.com\"><img decoding=\"async\" src=\"https:\/\/www.doppeladler.com\/da\/wp-content\/uploads\/2017\/05\/aufgriff-1.jpg\" alt=\"Abtransport der aufgegriffenen Verd\u00e4chtigen \u00a9 Doppeladler.com\" title=\"Abtransport der aufgegriffenen Verd\u00e4chtigen \u00a9 Doppeladler.com\"><\/a><a class=\"penci-gallery-ite item-gallery-justified\" href=\"https:\/\/www.doppeladler.com\/da\/wp-content\/uploads\/2017\/05\/man-6.jpg\" data-cap=\"MAN TGS 41.480 8X8 Kipperfahrzeug mit Frontladekran 26 mt \u00a9 Doppeladler.com\"><img decoding=\"async\" src=\"https:\/\/www.doppeladler.com\/da\/wp-content\/uploads\/2017\/05\/man-6.jpg\" alt=\"MAN TGS 41.480 8X8 Kipperfahrzeug mit Frontladekran 26 mt \u00a9 Doppeladler.com\" title=\"MAN TGS 41.480 8X8 Kipperfahrzeug mit Frontladekran 26 mt \u00a9 Doppeladler.com\"><\/a><a class=\"penci-gallery-ite item-gallery-justified\" href=\"https:\/\/www.doppeladler.com\/da\/wp-content\/uploads\/2017\/05\/mboot2.jpg\" data-cap=\"M-Boot 80 \u00a9 Doppeladler.com\"><img decoding=\"async\" src=\"https:\/\/www.doppeladler.com\/da\/wp-content\/uploads\/2017\/05\/mboot2.jpg\" alt=\"M-Boot 80 \u00a9 Doppeladler.com\" title=\"M-Boot 80 \u00a9 Doppeladler.com\"><\/a><a class=\"penci-gallery-ite item-gallery-justified\" href=\"https:\/\/www.doppeladler.com\/da\/wp-content\/uploads\/2017\/05\/bomag-1.jpg\" data-cap=\"BOMAG Tandem-Vibrationswalze Bomag BW 80 AD-5 \u00a9 Doppeladler.com\"><img decoding=\"async\" src=\"https:\/\/www.doppeladler.com\/da\/wp-content\/uploads\/2017\/05\/bomag-1.jpg\" alt=\"BOMAG Tandem-Vibrationswalze Bomag BW 80 AD-5 \u00a9 Doppeladler.com\" title=\"BOMAG Tandem-Vibrationswalze Bomag BW 80 AD-5 \u00a9 Doppeladler.com\"><\/a><a class=\"penci-gallery-ite item-gallery-justified\" href=\"https:\/\/www.doppeladler.com\/da\/wp-content\/uploads\/2017\/05\/bomag-2.jpg\" data-cap=\"BOMAG BMP 8500 - Mehrzweckverdichter \/ Grabenwalze \u00a9 Doppeladler.com\"><img decoding=\"async\" src=\"https:\/\/www.doppeladler.com\/da\/wp-content\/uploads\/2017\/05\/bomag-2.jpg\" alt=\"BOMAG BMP 8500 - Mehrzweckverdichter \/ Grabenwalze \u00a9 Doppeladler.com\" title=\"BOMAG BMP 8500 &#8211; Mehrzweckverdichter \/ Grabenwalze \u00a9 Doppeladler.com\"><\/a><a class=\"penci-gallery-ite item-gallery-justified\" href=\"https:\/\/www.doppeladler.com\/da\/wp-content\/uploads\/2017\/05\/dumper-1b.jpg\" data-cap=\"Allraddumper Neuson 6001 \u00a9 Doppeladler.com\"><img decoding=\"async\" src=\"https:\/\/www.doppeladler.com\/da\/wp-content\/uploads\/2017\/05\/dumper-1b.jpg\" alt=\"Allraddumper Neuson 6001 \u00a9 Doppeladler.com\" title=\"Allraddumper Neuson 6001 \u00a9 Doppeladler.com\"><\/a><a class=\"penci-gallery-ite item-gallery-justified\" href=\"https:\/\/www.doppeladler.com\/da\/wp-content\/uploads\/2017\/05\/dumper-2.jpg\" data-cap=\"Kettendumper Messersi THC 2500 \u00a9 Doppeladler.com\"><img decoding=\"async\" src=\"https:\/\/www.doppeladler.com\/da\/wp-content\/uploads\/2017\/05\/dumper-2.jpg\" alt=\"Kettendumper Messersi THC 2500 \u00a9 Doppeladler.com\" title=\"Kettendumper Messersi THC 2500 \u00a9 Doppeladler.com\"><\/a><a class=\"penci-gallery-ite item-gallery-justified\" href=\"https:\/\/www.doppeladler.com\/da\/wp-content\/uploads\/2017\/05\/mv4-2.jpg\" data-cap=\"Mit der Greifzange des MV-4 wird eine Sprengladung in ein verd\u00e4chtiges Fahrzeug gelegt \u00a9 Doppeladler.com\"><img decoding=\"async\" src=\"https:\/\/www.doppeladler.com\/da\/wp-content\/uploads\/2017\/05\/mv4-2.jpg\" alt=\"Mit der Greifzange des MV-4 wird eine Sprengladung in ein verd\u00e4chtiges Fahrzeug gelegt \u00a9 Doppeladler.com\" title=\"Mit der Greifzange des MV-4 wird eine Sprengladung in ein verd\u00e4chtiges Fahrzeug gelegt \u00a9 Doppeladler.com\"><\/a><a class=\"penci-gallery-ite item-gallery-justified\" href=\"https:\/\/www.doppeladler.com\/da\/wp-content\/uploads\/2017\/05\/explosion-2.jpg\" data-cap=\"Kontrollierte Sprengung des Fahrzeugs \u00a9 Doppeladler.com\"><img decoding=\"async\" src=\"https:\/\/www.doppeladler.com\/da\/wp-content\/uploads\/2017\/05\/explosion-2.jpg\" alt=\"Kontrollierte Sprengung des Fahrzeugs \u00a9 Doppeladler.com\" title=\"Kontrollierte Sprengung des Fahrzeugs \u00a9 Doppeladler.com\"><\/a><a class=\"penci-gallery-ite item-gallery-justified\" href=\"https:\/\/www.doppeladler.com\/da\/wp-content\/uploads\/2017\/05\/fuchs-5.jpg\" data-cap=\"Transportpanzer Fuchs der Bundeswehr \u00a9 Doppeladler.com\"><img decoding=\"async\" src=\"https:\/\/www.doppeladler.com\/da\/wp-content\/uploads\/2017\/05\/fuchs-5.jpg\" alt=\"Transportpanzer Fuchs der Bundeswehr \u00a9 Doppeladler.com\" title=\"Transportpanzer Fuchs der Bundeswehr \u00a9 Doppeladler.com\"><\/a><a class=\"penci-gallery-ite item-gallery-justified\" href=\"https:\/\/www.doppeladler.com\/da\/wp-content\/uploads\/2017\/05\/leo-2.jpg\" data-cap=\"Kampfpanzer Leopard 2A4 \u00a9 Doppeladler.com\"><img decoding=\"async\" src=\"https:\/\/www.doppeladler.com\/da\/wp-content\/uploads\/2017\/05\/leo-2.jpg\" alt=\"Kampfpanzer Leopard 2A4 \u00a9 Doppeladler.com\" title=\"Kampfpanzer Leopard 2A4 \u00a9 Doppeladler.com\"><\/a><a class=\"penci-gallery-ite item-gallery-justified\" href=\"https:\/\/www.doppeladler.com\/da\/wp-content\/uploads\/2017\/05\/fuchs-8.jpg\" data-cap=\"Transportpanzer Fuchs \u00a9 Doppeladler.com\"><img decoding=\"async\" src=\"https:\/\/www.doppeladler.com\/da\/wp-content\/uploads\/2017\/05\/fuchs-8.jpg\" alt=\"Transportpanzer Fuchs \u00a9 Doppeladler.com\" title=\"Transportpanzer Fuchs \u00a9 Doppeladler.com\"><\/a><a class=\"penci-gallery-ite item-gallery-justified\" href=\"https:\/\/www.doppeladler.com\/da\/wp-content\/uploads\/2017\/05\/fuchs-10.jpg\" data-cap=\"Transportpanzer Fuchs \u00a9 Doppeladler.com\"><img decoding=\"async\" src=\"https:\/\/www.doppeladler.com\/da\/wp-content\/uploads\/2017\/05\/fuchs-10.jpg\" alt=\"Transportpanzer Fuchs \u00a9 Doppeladler.com\" title=\"Transportpanzer Fuchs \u00a9 Doppeladler.com\"><\/a><a class=\"penci-gallery-ite item-gallery-justified\" href=\"https:\/\/www.doppeladler.com\/da\/wp-content\/uploads\/2017\/05\/fuchs-9.jpg\" data-cap=\"Transportpanzer Fuchs \u00a9 Doppeladler.com\"><img decoding=\"async\" src=\"https:\/\/www.doppeladler.com\/da\/wp-content\/uploads\/2017\/05\/fuchs-9.jpg\" alt=\"Transportpanzer Fuchs \u00a9 Doppeladler.com\" title=\"Transportpanzer Fuchs \u00a9 Doppeladler.com\"><\/a><a class=\"penci-gallery-ite item-gallery-justified\" href=\"https:\/\/www.doppeladler.com\/da\/wp-content\/uploads\/2017\/05\/verletzt-1.jpg\" data-cap=\"\u00dcbergabe der Verletzten an zivile Rettungsorganisationen \u00a9 Doppeladler.com\"><img decoding=\"async\" src=\"https:\/\/www.doppeladler.com\/da\/wp-content\/uploads\/2017\/05\/verletzt-1.jpg\" alt=\"\u00dcbergabe der Verletzten an zivile Rettungsorganisationen \u00a9 Doppeladler.com\" title=\"\u00dcbergabe der Verletzten an zivile Rettungsorganisationen \u00a9 Doppeladler.com\"><\/a><a class=\"penci-gallery-ite item-gallery-justified\" href=\"https:\/\/www.doppeladler.com\/da\/wp-content\/uploads\/2017\/05\/san-1.jpg\" data-cap=\"\u00dcbergabe der Verletzten an zivile Rettungsorganisationen \u00a9 Doppeladler.com\"><img decoding=\"async\" src=\"https:\/\/www.doppeladler.com\/da\/wp-content\/uploads\/2017\/05\/san-1.jpg\" alt=\"\u00dcbergabe der Verletzten an zivile Rettungsorganisationen \u00a9 Doppeladler.com\" title=\"\u00dcbergabe der Verletzten an zivile Rettungsorganisationen \u00a9 Doppeladler.com\"><\/a><a class=\"penci-gallery-ite item-gallery-justified\" href=\"https:\/\/www.doppeladler.com\/da\/wp-content\/uploads\/2017\/05\/sboot-5.jpg\" data-cap=\"Sturm- und Flachwasserboot Watercat M9 \u00a9 Doppeladler.com\"><img decoding=\"async\" src=\"https:\/\/www.doppeladler.com\/da\/wp-content\/uploads\/2017\/05\/sboot-5.jpg\" alt=\"Sturm- und Flachwasserboot Watercat M9 \u00a9 Doppeladler.com\" title=\"Sturm- und Flachwasserboot Watercat M9 \u00a9 Doppeladler.com\"><\/a><a class=\"penci-gallery-ite item-gallery-justified\" href=\"https:\/\/www.doppeladler.com\/da\/wp-content\/uploads\/2017\/05\/faehre-5.jpg\" data-cap=\"25 t F\u00e4hre mit Bergepanzer Greif A1 \u00a9 Doppeladler.com\"><img decoding=\"async\" src=\"https:\/\/www.doppeladler.com\/da\/wp-content\/uploads\/2017\/05\/faehre-5.jpg\" alt=\"25 t F\u00e4hre mit Bergepanzer Greif A1 \u00a9 Doppeladler.com\" title=\"25 t F\u00e4hre mit Bergepanzer Greif A1 \u00a9 Doppeladler.com\"><\/a><a class=\"penci-gallery-ite item-gallery-justified\" href=\"https:\/\/www.doppeladler.com\/da\/wp-content\/uploads\/2017\/05\/faehre-8.jpg\" data-cap=\"25 t F\u00e4hre mit Bergepanzer Greif A1 \u00a9 Doppeladler.com\"><img decoding=\"async\" src=\"https:\/\/www.doppeladler.com\/da\/wp-content\/uploads\/2017\/05\/faehre-8.jpg\" alt=\"25 t F\u00e4hre mit Bergepanzer Greif A1 \u00a9 Doppeladler.com\" title=\"25 t F\u00e4hre mit Bergepanzer Greif A1 \u00a9 Doppeladler.com\"><\/a><a class=\"penci-gallery-ite item-gallery-justified\" href=\"https:\/\/www.doppeladler.com\/da\/wp-content\/uploads\/2017\/05\/faltstrasse-1.jpg\" data-cap=\"Faltstra\u00dfenger\u00e4t FSG in Marschstellung \u00a9 Doppeladler.com\"><img decoding=\"async\" src=\"https:\/\/www.doppeladler.com\/da\/wp-content\/uploads\/2017\/05\/faltstrasse-1.jpg\" alt=\"Faltstra\u00dfenger\u00e4t FSG in Marschstellung \u00a9 Doppeladler.com\" title=\"Faltstra\u00dfenger\u00e4t FSG in Marschstellung \u00a9 Doppeladler.com\"><\/a><a class=\"penci-gallery-ite item-gallery-justified\" href=\"https:\/\/www.doppeladler.com\/da\/wp-content\/uploads\/2017\/05\/faltstrasse-2.jpg\" data-cap=\"Faltstra\u00dfenger\u00e4t FSG \u00a9 Doppeladler.com\"><img decoding=\"async\" src=\"https:\/\/www.doppeladler.com\/da\/wp-content\/uploads\/2017\/05\/faltstrasse-2.jpg\" alt=\"Faltstra\u00dfenger\u00e4t FSG \u00a9 Doppeladler.com\" title=\"Faltstra\u00dfenger\u00e4t FSG \u00a9 Doppeladler.com\"><\/a><a class=\"penci-gallery-ite item-gallery-justified\" href=\"https:\/\/www.doppeladler.com\/da\/wp-content\/uploads\/2017\/05\/faltstrasse-3.jpg\" data-cap=\"Faltstra\u00dfenger\u00e4t FSG \u00a9 Doppeladler.com\"><img decoding=\"async\" src=\"https:\/\/www.doppeladler.com\/da\/wp-content\/uploads\/2017\/05\/faltstrasse-3.jpg\" alt=\"Faltstra\u00dfenger\u00e4t FSG \u00a9 Doppeladler.com\" title=\"Faltstra\u00dfenger\u00e4t FSG \u00a9 Doppeladler.com\"><\/a><a class=\"penci-gallery-ite item-gallery-justified\" href=\"https:\/\/www.doppeladler.com\/da\/wp-content\/uploads\/2017\/05\/jcb-3.jpg\" data-cap=\"Radlader JCB 436BHT \u00a9 Doppeladler.com\"><img decoding=\"async\" src=\"https:\/\/www.doppeladler.com\/da\/wp-content\/uploads\/2017\/05\/jcb-3.jpg\" alt=\"Radlader JCB 436BHT \u00a9 Doppeladler.com\" title=\"Radlader JCB 436BHT \u00a9 Doppeladler.com\"><\/a><a class=\"penci-gallery-ite item-gallery-justified\" href=\"https:\/\/www.doppeladler.com\/da\/wp-content\/uploads\/2017\/05\/fuchs-7.jpg\" data-cap=\"Transportpanzer Fuchs \u00a9 Doppeladler.com\"><img decoding=\"async\" src=\"https:\/\/www.doppeladler.com\/da\/wp-content\/uploads\/2017\/05\/fuchs-7.jpg\" alt=\"Transportpanzer Fuchs \u00a9 Doppeladler.com\" title=\"Transportpanzer Fuchs \u00a9 Doppeladler.com\"><\/a><a class=\"penci-gallery-ite item-gallery-justified\" href=\"https:\/\/www.doppeladler.com\/da\/wp-content\/uploads\/2017\/05\/fuchs-14.jpg\" data-cap=\"Transportpanzer Fuchs \u00a9 Doppeladler.com\"><img decoding=\"async\" src=\"https:\/\/www.doppeladler.com\/da\/wp-content\/uploads\/2017\/05\/fuchs-14.jpg\" alt=\"Transportpanzer Fuchs \u00a9 Doppeladler.com\" title=\"Transportpanzer Fuchs \u00a9 Doppeladler.com\"><\/a><a class=\"penci-gallery-ite item-gallery-justified\" href=\"https:\/\/www.doppeladler.com\/da\/wp-content\/uploads\/2017\/05\/sboot-6.jpg\" data-cap=\"Sturm- und Flachwasserboot Watercat M9 \u00a9 Doppeladler.com\"><img decoding=\"async\" src=\"https:\/\/www.doppeladler.com\/da\/wp-content\/uploads\/2017\/05\/sboot-6.jpg\" alt=\"Sturm- und Flachwasserboot Watercat M9 \u00a9 Doppeladler.com\" title=\"Sturm- und Flachwasserboot Watercat M9 \u00a9 Doppeladler.com\"><\/a><a class=\"penci-gallery-ite item-gallery-justified\" href=\"https:\/\/www.doppeladler.com\/da\/wp-content\/uploads\/2017\/05\/sboot-11.jpg\" data-cap=\"Sturm- und Flachwasserboot Watercat M9 \u00a9 Doppeladler.com\"><img decoding=\"async\" src=\"https:\/\/www.doppeladler.com\/da\/wp-content\/uploads\/2017\/05\/sboot-11.jpg\" alt=\"Sturm- und Flachwasserboot Watercat M9 \u00a9 Doppeladler.com\" title=\"Sturm- und Flachwasserboot Watercat M9 \u00a9 Doppeladler.com\"><\/a><a class=\"penci-gallery-ite item-gallery-justified\" href=\"https:\/\/www.doppeladler.com\/da\/wp-content\/uploads\/2017\/05\/greif-3.jpg\" data-cap=\"Bergepanzer Greif A1 \u00a9 Doppeladler.com\"><img decoding=\"async\" src=\"https:\/\/www.doppeladler.com\/da\/wp-content\/uploads\/2017\/05\/greif-3.jpg\" alt=\"Bergepanzer Greif A1 \u00a9 Doppeladler.com\" title=\"Bergepanzer Greif A1 \u00a9 Doppeladler.com\"><\/a><a class=\"penci-gallery-ite item-gallery-justified\" href=\"https:\/\/www.doppeladler.com\/da\/wp-content\/uploads\/2017\/05\/hagglunds.jpg\" data-cap=\"H\u00e4gglunds \u00a9 Doppeladler.com\"><img decoding=\"async\" src=\"https:\/\/www.doppeladler.com\/da\/wp-content\/uploads\/2017\/05\/hagglunds.jpg\" alt=\"H\u00e4gglunds \u00a9 Doppeladler.com\" title=\"H\u00e4gglunds \u00a9 Doppeladler.com\"><\/a><a class=\"penci-gallery-ite item-gallery-justified\" href=\"https:\/\/www.doppeladler.com\/da\/wp-content\/uploads\/2017\/05\/haken-1.jpg\" data-cap=\"Geh\u00e4rteter Hakenlast-LKW MAN 38.440 8x8 \u00d6BH \u00a9 Doppeladler.com\"><img decoding=\"async\" src=\"https:\/\/www.doppeladler.com\/da\/wp-content\/uploads\/2017\/05\/haken-1.jpg\" alt=\"Geh\u00e4rteter Hakenlast-LKW MAN 38.440 8x8 \u00d6BH \u00a9 Doppeladler.com\" title=\"Geh\u00e4rteter Hakenlast-LKW MAN 38.440 8&#215;8 \u00d6BH \u00a9 Doppeladler.com\"><\/a><a class=\"penci-gallery-ite item-gallery-justified\" href=\"https:\/\/www.doppeladler.com\/da\/wp-content\/uploads\/2017\/05\/husar-1.jpg\" data-cap=\"Gesch\u00fctztes Mehrzweckfahrzeug Husar (IVECO LMV) \u00a9 Doppeladler.com\"><img decoding=\"async\" src=\"https:\/\/www.doppeladler.com\/da\/wp-content\/uploads\/2017\/05\/husar-1.jpg\" alt=\"Gesch\u00fctztes Mehrzweckfahrzeug Husar (IVECO LMV) \u00a9 Doppeladler.com\" title=\"Gesch\u00fctztes Mehrzweckfahrzeug Husar (IVECO LMV) \u00a9 Doppeladler.com\"><\/a><a class=\"penci-gallery-ite item-gallery-justified\" href=\"https:\/\/www.doppeladler.com\/da\/wp-content\/uploads\/2017\/05\/jcb-1.jpg\" data-cap=\"Hydraulikbagger Komatsu PC138US-10 \u00a9 Doppeladler.com\"><img decoding=\"async\" src=\"https:\/\/www.doppeladler.com\/da\/wp-content\/uploads\/2017\/05\/jcb-1.jpg\" alt=\"Hydraulikbagger Komatsu PC138US-10 \u00a9 Doppeladler.com\" title=\"Hydraulikbagger Komatsu PC138US-10 \u00a9 Doppeladler.com\"><\/a><a class=\"penci-gallery-ite item-gallery-justified\" href=\"https:\/\/www.doppeladler.com\/da\/wp-content\/uploads\/2017\/05\/jcb-4.jpg\" data-cap=\"Baggerlader JCB Sitemaster 4CX Servo \u00a9 Doppeladler.com\"><img decoding=\"async\" src=\"https:\/\/www.doppeladler.com\/da\/wp-content\/uploads\/2017\/05\/jcb-4.jpg\" alt=\"Baggerlader JCB Sitemaster 4CX Servo \u00a9 Doppeladler.com\" title=\"Baggerlader JCB Sitemaster 4CX Servo \u00a9 Doppeladler.com\"><\/a><a class=\"penci-gallery-ite item-gallery-justified\" href=\"https:\/\/www.doppeladler.com\/da\/wp-content\/uploads\/2017\/05\/kette-1.jpg\" data-cap=\"Raupenschlepper ATS-59 sowjetischer Bauart \u00a9 Doppeladler.com\"><img decoding=\"async\" src=\"https:\/\/www.doppeladler.com\/da\/wp-content\/uploads\/2017\/05\/kette-1.jpg\" alt=\"Raupenschlepper ATS-59 sowjetischer Bauart \u00a9 Doppeladler.com\" title=\"Raupenschlepper ATS-59 sowjetischer Bauart \u00a9 Doppeladler.com\"><\/a><a class=\"penci-gallery-ite item-gallery-justified\" href=\"https:\/\/www.doppeladler.com\/da\/wp-content\/uploads\/2017\/05\/fuchs-12.jpg\" data-cap=\"Transportpanzer Fuchs \u00a9 Doppeladler.com\"><img decoding=\"async\" src=\"https:\/\/www.doppeladler.com\/da\/wp-content\/uploads\/2017\/05\/fuchs-12.jpg\" alt=\"Transportpanzer Fuchs \u00a9 Doppeladler.com\" title=\"Transportpanzer Fuchs \u00a9 Doppeladler.com\"><\/a><a class=\"penci-gallery-ite item-gallery-justified\" href=\"https:\/\/www.doppeladler.com\/da\/wp-content\/uploads\/2017\/05\/leo-3.jpg\" data-cap=\"Kampfpanzer Leopard 2A4 \u00a9 Doppeladler.com\"><img decoding=\"async\" src=\"https:\/\/www.doppeladler.com\/da\/wp-content\/uploads\/2017\/05\/leo-3.jpg\" alt=\"Kampfpanzer Leopard 2A4 \u00a9 Doppeladler.com\" title=\"Kampfpanzer Leopard 2A4 \u00a9 Doppeladler.com\"><\/a><a class=\"penci-gallery-ite item-gallery-justified\" href=\"https:\/\/www.doppeladler.com\/da\/wp-content\/uploads\/2017\/05\/faehre-3.jpg\" data-cap=\"25 t F\u00e4hre mit Bergepanzer Greif A1 \u00a9 Doppeladler.com\"><img decoding=\"async\" src=\"https:\/\/www.doppeladler.com\/da\/wp-content\/uploads\/2017\/05\/faehre-3.jpg\" alt=\"25 t F\u00e4hre mit Bergepanzer Greif A1 \u00a9 Doppeladler.com\" title=\"25 t F\u00e4hre mit Bergepanzer Greif A1 \u00a9 Doppeladler.com\"><\/a><a class=\"penci-gallery-ite item-gallery-justified\" href=\"https:\/\/www.doppeladler.com\/da\/wp-content\/uploads\/2017\/05\/faehre-2.jpg\" data-cap=\"Pioniere auf der 25 t F\u00e4hre \u00a9 Doppeladler.com\"><img decoding=\"async\" src=\"https:\/\/www.doppeladler.com\/da\/wp-content\/uploads\/2017\/05\/faehre-2.jpg\" alt=\"Pioniere auf der 25 t F\u00e4hre \u00a9 Doppeladler.com\" title=\"Pioniere auf der 25 t F\u00e4hre \u00a9 Doppeladler.com\"><\/a><a class=\"penci-gallery-ite item-gallery-justified\" href=\"https:\/\/www.doppeladler.com\/da\/wp-content\/uploads\/2017\/05\/liebherr-1.jpg\" data-cap=\"Liebherr Bergekran LTM 1040\/1 \u00a9 Doppeladler.com\"><img decoding=\"async\" src=\"https:\/\/www.doppeladler.com\/da\/wp-content\/uploads\/2017\/05\/liebherr-1.jpg\" alt=\"Liebherr Bergekran LTM 1040\/1 \u00a9 Doppeladler.com\" title=\"Liebherr Bergekran LTM 1040\/1 \u00a9 Doppeladler.com\"><\/a><a class=\"penci-gallery-ite item-gallery-justified\" href=\"https:\/\/www.doppeladler.com\/da\/wp-content\/uploads\/2017\/05\/man-1.jpg\" data-cap=\"MAN TGS 41.480 8X8 \u00a9 Doppeladler.com\"><img decoding=\"async\" src=\"https:\/\/www.doppeladler.com\/da\/wp-content\/uploads\/2017\/05\/man-1.jpg\" alt=\"MAN TGS 41.480 8X8 \u00a9 Doppeladler.com\" title=\"MAN TGS 41.480 8X8 \u00a9 Doppeladler.com\"><\/a><a class=\"penci-gallery-ite item-gallery-justified\" href=\"https:\/\/www.doppeladler.com\/da\/wp-content\/uploads\/2017\/05\/man-3.jpg\" data-cap=\"Spezialkraftwagen MAN SX32.444 8\u00d78 SS mit 40t Kran \u00a9 Doppeladler.com\"><img decoding=\"async\" src=\"https:\/\/www.doppeladler.com\/da\/wp-content\/uploads\/2017\/05\/man-3.jpg\" alt=\"Spezialkraftwagen MAN SX32.444 8\u00d78 SS mit 40t Kran \u00a9 Doppeladler.com\" title=\"Spezialkraftwagen MAN SX32.444 8\u00d78 SS mit 40t Kran \u00a9 Doppeladler.com\"><\/a><a class=\"penci-gallery-ite item-gallery-justified\" href=\"https:\/\/www.doppeladler.com\/da\/wp-content\/uploads\/2017\/05\/man-5.jpg\" data-cap=\"MAN TGS 41.480 8x8 mit Kipperaufbau \u00a9 Doppeladler.com\"><img decoding=\"async\" src=\"https:\/\/www.doppeladler.com\/da\/wp-content\/uploads\/2017\/05\/man-5.jpg\" alt=\"MAN TGS 41.480 8x8 mit Kipperaufbau \u00a9 Doppeladler.com\" title=\"MAN TGS 41.480 8&#215;8 mit Kipperaufbau \u00a9 Doppeladler.com\"><\/a><a class=\"penci-gallery-ite item-gallery-justified\" href=\"https:\/\/www.doppeladler.com\/da\/wp-content\/uploads\/2017\/05\/man-7.jpg\" data-cap=\"\u00d6AF 33.403 DFAS Sattelzugmaschine mit Satteltiefladeanh\u00e4nger 30t TL\u00dc\/S30L \u00a9 Doppeladler.com\"><img decoding=\"async\" src=\"https:\/\/www.doppeladler.com\/da\/wp-content\/uploads\/2017\/05\/man-7.jpg\" alt=\"\u00d6AF 33.403 DFAS Sattelzugmaschine mit Satteltiefladeanh\u00e4nger 30t TL\u00dc\/S30L \u00a9 Doppeladler.com\" title=\"\u00d6AF 33.403 DFAS Sattelzugmaschine mit Satteltiefladeanh\u00e4nger 30t TL\u00dc\/S30L \u00a9 Doppeladler.com\"><\/a><a class=\"penci-gallery-ite item-gallery-justified\" href=\"https:\/\/www.doppeladler.com\/da\/wp-content\/uploads\/2017\/05\/fuchs-3.jpg\" data-cap=\"Transportpanzer Fuchs \u00a9 Doppeladler.com\"><img decoding=\"async\" src=\"https:\/\/www.doppeladler.com\/da\/wp-content\/uploads\/2017\/05\/fuchs-3.jpg\" alt=\"Transportpanzer Fuchs \u00a9 Doppeladler.com\" title=\"Transportpanzer Fuchs \u00a9 Doppeladler.com\"><\/a><a class=\"penci-gallery-ite item-gallery-justified\" href=\"https:\/\/www.doppeladler.com\/da\/wp-content\/uploads\/2017\/05\/man-8.jpg\" data-cap=\"MAN 12.240 4x4 BL mit Wechselaufbau &quot;Feldkabeltrupp&quot; \u00a9 Doppeladler.com\"><img decoding=\"async\" src=\"https:\/\/www.doppeladler.com\/da\/wp-content\/uploads\/2017\/05\/man-8.jpg\" alt=\"MAN 12.240 4x4 BL mit Wechselaufbau &quot;Feldkabeltrupp&quot; \u00a9 Doppeladler.com\" title=\"MAN 12.240 4&#215;4 BL mit Wechselaufbau &#8222;Feldkabeltrupp&#8220; \u00a9 Doppeladler.com\"><\/a><a class=\"penci-gallery-ite item-gallery-justified\" href=\"https:\/\/www.doppeladler.com\/da\/wp-content\/uploads\/2017\/05\/manitou-1.jpg\" data-cap=\"Teleskoparm-Stapler Manitou MRT 2150 Turbo \u00a9 Doppeladler.com\"><img decoding=\"async\" src=\"https:\/\/www.doppeladler.com\/da\/wp-content\/uploads\/2017\/05\/manitou-1.jpg\" alt=\"Teleskoparm-Stapler Manitou MRT 2150 Turbo \u00a9 Doppeladler.com\" title=\"Teleskoparm-Stapler Manitou MRT 2150 Turbo \u00a9 Doppeladler.com\"><\/a><a class=\"penci-gallery-ite item-gallery-justified\" href=\"https:\/\/www.doppeladler.com\/da\/wp-content\/uploads\/2017\/05\/mboot1.jpg\" data-cap=\"M-Boot 80 \u00a9 Doppeladler.com\"><img decoding=\"async\" src=\"https:\/\/www.doppeladler.com\/da\/wp-content\/uploads\/2017\/05\/mboot1.jpg\" alt=\"M-Boot 80 \u00a9 Doppeladler.com\" title=\"M-Boot 80 \u00a9 Doppeladler.com\"><\/a><a class=\"penci-gallery-ite item-gallery-justified\" href=\"https:\/\/www.doppeladler.com\/da\/wp-content\/uploads\/2017\/05\/mboot-3.jpg\" data-cap=\"M-Boot 80 \u00a9 Doppeladler.com\"><img decoding=\"async\" src=\"https:\/\/www.doppeladler.com\/da\/wp-content\/uploads\/2017\/05\/mboot-3.jpg\" alt=\"M-Boot 80 \u00a9 Doppeladler.com\" title=\"M-Boot 80 \u00a9 Doppeladler.com\"><\/a><a class=\"penci-gallery-ite item-gallery-justified\" href=\"https:\/\/www.doppeladler.com\/da\/wp-content\/uploads\/2017\/05\/mg74-1.jpg\" data-cap=\"7,62 mm MG am Dach des TPz Fuchs \u00a9 Doppeladler.com\"><img decoding=\"async\" src=\"https:\/\/www.doppeladler.com\/da\/wp-content\/uploads\/2017\/05\/mg74-1.jpg\" alt=\"7,62 mm MG am Dach des TPz Fuchs \u00a9 Doppeladler.com\" title=\"7,62 mm MG am Dach des TPz Fuchs \u00a9 Doppeladler.com\"><\/a><a class=\"penci-gallery-ite item-gallery-justified\" href=\"https:\/\/www.doppeladler.com\/da\/wp-content\/uploads\/2017\/05\/mischer-1.jpg\" data-cap=\"CARMIX Umkehrmischer 3,5 Tonnen \u00a9 Doppeladler.com\"><img decoding=\"async\" src=\"https:\/\/www.doppeladler.com\/da\/wp-content\/uploads\/2017\/05\/mischer-1.jpg\" alt=\"CARMIX Umkehrmischer 3,5 Tonnen \u00a9 Doppeladler.com\" title=\"CARMIX Umkehrmischer 3,5 Tonnen \u00a9 Doppeladler.com\"><\/a><a class=\"penci-gallery-ite item-gallery-justified\" href=\"https:\/\/www.doppeladler.com\/da\/wp-content\/uploads\/2017\/05\/motorrad-1.jpg\" data-cap=\"Motocross \u00a9 Doppeladler.com\"><img decoding=\"async\" src=\"https:\/\/www.doppeladler.com\/da\/wp-content\/uploads\/2017\/05\/motorrad-1.jpg\" alt=\"Motocross \u00a9 Doppeladler.com\" title=\"Motocross \u00a9 Doppeladler.com\"><\/a><a class=\"penci-gallery-ite item-gallery-justified\" href=\"https:\/\/www.doppeladler.com\/da\/wp-content\/uploads\/2017\/05\/faehre-6.jpg\" data-cap=\"25 t F\u00e4hre mit Bergepanzer Greif A1 \u00a9 Doppeladler.com\"><img decoding=\"async\" src=\"https:\/\/www.doppeladler.com\/da\/wp-content\/uploads\/2017\/05\/faehre-6.jpg\" alt=\"25 t F\u00e4hre mit Bergepanzer Greif A1 \u00a9 Doppeladler.com\" title=\"25 t F\u00e4hre mit Bergepanzer Greif A1 \u00a9 Doppeladler.com\"><\/a><a class=\"penci-gallery-ite item-gallery-justified\" href=\"https:\/\/www.doppeladler.com\/da\/wp-content\/uploads\/2017\/05\/mp9.jpg\" data-cap=\"5,7 mm Maschinenpistole P90 Tactical von FN Herstal der Milit\u00e4rpolizei \u00a9 Doppeladler.com\"><img decoding=\"async\" src=\"https:\/\/www.doppeladler.com\/da\/wp-content\/uploads\/2017\/05\/mp9.jpg\" alt=\"5,7 mm Maschinenpistole P90 Tactical von FN Herstal der Milit\u00e4rpolizei \u00a9 Doppeladler.com\" title=\"5,7 mm Maschinenpistole P90 Tactical von FN Herstal der Milit\u00e4rpolizei \u00a9 Doppeladler.com\"><\/a><a class=\"penci-gallery-ite item-gallery-justified\" href=\"https:\/\/www.doppeladler.com\/da\/wp-content\/uploads\/2017\/05\/niederoesterreich-2.jpg\" data-cap=\"Museumsst\u00fcck: Patrouillenboot Nieder\u00f6sterreich \u00a9 Doppeladler.com\"><img decoding=\"async\" src=\"https:\/\/www.doppeladler.com\/da\/wp-content\/uploads\/2017\/05\/niederoesterreich-2.jpg\" alt=\"Museumsst\u00fcck: Patrouillenboot Nieder\u00f6sterreich \u00a9 Doppeladler.com\" title=\"Museumsst\u00fcck: Patrouillenboot Nieder\u00f6sterreich \u00a9 Doppeladler.com\"><\/a><a class=\"penci-gallery-ite item-gallery-justified\" href=\"https:\/\/www.doppeladler.com\/da\/wp-content\/uploads\/2017\/05\/fuchs-13.jpg\" data-cap=\"Transportpanzer Fuchs der Bundeswehr \u00a9 Doppeladler.com\"><img decoding=\"async\" src=\"https:\/\/www.doppeladler.com\/da\/wp-content\/uploads\/2017\/05\/fuchs-13.jpg\" alt=\"Transportpanzer Fuchs der Bundeswehr \u00a9 Doppeladler.com\" title=\"Transportpanzer Fuchs der Bundeswehr \u00a9 Doppeladler.com\"><\/a><a class=\"penci-gallery-ite item-gallery-justified\" href=\"https:\/\/www.doppeladler.com\/da\/wp-content\/uploads\/2017\/05\/oeaf-1.jpg\" data-cap=\"Gel\u00e4ndeg\u00e4ngiger Zugkraftwagen \u00d6AF 34.440 VFA mit Tiefladesystem 55t Goldhofer \u00a9 Doppeladler.com\"><img decoding=\"async\" src=\"https:\/\/www.doppeladler.com\/da\/wp-content\/uploads\/2017\/05\/oeaf-1.jpg\" alt=\"Gel\u00e4ndeg\u00e4ngiger Zugkraftwagen \u00d6AF 34.440 VFA mit Tiefladesystem 55t Goldhofer \u00a9 Doppeladler.com\" title=\"Gel\u00e4ndeg\u00e4ngiger Zugkraftwagen \u00d6AF 34.440 VFA mit Tiefladesystem 55t Goldhofer \u00a9 Doppeladler.com\"><\/a><a class=\"penci-gallery-ite item-gallery-justified\" href=\"https:\/\/www.doppeladler.com\/da\/wp-content\/uploads\/2017\/05\/transporter-1.jpg\" data-cap=\"Gel\u00e4ndeg\u00e4ngiger Zugkraftwagen \u00d6AF 34.440 VFA mit Tiefladesystem 55t Goldhofer \u00a9 Doppeladler.com\"><img decoding=\"async\" src=\"https:\/\/www.doppeladler.com\/da\/wp-content\/uploads\/2017\/05\/transporter-1.jpg\" alt=\"Gel\u00e4ndeg\u00e4ngiger Zugkraftwagen \u00d6AF 34.440 VFA mit Tiefladesystem 55t Goldhofer \u00a9 Doppeladler.com\" title=\"Gel\u00e4ndeg\u00e4ngiger Zugkraftwagen \u00d6AF 34.440 VFA mit Tiefladesystem 55t Goldhofer \u00a9 Doppeladler.com\"><\/a><a class=\"penci-gallery-ite item-gallery-justified\" href=\"https:\/\/www.doppeladler.com\/da\/wp-content\/uploads\/2017\/05\/paus-4.jpg\" data-cap=\"Neu: PAUS Senkmuldenkipper SMK 163 \u00a9 Doppeladler.com\"><img decoding=\"async\" src=\"https:\/\/www.doppeladler.com\/da\/wp-content\/uploads\/2017\/05\/paus-4.jpg\" alt=\"Neu: PAUS Senkmuldenkipper SMK 163 \u00a9 Doppeladler.com\" title=\"Neu: PAUS Senkmuldenkipper SMK 163 \u00a9 Doppeladler.com\"><\/a><a class=\"penci-gallery-ite item-gallery-justified\" href=\"https:\/\/www.doppeladler.com\/da\/wp-content\/uploads\/2017\/05\/paus-2.jpg\" data-cap=\"Neu: PAUS Teleskopschwenklader TSL 855 \u00a9 Doppeladler.com\"><img decoding=\"async\" src=\"https:\/\/www.doppeladler.com\/da\/wp-content\/uploads\/2017\/05\/paus-2.jpg\" alt=\"Neu: PAUS Teleskopschwenklader TSL 855 \u00a9 Doppeladler.com\" title=\"Neu: PAUS Teleskopschwenklader TSL 855 \u00a9 Doppeladler.com\"><\/a><a class=\"penci-gallery-ite item-gallery-justified\" href=\"https:\/\/www.doppeladler.com\/da\/wp-content\/uploads\/2017\/05\/pinzgauer-1.jpg\" data-cap=\"\u00d6AF 19.403 4x4 und Pinzgauer 4x4 \u00a9 Doppeladler.com\"><img decoding=\"async\" src=\"https:\/\/www.doppeladler.com\/da\/wp-content\/uploads\/2017\/05\/pinzgauer-1.jpg\" alt=\"\u00d6AF 19.403 4x4 und Pinzgauer 4x4 \u00a9 Doppeladler.com\" title=\"\u00d6AF 19.403 4&#215;4 und Pinzgauer 4&#215;4 \u00a9 Doppeladler.com\"><\/a><a class=\"penci-gallery-ite item-gallery-justified\" href=\"https:\/\/www.doppeladler.com\/da\/wp-content\/uploads\/2017\/05\/leo-5.jpg\" data-cap=\"Kampfpanzer Leopard 2A4 \u00a9 Doppeladler.com\"><img decoding=\"async\" src=\"https:\/\/www.doppeladler.com\/da\/wp-content\/uploads\/2017\/05\/leo-5.jpg\" alt=\"Kampfpanzer Leopard 2A4 \u00a9 Doppeladler.com\" title=\"Kampfpanzer Leopard 2A4 \u00a9 Doppeladler.com\"><\/a><a class=\"penci-gallery-ite item-gallery-justified\" href=\"https:\/\/www.doppeladler.com\/da\/wp-content\/uploads\/2017\/05\/pionierbruecke-1.jpg\" data-cap=\"Konvoi f\u00fcr Pionierbr\u00fccke 2000 f\u00fcr bis zu 40 m lange Br\u00fccken \u00a9 Doppeladler.com\"><img decoding=\"async\" src=\"https:\/\/www.doppeladler.com\/da\/wp-content\/uploads\/2017\/05\/pionierbruecke-1.jpg\" alt=\"Konvoi f\u00fcr Pionierbr\u00fccke 2000 f\u00fcr bis zu 40 m lange Br\u00fccken \u00a9 Doppeladler.com\" title=\"Konvoi f\u00fcr Pionierbr\u00fccke 2000 f\u00fcr bis zu 40 m lange Br\u00fccken \u00a9 Doppeladler.com\"><\/a><a class=\"penci-gallery-ite item-gallery-justified\" href=\"https:\/\/www.doppeladler.com\/da\/wp-content\/uploads\/2017\/05\/faehre-1.jpg\" data-cap=\"25 t F\u00e4hre mit Bergepanzer Greif A1 \u00a9 Doppeladler.com\"><img decoding=\"async\" src=\"https:\/\/www.doppeladler.com\/da\/wp-content\/uploads\/2017\/05\/faehre-1.jpg\" alt=\"25 t F\u00e4hre mit Bergepanzer Greif A1 \u00a9 Doppeladler.com\" title=\"25 t F\u00e4hre mit Bergepanzer Greif A1 \u00a9 Doppeladler.com\"><\/a><a class=\"penci-gallery-ite item-gallery-justified\" href=\"https:\/\/www.doppeladler.com\/da\/wp-content\/uploads\/2017\/05\/fuchs-2.jpg\" data-cap=\"Transportpanzer Fuchs \u00a9 Doppeladler.com\"><img decoding=\"async\" src=\"https:\/\/www.doppeladler.com\/da\/wp-content\/uploads\/2017\/05\/fuchs-2.jpg\" alt=\"Transportpanzer Fuchs \u00a9 Doppeladler.com\" title=\"Transportpanzer Fuchs \u00a9 Doppeladler.com\"><\/a><a class=\"penci-gallery-ite item-gallery-justified\" href=\"https:\/\/www.doppeladler.com\/da\/wp-content\/uploads\/2017\/05\/greif-1.jpg\" data-cap=\"Pionierpanzer A1 \u00a9 Doppeladler.com\"><img decoding=\"async\" src=\"https:\/\/www.doppeladler.com\/da\/wp-content\/uploads\/2017\/05\/greif-1.jpg\" alt=\"Pionierpanzer A1 \u00a9 Doppeladler.com\" title=\"Pionierpanzer A1 \u00a9 Doppeladler.com\"><\/a><a class=\"penci-gallery-ite item-gallery-justified\" href=\"https:\/\/www.doppeladler.com\/da\/wp-content\/uploads\/2017\/05\/pionierpanzer-1.jpg\" data-cap=\"Pionierpanzer A1 \u00a9 Doppeladler.com\"><img decoding=\"async\" src=\"https:\/\/www.doppeladler.com\/da\/wp-content\/uploads\/2017\/05\/pionierpanzer-1.jpg\" alt=\"Pionierpanzer A1 \u00a9 Doppeladler.com\" title=\"Pionierpanzer A1 \u00a9 Doppeladler.com\"><\/a><a class=\"penci-gallery-ite item-gallery-justified\" href=\"https:\/\/www.doppeladler.com\/da\/wp-content\/uploads\/2017\/05\/sboot-3.jpg\" data-cap=\"Sturm- und Flachwasserboot Watercat M9 \u00a9 Doppeladler.com\"><img decoding=\"async\" src=\"https:\/\/www.doppeladler.com\/da\/wp-content\/uploads\/2017\/05\/sboot-3.jpg\" alt=\"Sturm- und Flachwasserboot Watercat M9 \u00a9 Doppeladler.com\" title=\"Sturm- und Flachwasserboot Watercat M9 \u00a9 Doppeladler.com\"><\/a><a class=\"penci-gallery-ite item-gallery-justified\" href=\"https:\/\/www.doppeladler.com\/da\/wp-content\/uploads\/2017\/05\/sboot-4.jpg\" data-cap=\"Sturm- und Flachwasserboote Watercat M9 \u00a9 Doppeladler.com\"><img decoding=\"async\" src=\"https:\/\/www.doppeladler.com\/da\/wp-content\/uploads\/2017\/05\/sboot-4.jpg\" alt=\"Sturm- und Flachwasserboote Watercat M9 \u00a9 Doppeladler.com\" title=\"Sturm- und Flachwasserboote Watercat M9 \u00a9 Doppeladler.com\"><\/a><a class=\"penci-gallery-ite item-gallery-justified\" href=\"https:\/\/www.doppeladler.com\/da\/wp-content\/uploads\/2017\/05\/truck-2.jpg\" data-cap=\"Eindrucksvoller Grill: Schwerlasttransporter Oshkosh M911 \u00a9 Doppeladler.com\"><img decoding=\"async\" src=\"https:\/\/www.doppeladler.com\/da\/wp-content\/uploads\/2017\/05\/truck-2.jpg\" alt=\"Eindrucksvoller Grill: Schwerlasttransporter Oshkosh M911 \u00a9 Doppeladler.com\" title=\"Eindrucksvoller Grill: Schwerlasttransporter Oshkosh M911 \u00a9 Doppeladler.com\"><\/a><a class=\"penci-gallery-ite item-gallery-justified\" href=\"https:\/\/www.doppeladler.com\/da\/wp-content\/uploads\/2017\/05\/truck-1.jpg\" data-cap=\"Schwerlasttransporter Oshkosh M911 \u00a9 Doppeladler.com\"><img decoding=\"async\" src=\"https:\/\/www.doppeladler.com\/da\/wp-content\/uploads\/2017\/05\/truck-1.jpg\" alt=\"Schwerlasttransporter Oshkosh M911 \u00a9 Doppeladler.com\" title=\"Schwerlasttransporter Oshkosh M911 \u00a9 Doppeladler.com\"><\/a><a class=\"penci-gallery-ite item-gallery-justified\" href=\"https:\/\/www.doppeladler.com\/da\/wp-content\/uploads\/2017\/05\/unimog-1.jpg\" data-cap=\"UNIMOG U 4000 \u00d6BH mit Wechselaufbau f\u00fcr Patiententransport \u00a9 Doppeladler.com\"><img decoding=\"async\" src=\"https:\/\/www.doppeladler.com\/da\/wp-content\/uploads\/2017\/05\/unimog-1.jpg\" alt=\"UNIMOG U 4000 \u00d6BH mit Wechselaufbau f\u00fcr Patiententransport \u00a9 Doppeladler.com\" title=\"UNIMOG U 4000 \u00d6BH mit Wechselaufbau f\u00fcr Patiententransport \u00a9 Doppeladler.com\"><\/a><a class=\"penci-gallery-ite item-gallery-justified\" href=\"https:\/\/www.doppeladler.com\/da\/wp-content\/uploads\/2017\/05\/jcb-5.jpg\" data-cap=\"Radlader JCB 437 HT \u00a9 Doppeladler.com\"><img decoding=\"async\" src=\"https:\/\/www.doppeladler.com\/da\/wp-content\/uploads\/2017\/05\/jcb-5.jpg\" alt=\"Radlader JCB 437 HT \u00a9 Doppeladler.com\" title=\"Radlader JCB 437 HT \u00a9 Doppeladler.com\"><\/a><a class=\"penci-gallery-ite item-gallery-justified\" href=\"https:\/\/www.doppeladler.com\/da\/wp-content\/uploads\/2017\/05\/man-4.jpg\" data-cap=\"MAN 12.240 4x4 BL \u00a9 Doppeladler.com\"><img decoding=\"async\" src=\"https:\/\/www.doppeladler.com\/da\/wp-content\/uploads\/2017\/05\/man-4.jpg\" alt=\"MAN 12.240 4x4 BL \u00a9 Doppeladler.com\" title=\"MAN 12.240 4&#215;4 BL \u00a9 Doppeladler.com\"><\/a><a class=\"penci-gallery-ite item-gallery-justified\" href=\"https:\/\/www.doppeladler.com\/da\/wp-content\/uploads\/2017\/05\/volvo-1.jpg\" data-cap=\"Volvo G930 Grader \u00a9 Doppeladler.com\"><img decoding=\"async\" src=\"https:\/\/www.doppeladler.com\/da\/wp-content\/uploads\/2017\/05\/volvo-1.jpg\" alt=\"Volvo G930 Grader \u00a9 Doppeladler.com\" title=\"Volvo G930 Grader \u00a9 Doppeladler.com\"><\/a><a class=\"penci-gallery-ite item-gallery-justified\" href=\"https:\/\/www.doppeladler.com\/da\/wp-content\/uploads\/2017\/05\/volvo-2.jpg\" data-cap=\"Kompaktbagger Volvo ECR88D \u00a9 Doppeladler.com\"><img decoding=\"async\" src=\"https:\/\/www.doppeladler.com\/da\/wp-content\/uploads\/2017\/05\/volvo-2.jpg\" alt=\"Kompaktbagger Volvo ECR88D \u00a9 Doppeladler.com\" title=\"Kompaktbagger Volvo ECR88D \u00a9 Doppeladler.com\"><\/a><a class=\"penci-gallery-ite item-gallery-justified\" href=\"https:\/\/www.doppeladler.com\/da\/wp-content\/uploads\/2017\/05\/leo-4.jpg\" data-cap=\"Kampfpanzer Leopard 2A4 \u00a9 Doppeladler.com\"><img decoding=\"async\" src=\"https:\/\/www.doppeladler.com\/da\/wp-content\/uploads\/2017\/05\/leo-4.jpg\" alt=\"Kampfpanzer Leopard 2A4 \u00a9 Doppeladler.com\" title=\"Kampfpanzer Leopard 2A4 \u00a9 Doppeladler.com\"><\/a><a class=\"penci-gallery-ite item-gallery-justified\" href=\"https:\/\/www.doppeladler.com\/da\/wp-content\/uploads\/2017\/05\/fuchs-11.jpg\" data-cap=\"Transportpanzer Fuchs \u00a9 Doppeladler.com\"><img decoding=\"async\" src=\"https:\/\/www.doppeladler.com\/da\/wp-content\/uploads\/2017\/05\/fuchs-11.jpg\" alt=\"Transportpanzer Fuchs \u00a9 Doppeladler.com\" title=\"Transportpanzer Fuchs \u00a9 Doppeladler.com\"><\/a><a class=\"penci-gallery-ite item-gallery-justified\" href=\"https:\/\/www.doppeladler.com\/da\/wp-content\/uploads\/2017\/05\/volvo-3.jpg\" data-cap=\"Mobilbagger Volvo EW180C \u00a9 Doppeladler.com\"><img decoding=\"async\" src=\"https:\/\/www.doppeladler.com\/da\/wp-content\/uploads\/2017\/05\/volvo-3.jpg\" alt=\"Mobilbagger Volvo EW180C \u00a9 Doppeladler.com\" title=\"Mobilbagger Volvo EW180C \u00a9 Doppeladler.com\"><\/a><a class=\"penci-gallery-ite item-gallery-justified\" href=\"https:\/\/www.doppeladler.com\/da\/wp-content\/uploads\/2017\/05\/sboot-10.jpg\" data-cap=\"Sturm- und Flachwasserboot Watercat M9 \u00a9 Doppeladler.com\"><img decoding=\"async\" src=\"https:\/\/www.doppeladler.com\/da\/wp-content\/uploads\/2017\/05\/sboot-10.jpg\" alt=\"Sturm- und Flachwasserboot Watercat M9 \u00a9 Doppeladler.com\" title=\"Sturm- und Flachwasserboot Watercat M9 \u00a9 Doppeladler.com\"><\/a><a class=\"penci-gallery-ite item-gallery-justified\" href=\"https:\/\/www.doppeladler.com\/da\/wp-content\/uploads\/2017\/05\/fuchs-6.jpg\" data-cap=\"Transportpanzer Fuchs \u00a9 Doppeladler.com\"><img decoding=\"async\" src=\"https:\/\/www.doppeladler.com\/da\/wp-content\/uploads\/2017\/05\/fuchs-6.jpg\" alt=\"Transportpanzer Fuchs \u00a9 Doppeladler.com\" title=\"Transportpanzer Fuchs \u00a9 Doppeladler.com\"><\/a><\/div>\n<p>alle Fotos \u00a9 Doppeladler.com<\/p>\n<p><strong>Weiterf\u00fchrende Links:<\/strong><\/p>\n<ul>\n<li><a href=\"http:\/\/www.melker-pioniere.at\" target=\"_blank\" rel=\"noopener noreferrer\">Website der Melker Pioniere<\/a><\/li>\n<\/ul>\n","protected":false},"excerpt":{"rendered":"<p>Am 20. Mai 2017 fand der heurige Tag der offenen T\u00fcr bei den Melker Pionieren (Pionierbataillon 3) am Wasser\u00fcbungsplatz am Fu\u00dfe des Stiftes Melk statt.\u00a0Das in der Birago-Kaserne untergebrachte PiB3 ist dem Kommando Schnelle Eins\u00e4tze unterstellt.<\/p>\n","protected":false},"author":1,"featured_media":11210,"comment_status":"closed","ping_status":"open","sticky":false,"template":"","format":"standard","meta":{"footnotes":""},"categories":[3,37,99],"tags":[38,633,826,555,228,237,898,628,629,942,630],"yoast_head":"<!-- This site is optimized with the Yoast SEO plugin v23.3 - https:\/\/yoast.com\/wordpress\/plugins\/seo\/ -->\n<title>MELKER PIONIERE 2017 | DOPPELADLER.COM<\/title>\n<meta name=\"description\" content=\"Am 20. Mai 2017 fand der heurige Tag der offenen T\u00fcr bei den Melker Pionieren (Pionierbataillon 3) am Wasser\u00fcbungsplatz am Fu\u00dfe des Stiftes Melk statt.\u00a0Das in der Birago-Kaserne untergebrachte PiB3 ist dem Kommando Schnelle Eins\u00e4tze unterstellt.\" \/>\n<meta name=\"robots\" content=\"index, follow, max-snippet:-1, max-image-preview:large, max-video-preview:-1\" \/>\n<link rel=\"canonical\" href=\"https:\/\/www.doppeladler.com\/da\/oebh\/melker-pioniere-2017\/\" \/>\n<meta name=\"twitter:label1\" content=\"Verfasst von\" \/>\n\t<meta name=\"twitter:data1\" content=\"Doppeladler\" \/>\n\t<meta name=\"twitter:label2\" content=\"Gesch\u00e4tzte Lesezeit\" \/>\n\t<meta name=\"twitter:data2\" content=\"1\u00a0Minute\" \/>\n<script type=\"application\/ld+json\" class=\"yoast-schema-graph\">{\"@context\":\"https:\/\/schema.org\",\"@graph\":[{\"@type\":\"WebPage\",\"@id\":\"https:\/\/www.doppeladler.com\/da\/oebh\/melker-pioniere-2017\/\",\"url\":\"https:\/\/www.doppeladler.com\/da\/oebh\/melker-pioniere-2017\/\",\"name\":\"MELKER PIONIERE 2017 | DOPPELADLER.COM\",\"isPartOf\":{\"@id\":\"https:\/\/www.doppeladler.com\/da\/#website\"},\"primaryImageOfPage\":{\"@id\":\"https:\/\/www.doppeladler.com\/da\/oebh\/melker-pioniere-2017\/#primaryimage\"},\"image\":{\"@id\":\"https:\/\/www.doppeladler.com\/da\/oebh\/melker-pioniere-2017\/#primaryimage\"},\"thumbnailUrl\":\"https:\/\/www.doppeladler.com\/da\/wp-content\/uploads\/2017\/05\/title-melk2017.jpg\",\"datePublished\":\"2017-05-26T14:27:10+00:00\",\"dateModified\":\"2018-07-05T08:17:43+00:00\",\"author\":{\"@id\":\"https:\/\/www.doppeladler.com\/da\/#\/schema\/person\/232b998b629b89b24a916becce3e9476\"},\"description\":\"Am 20. Mai 2017 fand der heurige Tag der offenen T\u00fcr bei den Melker Pionieren (Pionierbataillon 3) am Wasser\u00fcbungsplatz am Fu\u00dfe des Stiftes Melk statt.\u00a0Das in der Birago-Kaserne untergebrachte PiB3 ist dem Kommando Schnelle Eins\u00e4tze unterstellt.\",\"breadcrumb\":{\"@id\":\"https:\/\/www.doppeladler.com\/da\/oebh\/melker-pioniere-2017\/#breadcrumb\"},\"inLanguage\":\"de\",\"potentialAction\":[{\"@type\":\"ReadAction\",\"target\":[\"https:\/\/www.doppeladler.com\/da\/oebh\/melker-pioniere-2017\/\"]}]},{\"@type\":\"ImageObject\",\"inLanguage\":\"de\",\"@id\":\"https:\/\/www.doppeladler.com\/da\/oebh\/melker-pioniere-2017\/#primaryimage\",\"url\":\"https:\/\/www.doppeladler.com\/da\/wp-content\/uploads\/2017\/05\/title-melk2017.jpg\",\"contentUrl\":\"https:\/\/www.doppeladler.com\/da\/wp-content\/uploads\/2017\/05\/title-melk2017.jpg\",\"width\":540,\"height\":200,\"caption\":\"Melker Pioniere \u00a9 Doppeladler.com\"},{\"@type\":\"BreadcrumbList\",\"@id\":\"https:\/\/www.doppeladler.com\/da\/oebh\/melker-pioniere-2017\/#breadcrumb\",\"itemListElement\":[{\"@type\":\"ListItem\",\"position\":1,\"name\":\"Startseite\",\"item\":\"https:\/\/www.doppeladler.com\/da\/\"},{\"@type\":\"ListItem\",\"position\":2,\"name\":\"MELKER PIONIERE 2017\"}]},{\"@type\":\"WebSite\",\"@id\":\"https:\/\/www.doppeladler.com\/da\/#website\",\"url\":\"https:\/\/www.doppeladler.com\/da\/\",\"name\":\"DOPPELADLER.COM\",\"description\":\"Plattform f\u00fcr \u00d6sterreichs Milit\u00e4rgeschichte\",\"potentialAction\":[{\"@type\":\"SearchAction\",\"target\":{\"@type\":\"EntryPoint\",\"urlTemplate\":\"https:\/\/www.doppeladler.com\/da\/?s={search_term_string}\"},\"query-input\":\"required name=search_term_string\"}],\"inLanguage\":\"de\"},{\"@type\":\"Person\",\"@id\":\"https:\/\/www.doppeladler.com\/da\/#\/schema\/person\/232b998b629b89b24a916becce3e9476\",\"name\":\"Doppeladler\",\"sameAs\":[\"http:\/\/www.doppeladler.com\"]}]}<\/script>\n<!-- \/ Yoast SEO plugin. -->","yoast_head_json":{"title":"MELKER PIONIERE 2017 | DOPPELADLER.COM","description":"Am 20. Mai 2017 fand der heurige Tag der offenen T\u00fcr bei den Melker Pionieren (Pionierbataillon 3) am Wasser\u00fcbungsplatz am Fu\u00dfe des Stiftes Melk statt.\u00a0Das in der Birago-Kaserne untergebrachte PiB3 ist dem Kommando Schnelle Eins\u00e4tze unterstellt.","robots":{"index":"index","follow":"follow","max-snippet":"max-snippet:-1","max-image-preview":"max-image-preview:large","max-video-preview":"max-video-preview:-1"},"canonical":"https:\/\/www.doppeladler.com\/da\/oebh\/melker-pioniere-2017\/","twitter_misc":{"Verfasst von":"Doppeladler","Gesch\u00e4tzte Lesezeit":"1\u00a0Minute"},"schema":{"@context":"https:\/\/schema.org","@graph":[{"@type":"WebPage","@id":"https:\/\/www.doppeladler.com\/da\/oebh\/melker-pioniere-2017\/","url":"https:\/\/www.doppeladler.com\/da\/oebh\/melker-pioniere-2017\/","name":"MELKER PIONIERE 2017 | DOPPELADLER.COM","isPartOf":{"@id":"https:\/\/www.doppeladler.com\/da\/#website"},"primaryImageOfPage":{"@id":"https:\/\/www.doppeladler.com\/da\/oebh\/melker-pioniere-2017\/#primaryimage"},"image":{"@id":"https:\/\/www.doppeladler.com\/da\/oebh\/melker-pioniere-2017\/#primaryimage"},"thumbnailUrl":"https:\/\/www.doppeladler.com\/da\/wp-content\/uploads\/2017\/05\/title-melk2017.jpg","datePublished":"2017-05-26T14:27:10+00:00","dateModified":"2018-07-05T08:17:43+00:00","author":{"@id":"https:\/\/www.doppeladler.com\/da\/#\/schema\/person\/232b998b629b89b24a916becce3e9476"},"description":"Am 20. Mai 2017 fand der heurige Tag der offenen T\u00fcr bei den Melker Pionieren (Pionierbataillon 3) am Wasser\u00fcbungsplatz am Fu\u00dfe des Stiftes Melk statt.\u00a0Das in der Birago-Kaserne untergebrachte PiB3 ist dem Kommando Schnelle Eins\u00e4tze unterstellt.","breadcrumb":{"@id":"https:\/\/www.doppeladler.com\/da\/oebh\/melker-pioniere-2017\/#breadcrumb"},"inLanguage":"de","potentialAction":[{"@type":"ReadAction","target":["https:\/\/www.doppeladler.com\/da\/oebh\/melker-pioniere-2017\/"]}]},{"@type":"ImageObject","inLanguage":"de","@id":"https:\/\/www.doppeladler.com\/da\/oebh\/melker-pioniere-2017\/#primaryimage","url":"https:\/\/www.doppeladler.com\/da\/wp-content\/uploads\/2017\/05\/title-melk2017.jpg","contentUrl":"https:\/\/www.doppeladler.com\/da\/wp-content\/uploads\/2017\/05\/title-melk2017.jpg","width":540,"height":200,"caption":"Melker Pioniere \u00a9 Doppeladler.com"},{"@type":"BreadcrumbList","@id":"https:\/\/www.doppeladler.com\/da\/oebh\/melker-pioniere-2017\/#breadcrumb","itemListElement":[{"@type":"ListItem","position":1,"name":"Startseite","item":"https:\/\/www.doppeladler.com\/da\/"},{"@type":"ListItem","position":2,"name":"MELKER PIONIERE 2017"}]},{"@type":"WebSite","@id":"https:\/\/www.doppeladler.com\/da\/#website","url":"https:\/\/www.doppeladler.com\/da\/","name":"DOPPELADLER.COM","description":"Plattform f\u00fcr \u00d6sterreichs Milit\u00e4rgeschichte","potentialAction":[{"@type":"SearchAction","target":{"@type":"EntryPoint","urlTemplate":"https:\/\/www.doppeladler.com\/da\/?s={search_term_string}"},"query-input":"required name=search_term_string"}],"inLanguage":"de"},{"@type":"Person","@id":"https:\/\/www.doppeladler.com\/da\/#\/schema\/person\/232b998b629b89b24a916becce3e9476","name":"Doppeladler","sameAs":["http:\/\/www.doppeladler.com"]}]}},"_links":{"self":[{"href":"https:\/\/www.doppeladler.com\/da\/wp-json\/wp\/v2\/posts\/11209"}],"collection":[{"href":"https:\/\/www.doppeladler.com\/da\/wp-json\/wp\/v2\/posts"}],"about":[{"href":"https:\/\/www.doppeladler.com\/da\/wp-json\/wp\/v2\/types\/post"}],"author":[{"embeddable":true,"href":"https:\/\/www.doppeladler.com\/da\/wp-json\/wp\/v2\/users\/1"}],"replies":[{"embeddable":true,"href":"https:\/\/www.doppeladler.com\/da\/wp-json\/wp\/v2\/comments?post=11209"}],"version-history":[{"count":0,"href":"https:\/\/www.doppeladler.com\/da\/wp-json\/wp\/v2\/posts\/11209\/revisions"}],"wp:featuredmedia":[{"embeddable":true,"href":"https:\/\/www.doppeladler.com\/da\/wp-json\/wp\/v2\/media\/11210"}],"wp:attachment":[{"href":"https:\/\/www.doppeladler.com\/da\/wp-json\/wp\/v2\/media?parent=11209"}],"wp:term":[{"taxonomy":"category","embeddable":true,"href":"https:\/\/www.doppeladler.com\/da\/wp-json\/wp\/v2\/categories?post=11209"},{"taxonomy":"post_tag","embeddable":true,"href":"https:\/\/www.doppeladler.com\/da\/wp-json\/wp\/v2\/tags?post=11209"}],"curies":[{"name":"wp","href":"https:\/\/api.w.org\/{rel}","templated":true}]}}